{"id":127927,"date":"2014-01-14T10:27:43","date_gmt":"2014-01-14T09:27:43","guid":{"rendered":"http:\/\/grundschule-homberg.de\/wp\/?p=127927"},"modified":"2014-01-14T10:27:43","modified_gmt":"2014-01-14T09:27:43","slug":"nur-noch-drei-tage-onlinebefragung","status":"publish","type":"post","link":"https:\/\/grundschule-homberg.de\/wp\/?p=127927","title":{"rendered":"Nur noch drei Tage Onlinebefragung!"},"content":{"rendered":"<p>Am Donnerstag, dem\u00a016.01.2014, \u00a0endet\u00a0das Zeitfenster\u00a0der Onlinebefragung f\u00fcr die Schulinspektion.<br \/>\nDie Teilnahme bisher ist sehr gering.<br \/>\nBitte nutzen Sie die letzte M\u00f6glichkeit, Ihre Meinung zu \u00e4u\u00dfern.<\/p>\n<p>Vielen Dank.<\/p>\n<p><span style=\"font-size: x-small;\"><a title=\"Mitteilung Onlinebefragung\" href=\"http:\/\/grundschule-homberg.de\/wp\/?p=38961\">weitere Informationen &gt;&gt;<\/a><\/span><\/p>\n","protected":false},"excerpt":{"rendered":"<p>Am Donnerstag, dem\u00a016.01.2014, \u00a0endet\u00a0das Zeitfenster\u00a0der Onlinebefragung f\u00fcr die Schulinspektion. Die Teilnahme bisher ist sehr gering. Bitte nutzen Sie die letzte M\u00f6glichkeit, Ihre Meinung zu \u00e4u\u00dfern. Vielen Dank. weitere Informationen &gt;&gt;<\/p>\n","protected":false},"author":1,"featured_media":4576,"comment_status":"closed","ping_status":"closed","sticky":false,"template":"","format":"standard","meta":{"ngg_post_thumbnail":0,"_jetpack_memberships_contains_paid_content":false,"footnotes":""},"categories":[1],"tags":[],"class_list":["post-127927","post","type-post","status-publish","format-standard","has-post-thumbnail","hentry","category-allgemein"],"jetpack_featured_media_url":"https:\/\/i0.wp.com\/grundschule-homberg.de\/wp\/wp-content\/uploads\/gruschu-h1-e1498232700138.png?fit=185%2C163&ssl=1","jetpack_shortlink":"https:\/\/wp.me\/p3XuEZ-xhl","jetpack-related-posts":[],"jetpack_sharing_enabled":true,"_links":{"self":[{"href":"https:\/\/grundschule-homberg.de\/wp\/index.php?rest_route=\/wp\/v2\/posts\/127927","targetHints":{"allow":["GET"]}}],"collection":[{"href":"https:\/\/grundschule-homberg.de\/wp\/index.php?rest_route=\/wp\/v2\/posts"}],"about":[{"href":"https:\/\/grundschule-homberg.de\/wp\/index.php?rest_route=\/wp\/v2\/types\/post"}],"author":[{"embeddable":true,"href":"https:\/\/grundschule-homberg.de\/wp\/index.php?rest_route=\/wp\/v2\/users\/1"}],"replies":[{"embeddable":true,"href":"https:\/\/grundschule-homberg.de\/wp\/index.php?rest_route=%2Fwp%2Fv2%2Fcomments&post=127927"}],"version-history":[{"count":1,"href":"https:\/\/grundschule-homberg.de\/wp\/index.php?rest_route=\/wp\/v2\/posts\/127927\/revisions"}],"predecessor-version":[{"id":127928,"href":"https:\/\/grundschule-homberg.de\/wp\/index.php?rest_route=\/wp\/v2\/posts\/127927\/revisions\/127928"}],"wp:featuredmedia":[{"embeddable":true,"href":"https:\/\/grundschule-homberg.de\/wp\/index.php?rest_route=\/wp\/v2\/media\/4576"}],"wp:attachment":[{"href":"https:\/\/grundschule-homberg.de\/wp\/index.php?rest_route=%2Fwp%2Fv2%2Fmedia&parent=127927"}],"wp:term":[{"taxonomy":"category","embeddable":true,"href":"https:\/\/grundschule-homberg.de\/wp\/index.php?rest_route=%2Fwp%2Fv2%2Fcategories&post=127927"},{"taxonomy":"post_tag","embeddable":true,"href":"https:\/\/grundschule-homberg.de\/wp\/index.php?rest_route=%2Fwp%2Fv2%2Ftags&post=127927"}],"curies":[{"name":"wp","href":"https:\/\/api.w.org\/{rel}","templated":true}]}}