{"id":156172,"date":"2014-01-27T09:42:08","date_gmt":"2014-01-27T08:42:08","guid":{"rendered":"http:\/\/grundschule-homberg.de\/wp\/?p=156172"},"modified":"2014-01-27T09:43:58","modified_gmt":"2014-01-27T08:43:58","slug":"jahreshauptversammlung-des-foerdervereins","status":"publish","type":"post","link":"https:\/\/grundschule-homberg.de\/wp\/?p=156172","title":{"rendered":"Jahreshauptversammlung des F\u00f6rdervereins"},"content":{"rendered":"<p align=\"center\"><b><span style=\"text-decoration: underline;\">Einladung zur <\/span><\/b><\/p>\n<p align=\"center\"><b><span style=\"text-decoration: underline;\">Jahreshauptversammlung des<\/span><\/b><\/p>\n<p align=\"center\"><b><span style=\"text-decoration: underline;\">F\u00f6rdervereins der <\/span><\/b><\/p>\n<p align=\"center\"><b><span style=\"text-decoration: underline;\">Grundschule Homberg (Ohm)<\/span><\/b><\/p>\n<p align=\"center\"><b><span style=\"text-decoration: underline;\">\u00a0<\/span><\/b><\/p>\n<p align=\"center\">Der F\u00f6rderverein der Grundschule Homberg (Ohm) l\u00e4dt zur n\u00e4chsten Jahreshauptversammlung ein<\/p>\n<p align=\"center\">am 14.02.2014 um 20.00 Uhr<\/p>\n<p align=\"center\">in die Gastst\u00e4tte \u201eZum Marktbrunnen\u201c.<\/p>\n<p align=\"center\">Alle Mitglieder und Interessierte sind herzlich eingeladen!<\/p>\n<p><b><span style=\"text-decoration: underline;\">\u00a0<\/span><\/b><\/p>\n<p><b><span style=\"text-decoration: underline;\">Tagesordnung:<\/span><\/b><\/p>\n<p><b>\u00a0<\/b><\/p>\n<p><b>TOP 1<\/b> Begr\u00fc\u00dfung<\/p>\n<p><b>TOP 2<\/b> Bericht \u00fcber die Vereinsaktivit\u00e4ten des<\/p>\n<p>vergangenen Jahres<\/p>\n<p><b>TOP 3<\/b> Bericht der Rechnerin<\/p>\n<p><b>TOP 4<\/b> Bericht der Rechnungspr\u00fcferinnen<\/p>\n<p><b>TOP 5<\/b> Entlastung des Vorstandes<\/p>\n<p><b>TOP 6 <\/b>Satzungs\u00e4nderung<\/p>\n<p><b>TOP 7<\/b> Wahlen Vorstand<\/p>\n<p><b>TOP 8<\/b> Wahlen Rechnungspr\u00fcferInnen<\/p>\n<p><b>TOP 9<\/b> Offene Diskussion zu aktuellen Themen und<\/p>\n<p>Gedankenaustausch zu zuk\u00fcnftigen Projekten<\/p>\n<p>&nbsp;<\/p>\n<p>&nbsp;<\/p>\n<p>Der Vorstand<\/p>\n<p>&nbsp;<\/p>\n","protected":false},"excerpt":{"rendered":"<p>Einladung zur Jahreshauptversammlung des F\u00f6rdervereins der Grundschule Homberg (Ohm) \u00a0 Der F\u00f6rderverein der Grundschule Homberg (Ohm) l\u00e4dt zur n\u00e4chsten Jahreshauptversammlung ein am 14.02.2014 um 20.00 Uhr in die Gastst\u00e4tte \u201eZum Marktbrunnen\u201c. Alle Mitglieder und Interessierte sind herzlich eingeladen! \u00a0 Tagesordnung: \u00a0 TOP 1 Begr\u00fc\u00dfung TOP 2 Bericht \u00fcber die Vereinsaktivit\u00e4ten des vergangenen Jahres TOP 3 &hellip; <a href=\"https:\/\/grundschule-homberg.de\/wp\/?p=156172\" class=\"more-link\"><span class=\"screen-reader-text\">Jahreshauptversammlung des F\u00f6rdervereins<\/span> weiterlesen <span class=\"meta-nav\">&rarr;<\/span><\/a><\/p>\n","protected":false},"author":1,"featured_media":13550,"comment_status":"closed","ping_status":"closed","sticky":false,"template":"","format":"standard","meta":{"ngg_post_thumbnail":0,"_jetpack_memberships_contains_paid_content":false,"footnotes":""},"categories":[5],"tags":[],"class_list":["post-156172","post","type-post","status-publish","format-standard","has-post-thumbnail","hentry","category-foerderverein"],"jetpack_featured_media_url":"https:\/\/i0.wp.com\/grundschule-homberg.de\/wp\/wp-content\/uploads\/logo-gestaltet-von-tina-gerdes.jpg?fit=359%2C360&ssl=1","jetpack_shortlink":"https:\/\/wp.me\/p3XuEZ-ECU","jetpack-related-posts":[],"jetpack_sharing_enabled":true,"_links":{"self":[{"href":"https:\/\/grundschule-homberg.de\/wp\/index.php?rest_route=\/wp\/v2\/posts\/156172","targetHints":{"allow":["GET"]}}],"collection":[{"href":"https:\/\/grundschule-homberg.de\/wp\/index.php?rest_route=\/wp\/v2\/posts"}],"about":[{"href":"https:\/\/grundschule-homberg.de\/wp\/index.php?rest_route=\/wp\/v2\/types\/post"}],"author":[{"embeddable":true,"href":"https:\/\/grundschule-homberg.de\/wp\/index.php?rest_route=\/wp\/v2\/users\/1"}],"replies":[{"embeddable":true,"href":"https:\/\/grundschule-homberg.de\/wp\/index.php?rest_route=%2Fwp%2Fv2%2Fcomments&post=156172"}],"version-history":[{"count":1,"href":"https:\/\/grundschule-homberg.de\/wp\/index.php?rest_route=\/wp\/v2\/posts\/156172\/revisions"}],"predecessor-version":[{"id":156173,"href":"https:\/\/grundschule-homberg.de\/wp\/index.php?rest_route=\/wp\/v2\/posts\/156172\/revisions\/156173"}],"wp:featuredmedia":[{"embeddable":true,"href":"https:\/\/grundschule-homberg.de\/wp\/index.php?rest_route=\/wp\/v2\/media\/13550"}],"wp:attachment":[{"href":"https:\/\/grundschule-homberg.de\/wp\/index.php?rest_route=%2Fwp%2Fv2%2Fmedia&parent=156172"}],"wp:term":[{"taxonomy":"category","embeddable":true,"href":"https:\/\/grundschule-homberg.de\/wp\/index.php?rest_route=%2Fwp%2Fv2%2Fcategories&post=156172"},{"taxonomy":"post_tag","embeddable":true,"href":"https:\/\/grundschule-homberg.de\/wp\/index.php?rest_route=%2Fwp%2Fv2%2Ftags&post=156172"}],"curies":[{"name":"wp","href":"https:\/\/api.w.org\/{rel}","templated":true}]}}