{"id":16240,"date":"2013-11-25T06:00:50","date_gmt":"2013-11-25T05:00:50","guid":{"rendered":"http:\/\/grundschule-homberg.de\/wp\/?p=16240"},"modified":"2013-12-06T09:37:53","modified_gmt":"2013-12-06T08:37:53","slug":"die-weihnachtsgans-auguste-theaterfahrt-nach-giessen","status":"publish","type":"post","link":"https:\/\/grundschule-homberg.de\/wp\/?p=16240","title":{"rendered":"DIE WEIHNACHTSGANS AUGUSTE &#8211; Theaterfahrt nach Gie\u00dfen"},"content":{"rendered":"<p>Auch in diesem Jahr besucht unsere gesamte Grundschule wieder ein vorweihnachtliches Theaterst\u00fcck.<\/p>\n<p>Am 16.12.2013 fahren alle Klassen ins <a title=\"Stadttheater Gie\u00dfen\" href=\"http:\/\/www.stadttheater-giessen.de\/\" target=\"_blank\">Stadttheater Gie\u00dfen<\/a>, um das St\u00fcck\u00a0<a title=\"Die Weihnachtsgans Auguste\" href=\"http:\/\/www.stadttheater-giessen.de\/kalender\/veranstaltungsansicht\/event\/1992\/view\/event\/type\/tx_cal_phpicalendar\/lastview\/view-list%7Cpage_id-27.html\" target=\"_blank\">DIE WEIHNACHTSGANS AUGUSTE<\/a>\u00a0zu sehen.<\/p>\n<p>Den Bustransfer \u00fcbernimmt der Schulelternbeirat aus Mitteln der Elternspende, so dass f\u00fcr jedes Kind lediglich der Eintritt bezahlt werden muss.<\/p>\n<p>Die Klassenlehrerinnen geben rechtzeitig genauere Informationen heraus.<\/p>\n<p>Vielen Dank allen Spendern \u00a0und viel Spa\u00df im Theater!<\/p>\n<p><img data-recalc-dims=\"1\" loading=\"lazy\" decoding=\"async\" title=\"Die Weihnachtsgans Auguste\" alt=\"Die Weihnachtsgans Auguste\" src=\"https:\/\/i0.wp.com\/www.giessen-tourismus.de\/uploads\/Veranstaltungen\/Stadttheater\/Weihnachtsgans_Auguste_A4_Print.jpg?resize=200%2C141\" width=\"200\" height=\"141\" \/><\/p>\n","protected":false},"excerpt":{"rendered":"<p>Auch in diesem Jahr besucht unsere gesamte Grundschule wieder ein vorweihnachtliches Theaterst\u00fcck. Am 16.12.2013 fahren alle Klassen ins Stadttheater Gie\u00dfen, um das St\u00fcck\u00a0DIE WEIHNACHTSGANS AUGUSTE\u00a0zu sehen. Den Bustransfer \u00fcbernimmt der Schulelternbeirat aus Mitteln der Elternspende, so dass f\u00fcr jedes Kind lediglich der Eintritt bezahlt werden muss. Die Klassenlehrerinnen geben rechtzeitig genauere Informationen heraus. Vielen Dank &hellip; <a href=\"https:\/\/grundschule-homberg.de\/wp\/?p=16240\" class=\"more-link\"><span class=\"screen-reader-text\">DIE WEIHNACHTSGANS AUGUSTE &#8211; Theaterfahrt nach Gie\u00dfen<\/span> weiterlesen <span class=\"meta-nav\">&rarr;<\/span><\/a><\/p>\n","protected":false},"author":1,"featured_media":4576,"comment_status":"closed","ping_status":"closed","sticky":false,"template":"","format":"standard","meta":{"ngg_post_thumbnail":0,"_jetpack_memberships_contains_paid_content":false,"footnotes":""},"categories":[1],"tags":[],"class_list":["post-16240","post","type-post","status-publish","format-standard","has-post-thumbnail","hentry","category-allgemein"],"jetpack_featured_media_url":"https:\/\/i0.wp.com\/grundschule-homberg.de\/wp\/wp-content\/uploads\/gruschu-h1-e1498232700138.png?fit=185%2C163&ssl=1","jetpack_shortlink":"https:\/\/wp.me\/p3XuEZ-4dW","jetpack-related-posts":[],"jetpack_sharing_enabled":true,"_links":{"self":[{"href":"https:\/\/grundschule-homberg.de\/wp\/index.php?rest_route=\/wp\/v2\/posts\/16240","targetHints":{"allow":["GET"]}}],"collection":[{"href":"https:\/\/grundschule-homberg.de\/wp\/index.php?rest_route=\/wp\/v2\/posts"}],"about":[{"href":"https:\/\/grundschule-homberg.de\/wp\/index.php?rest_route=\/wp\/v2\/types\/post"}],"author":[{"embeddable":true,"href":"https:\/\/grundschule-homberg.de\/wp\/index.php?rest_route=\/wp\/v2\/users\/1"}],"replies":[{"embeddable":true,"href":"https:\/\/grundschule-homberg.de\/wp\/index.php?rest_route=%2Fwp%2Fv2%2Fcomments&post=16240"}],"version-history":[{"count":3,"href":"https:\/\/grundschule-homberg.de\/wp\/index.php?rest_route=\/wp\/v2\/posts\/16240\/revisions"}],"predecessor-version":[{"id":16349,"href":"https:\/\/grundschule-homberg.de\/wp\/index.php?rest_route=\/wp\/v2\/posts\/16240\/revisions\/16349"}],"wp:featuredmedia":[{"embeddable":true,"href":"https:\/\/grundschule-homberg.de\/wp\/index.php?rest_route=\/wp\/v2\/media\/4576"}],"wp:attachment":[{"href":"https:\/\/grundschule-homberg.de\/wp\/index.php?rest_route=%2Fwp%2Fv2%2Fmedia&parent=16240"}],"wp:term":[{"taxonomy":"category","embeddable":true,"href":"https:\/\/grundschule-homberg.de\/wp\/index.php?rest_route=%2Fwp%2Fv2%2Fcategories&post=16240"},{"taxonomy":"post_tag","embeddable":true,"href":"https:\/\/grundschule-homberg.de\/wp\/index.php?rest_route=%2Fwp%2Fv2%2Ftags&post=16240"}],"curies":[{"name":"wp","href":"https:\/\/api.w.org\/{rel}","templated":true}]}}