{"id":218541,"date":"2014-03-18T23:18:14","date_gmt":"2014-03-18T22:18:14","guid":{"rendered":"http:\/\/grundschule-homberg.de\/wp\/?p=218541"},"modified":"2014-03-18T23:18:14","modified_gmt":"2014-03-18T22:18:14","slug":"40-jaehriges-dienstjubilaeum","status":"publish","type":"post","link":"https:\/\/grundschule-homberg.de\/wp\/?p=218541","title":{"rendered":"40-j\u00e4hriges Dienstjubil\u00e4um"},"content":{"rendered":"<p><img data-recalc-dims=\"1\" loading=\"lazy\" decoding=\"async\" class=\" wp-image-218542 alignleft\" title=\"Hannelore becker\" alt=\"Hannelore Becker\" src=\"https:\/\/i0.wp.com\/grundschule-homberg.de\/wp\/wp-content\/uploads\/2014\/03\/WP_001390-225x300.jpg?resize=158%2C210\" width=\"158\" height=\"210\" srcset=\"https:\/\/i0.wp.com\/grundschule-homberg.de\/wp\/wp-content\/uploads\/2014\/03\/WP_001390.jpg?resize=225%2C300&amp;ssl=1 225w, https:\/\/i0.wp.com\/grundschule-homberg.de\/wp\/wp-content\/uploads\/2014\/03\/WP_001390.jpg?resize=112%2C150&amp;ssl=1 112w, https:\/\/i0.wp.com\/grundschule-homberg.de\/wp\/wp-content\/uploads\/2014\/03\/WP_001390.jpg?resize=768%2C1024&amp;ssl=1 768w, https:\/\/i0.wp.com\/grundschule-homberg.de\/wp\/wp-content\/uploads\/2014\/03\/WP_001390.jpg?w=1224&amp;ssl=1 1224w\" sizes=\"auto, (max-width: 158px) 100vw, 158px\" \/>Unsere Schulsekret\u00e4rin Frau Hannelore Becker feierte am 18.3.14 ihr 40-j\u00e4hriges Dienstjubil\u00e4um. Kolleginnen, Schulleitung, Vertreterinnen des Vogelsbergkreises und des Personalrates sowie der ehemalige Schulleiter Herr Sann und der langj\u00e4hrige Hausmeister Herr Reitz gratulierten herzlich in einer kleinen Feierstunde.<br \/>\nDie Gratulanten bedankten sich bei Frau Becker f\u00fcr ihre Zuverl\u00e4ssigkeit, ihr Engagement, ihren Weitblick und ihre Hilfsbereitschaft.<\/p>\n<p>Sie sei der &#8222;ruhende Pol&#8220; im st\u00fcrmischen Alltagsgesch\u00e4ft der Grundschule.<br \/>\nEs schlossen sich die besten W\u00fcnsche f\u00fcr ihre Zukunft an.<\/p>\n","protected":false},"excerpt":{"rendered":"<p>Unsere Schulsekret\u00e4rin Frau Hannelore Becker feierte am 18.3.14 ihr 40-j\u00e4hriges Dienstjubil\u00e4um. Kolleginnen, Schulleitung, Vertreterinnen des Vogelsbergkreises und des Personalrates sowie der ehemalige Schulleiter Herr Sann und der langj\u00e4hrige Hausmeister Herr Reitz gratulierten herzlich in einer kleinen Feierstunde. Die Gratulanten bedankten sich bei Frau Becker f\u00fcr ihre Zuverl\u00e4ssigkeit, ihr Engagement, ihren Weitblick und ihre Hilfsbereitschaft. Sie &hellip; <a href=\"https:\/\/grundschule-homberg.de\/wp\/?p=218541\" class=\"more-link\"><span class=\"screen-reader-text\">40-j\u00e4hriges Dienstjubil\u00e4um<\/span> weiterlesen <span class=\"meta-nav\">&rarr;<\/span><\/a><\/p>\n","protected":false},"author":1,"featured_media":218542,"comment_status":"closed","ping_status":"closed","sticky":false,"template":"","format":"standard","meta":{"ngg_post_thumbnail":0,"_jetpack_memberships_contains_paid_content":false,"footnotes":""},"categories":[1,20],"tags":[],"class_list":["post-218541","post","type-post","status-publish","format-standard","has-post-thumbnail","hentry","category-allgemein","category-schulleben"],"jetpack_featured_media_url":"https:\/\/i0.wp.com\/grundschule-homberg.de\/wp\/wp-content\/uploads\/2014\/03\/WP_001390.jpg?fit=1224%2C1632&ssl=1","jetpack_shortlink":"https:\/\/wp.me\/p3XuEZ-UQR","jetpack-related-posts":[],"jetpack_sharing_enabled":true,"_links":{"self":[{"href":"https:\/\/grundschule-homberg.de\/wp\/index.php?rest_route=\/wp\/v2\/posts\/218541","targetHints":{"allow":["GET"]}}],"collection":[{"href":"https:\/\/grundschule-homberg.de\/wp\/index.php?rest_route=\/wp\/v2\/posts"}],"about":[{"href":"https:\/\/grundschule-homberg.de\/wp\/index.php?rest_route=\/wp\/v2\/types\/post"}],"author":[{"embeddable":true,"href":"https:\/\/grundschule-homberg.de\/wp\/index.php?rest_route=\/wp\/v2\/users\/1"}],"replies":[{"embeddable":true,"href":"https:\/\/grundschule-homberg.de\/wp\/index.php?rest_route=%2Fwp%2Fv2%2Fcomments&post=218541"}],"version-history":[{"count":1,"href":"https:\/\/grundschule-homberg.de\/wp\/index.php?rest_route=\/wp\/v2\/posts\/218541\/revisions"}],"predecessor-version":[{"id":218543,"href":"https:\/\/grundschule-homberg.de\/wp\/index.php?rest_route=\/wp\/v2\/posts\/218541\/revisions\/218543"}],"wp:featuredmedia":[{"embeddable":true,"href":"https:\/\/grundschule-homberg.de\/wp\/index.php?rest_route=\/wp\/v2\/media\/218542"}],"wp:attachment":[{"href":"https:\/\/grundschule-homberg.de\/wp\/index.php?rest_route=%2Fwp%2Fv2%2Fmedia&parent=218541"}],"wp:term":[{"taxonomy":"category","embeddable":true,"href":"https:\/\/grundschule-homberg.de\/wp\/index.php?rest_route=%2Fwp%2Fv2%2Fcategories&post=218541"},{"taxonomy":"post_tag","embeddable":true,"href":"https:\/\/grundschule-homberg.de\/wp\/index.php?rest_route=%2Fwp%2Fv2%2Ftags&post=218541"}],"curies":[{"name":"wp","href":"https:\/\/api.w.org\/{rel}","templated":true}]}}