{"id":218746,"date":"2014-03-31T21:24:31","date_gmt":"2014-03-31T19:24:31","guid":{"rendered":"http:\/\/grundschule-homberg.de\/wp\/?p=218746"},"modified":"2014-04-03T08:37:50","modified_gmt":"2014-04-03T06:37:50","slug":"kinder-der-wildtier-ag-bauen-nistkaesten","status":"publish","type":"post","link":"https:\/\/grundschule-homberg.de\/wp\/?p=218746","title":{"rendered":"Kinder der Wildtier- AG bauen Nistk\u00e4sten"},"content":{"rendered":"<p><span style=\"line-height: 1.5;\">\u00a0<\/span>Im Januar hatten sich die Kinder unserer Wildtier- AG mit den einheimischen Singv\u00f6geln besch\u00e4ftigt. Zun\u00e4chst ging es darum, die h\u00e4ufiger vorkommenden Arten an ihren \u00e4u\u00dferen Merkmalen zu erkennen, und wir unterschieden Zug- und Standv\u00f6gel.<br \/>\n<span style=\"line-height: 1.5;\">Wir stellten selbst Futterglocken her, um unsere Gartenv\u00f6gel in der kalten Jahreszeit zu unterst\u00fctzen.<br \/>\n<\/span>Bei einem Spaziergang im Februar konnten wir nur wenige V\u00f6gel an den Futterh\u00e4uschen beobachten.<br \/>\nAllerdings h\u00f6rten wir schon einige V\u00f6gel singen. Angeregt durch die milden Temperaturen hatten sich die V\u00f6gel schon auf Partnersuche begeben.<\/p>\n<p><span style=\"line-height: 1.5;\">So entstand die Idee, Nistk\u00e4sten zu bauen.<\/span><\/p>\n<p>Durch eine gro\u00dfz\u00fcgige Spende der<b><a title=\"www.weber-feinmechanik.de\" href=\"http:\/\/www.weber-feinmechanik.de\/\" target=\"_blank\"> Firma Weber CNC- Zerspanung<\/a>\u00a0<\/b>konnten kindgerechte Baus\u00e4tze erworben werden.<\/p>\n<p>Diese wurden von den Kindern mit viel Freude montiert, und jedes Kind konnte seinen fertigen Nistkasten mit nach Hause nehmen.<\/p>\n<p>Nun freuen sich hoffentlich viele Vogelpaare \u00fcber ein neues \u201eHeim\u201c und die Kinder freuen sich \u00fcber die sch\u00f6nen Naturbeobachtungen im eigenen Garten.<\/p>\n<p>Bei unserem letzten AG- Treffen erz\u00e4hlten mehrere Kinder, dass bereits Meisen in ihr neues Domizil eingezogen seien.<br \/>\n<a href=\"https:\/\/i0.wp.com\/grundschule-homberg.de\/wp\/wp-content\/uploads\/2014\/04\/altAhUKYvaWU3dBsy_pu6yYZ2Jsr361eQqLmb15lZq9E_dr.jpg\" target=\"_blank\"><img data-recalc-dims=\"1\" loading=\"lazy\" decoding=\"async\" class=\"size-medium wp-image-218754 alignleft\" alt=\"altAhUKYvaWU3dBsy_pu6yYZ2Jsr361eQqLmb15lZq9E_dr\" src=\"https:\/\/i0.wp.com\/grundschule-homberg.de\/wp\/wp-content\/uploads\/2014\/04\/altAhUKYvaWU3dBsy_pu6yYZ2Jsr361eQqLmb15lZq9E_dr-300x225.jpg?resize=300%2C225\" width=\"300\" height=\"225\" srcset=\"https:\/\/i0.wp.com\/grundschule-homberg.de\/wp\/wp-content\/uploads\/2014\/04\/altAhUKYvaWU3dBsy_pu6yYZ2Jsr361eQqLmb15lZq9E_dr.jpg?resize=300%2C225&amp;ssl=1 300w, https:\/\/i0.wp.com\/grundschule-homberg.de\/wp\/wp-content\/uploads\/2014\/04\/altAhUKYvaWU3dBsy_pu6yYZ2Jsr361eQqLmb15lZq9E_dr.jpg?resize=150%2C112&amp;ssl=1 150w, https:\/\/i0.wp.com\/grundschule-homberg.de\/wp\/wp-content\/uploads\/2014\/04\/altAhUKYvaWU3dBsy_pu6yYZ2Jsr361eQqLmb15lZq9E_dr.jpg?w=800&amp;ssl=1 800w\" sizes=\"auto, (max-width: 300px) 100vw, 300px\" \/><\/a><br \/>\nAuf dem Bild sieht man die Teilnehmer und Teilnehmerinnen der Wildtier- AG mit ihrer Lehrerin Frau Biedenkapp und mit Frau L\u00f6chel, welche die Kinder beim Bau der K\u00e4sten tatkr\u00e4ftig unterst\u00fctzte und auch den Kontakt zu Firma Weber herstellte.<\/p>\n<p><b>Vielen Dank daf\u00fcr!<\/b><\/p>\n","protected":false},"excerpt":{"rendered":"<p>\u00a0Im Januar hatten sich die Kinder unserer Wildtier- AG mit den einheimischen Singv\u00f6geln besch\u00e4ftigt. Zun\u00e4chst ging es darum, die h\u00e4ufiger vorkommenden Arten an ihren \u00e4u\u00dferen Merkmalen zu erkennen, und wir unterschieden Zug- und Standv\u00f6gel. Wir stellten selbst Futterglocken her, um unsere Gartenv\u00f6gel in der kalten Jahreszeit zu unterst\u00fctzen. Bei einem Spaziergang im Februar konnten wir &hellip; <a href=\"https:\/\/grundschule-homberg.de\/wp\/?p=218746\" class=\"more-link\"><span class=\"screen-reader-text\">Kinder der Wildtier- AG bauen Nistk\u00e4sten<\/span> weiterlesen <span class=\"meta-nav\">&rarr;<\/span><\/a><\/p>\n","protected":false},"author":1,"featured_media":218754,"comment_status":"closed","ping_status":"closed","sticky":false,"template":"","format":"standard","meta":{"ngg_post_thumbnail":0,"_jetpack_memberships_contains_paid_content":false,"footnotes":""},"categories":[25],"tags":[],"class_list":["post-218746","post","type-post","status-publish","format-standard","has-post-thumbnail","hentry","category-ags"],"jetpack_featured_media_url":"https:\/\/i0.wp.com\/grundschule-homberg.de\/wp\/wp-content\/uploads\/2014\/04\/altAhUKYvaWU3dBsy_pu6yYZ2Jsr361eQqLmb15lZq9E_dr.jpg?fit=800%2C600&ssl=1","jetpack_shortlink":"https:\/\/wp.me\/p3XuEZ-UUa","jetpack-related-posts":[],"jetpack_sharing_enabled":true,"_links":{"self":[{"href":"https:\/\/grundschule-homberg.de\/wp\/index.php?rest_route=\/wp\/v2\/posts\/218746","targetHints":{"allow":["GET"]}}],"collection":[{"href":"https:\/\/grundschule-homberg.de\/wp\/index.php?rest_route=\/wp\/v2\/posts"}],"about":[{"href":"https:\/\/grundschule-homberg.de\/wp\/index.php?rest_route=\/wp\/v2\/types\/post"}],"author":[{"embeddable":true,"href":"https:\/\/grundschule-homberg.de\/wp\/index.php?rest_route=\/wp\/v2\/users\/1"}],"replies":[{"embeddable":true,"href":"https:\/\/grundschule-homberg.de\/wp\/index.php?rest_route=%2Fwp%2Fv2%2Fcomments&post=218746"}],"version-history":[{"count":5,"href":"https:\/\/grundschule-homberg.de\/wp\/index.php?rest_route=\/wp\/v2\/posts\/218746\/revisions"}],"predecessor-version":[{"id":218755,"href":"https:\/\/grundschule-homberg.de\/wp\/index.php?rest_route=\/wp\/v2\/posts\/218746\/revisions\/218755"}],"wp:featuredmedia":[{"embeddable":true,"href":"https:\/\/grundschule-homberg.de\/wp\/index.php?rest_route=\/wp\/v2\/media\/218754"}],"wp:attachment":[{"href":"https:\/\/grundschule-homberg.de\/wp\/index.php?rest_route=%2Fwp%2Fv2%2Fmedia&parent=218746"}],"wp:term":[{"taxonomy":"category","embeddable":true,"href":"https:\/\/grundschule-homberg.de\/wp\/index.php?rest_route=%2Fwp%2Fv2%2Fcategories&post=218746"},{"taxonomy":"post_tag","embeddable":true,"href":"https:\/\/grundschule-homberg.de\/wp\/index.php?rest_route=%2Fwp%2Fv2%2Ftags&post=218746"}],"curies":[{"name":"wp","href":"https:\/\/api.w.org\/{rel}","templated":true}]}}