{"id":218759,"date":"2014-04-10T00:29:21","date_gmt":"2014-04-09T22:29:21","guid":{"rendered":"http:\/\/grundschule-homberg.de\/wp\/?p=218759"},"modified":"2014-04-10T00:30:32","modified_gmt":"2014-04-09T22:30:32","slug":"fahrradpruefung-unserer-4-klassen","status":"publish","type":"post","link":"https:\/\/grundschule-homberg.de\/wp\/?p=218759","title":{"rendered":"Fahrradpr\u00fcfung unserer 4. Klassen"},"content":{"rendered":"<p>In diesen Tagen legten unsere Viertkl\u00e4ssler ihre Pr\u00fcfung zum &#8222;Fahrradf\u00fchrerschein&#8220; ab. Nachdem sie zun\u00e4chst theoretisch von ihren Lehrerinnen und den Polizisten von der Jugendverkehrsschule Vogelsberg eingewiesen wurden, mussten sie einen Theoriefragebogen richtig ausf\u00fcllen. Dann ging es auf die Stra\u00dfe. Begleitet von den Polizeibeamten und mit Unterst\u00fctzung einiger Eltern konnten die M\u00e4dchen und Jungen in Kleingruppen das Fahren im &#8222;echten Stra\u00dfenverkehr&#8220; \u00fcben.<\/p>\n<p>Wir w\u00fcnschen allen Schulkindern viel Spa\u00df\u00a0mit dem Rad und stets eine sichere Fahrt!<br \/>\n<a href=\"https:\/\/i0.wp.com\/grundschule-homberg.de\/wp\/wp-content\/uploads\/2014\/04\/WP_001408-Medium.jpg\" target=\"_blank\"><img data-recalc-dims=\"1\" loading=\"lazy\" decoding=\"async\" class=\"size-thumbnail wp-image-218764 alignnone\" alt=\"WP_001408 (Medium)\" src=\"https:\/\/i0.wp.com\/grundschule-homberg.de\/wp\/wp-content\/uploads\/2014\/04\/WP_001408-Medium-150x112.jpg?resize=150%2C112\" width=\"150\" height=\"112\" srcset=\"https:\/\/i0.wp.com\/grundschule-homberg.de\/wp\/wp-content\/uploads\/2014\/04\/WP_001408-Medium.jpg?resize=150%2C112&amp;ssl=1 150w, https:\/\/i0.wp.com\/grundschule-homberg.de\/wp\/wp-content\/uploads\/2014\/04\/WP_001408-Medium.jpg?resize=300%2C225&amp;ssl=1 300w, https:\/\/i0.wp.com\/grundschule-homberg.de\/wp\/wp-content\/uploads\/2014\/04\/WP_001408-Medium.jpg?w=1024&amp;ssl=1 1024w\" sizes=\"auto, (max-width: 150px) 100vw, 150px\" \/><\/a><a href=\"https:\/\/i0.wp.com\/grundschule-homberg.de\/wp\/wp-content\/uploads\/2014\/04\/WP_001413-Medium.jpg\" target=\"_blank\"><img data-recalc-dims=\"1\" loading=\"lazy\" decoding=\"async\" class=\"size-thumbnail wp-image-218765 alignnone\" alt=\"WP_001413 (Medium)\" src=\"https:\/\/i0.wp.com\/grundschule-homberg.de\/wp\/wp-content\/uploads\/2014\/04\/WP_001413-Medium-150x112.jpg?resize=150%2C112\" width=\"150\" height=\"112\" srcset=\"https:\/\/i0.wp.com\/grundschule-homberg.de\/wp\/wp-content\/uploads\/2014\/04\/WP_001413-Medium.jpg?resize=150%2C112&amp;ssl=1 150w, https:\/\/i0.wp.com\/grundschule-homberg.de\/wp\/wp-content\/uploads\/2014\/04\/WP_001413-Medium.jpg?resize=300%2C225&amp;ssl=1 300w, https:\/\/i0.wp.com\/grundschule-homberg.de\/wp\/wp-content\/uploads\/2014\/04\/WP_001413-Medium.jpg?w=1024&amp;ssl=1 1024w\" sizes=\"auto, (max-width: 150px) 100vw, 150px\" \/><\/a><a href=\"https:\/\/i0.wp.com\/grundschule-homberg.de\/wp\/wp-content\/uploads\/2014\/04\/WP_001416-Medium.jpg\" target=\"_blank\"><img data-recalc-dims=\"1\" loading=\"lazy\" decoding=\"async\" class=\"size-thumbnail wp-image-218766 alignnone\" alt=\"WP_001416 (Medium)\" src=\"https:\/\/i0.wp.com\/grundschule-homberg.de\/wp\/wp-content\/uploads\/2014\/04\/WP_001416-Medium-150x112.jpg?resize=150%2C112\" width=\"150\" height=\"112\" srcset=\"https:\/\/i0.wp.com\/grundschule-homberg.de\/wp\/wp-content\/uploads\/2014\/04\/WP_001416-Medium.jpg?resize=150%2C112&amp;ssl=1 150w, https:\/\/i0.wp.com\/grundschule-homberg.de\/wp\/wp-content\/uploads\/2014\/04\/WP_001416-Medium.jpg?resize=300%2C225&amp;ssl=1 300w, https:\/\/i0.wp.com\/grundschule-homberg.de\/wp\/wp-content\/uploads\/2014\/04\/WP_001416-Medium.jpg?w=1024&amp;ssl=1 1024w\" sizes=\"auto, (max-width: 150px) 100vw, 150px\" \/><\/a><a href=\"https:\/\/i0.wp.com\/grundschule-homberg.de\/wp\/wp-content\/uploads\/2014\/04\/WP_001417-Medium.jpg\" target=\"_blank\"><img data-recalc-dims=\"1\" loading=\"lazy\" decoding=\"async\" class=\"size-thumbnail wp-image-218767 alignnone\" alt=\"WP_001417 (Medium)\" src=\"https:\/\/i0.wp.com\/grundschule-homberg.de\/wp\/wp-content\/uploads\/2014\/04\/WP_001417-Medium-150x112.jpg?resize=150%2C112\" width=\"150\" height=\"112\" srcset=\"https:\/\/i0.wp.com\/grundschule-homberg.de\/wp\/wp-content\/uploads\/2014\/04\/WP_001417-Medium.jpg?resize=150%2C112&amp;ssl=1 150w, https:\/\/i0.wp.com\/grundschule-homberg.de\/wp\/wp-content\/uploads\/2014\/04\/WP_001417-Medium.jpg?resize=300%2C225&amp;ssl=1 300w, https:\/\/i0.wp.com\/grundschule-homberg.de\/wp\/wp-content\/uploads\/2014\/04\/WP_001417-Medium.jpg?w=1024&amp;ssl=1 1024w\" sizes=\"auto, (max-width: 150px) 100vw, 150px\" \/><\/a><\/p>\n","protected":false},"excerpt":{"rendered":"<p>In diesen Tagen legten unsere Viertkl\u00e4ssler ihre Pr\u00fcfung zum &#8222;Fahrradf\u00fchrerschein&#8220; ab. Nachdem sie zun\u00e4chst theoretisch von ihren Lehrerinnen und den Polizisten von der Jugendverkehrsschule Vogelsberg eingewiesen wurden, mussten sie einen Theoriefragebogen richtig ausf\u00fcllen. Dann ging es auf die Stra\u00dfe. Begleitet von den Polizeibeamten und mit Unterst\u00fctzung einiger Eltern konnten die M\u00e4dchen und Jungen in Kleingruppen &hellip; <a href=\"https:\/\/grundschule-homberg.de\/wp\/?p=218759\" class=\"more-link\"><span class=\"screen-reader-text\">Fahrradpr\u00fcfung unserer 4. Klassen<\/span> weiterlesen <span class=\"meta-nav\">&rarr;<\/span><\/a><\/p>\n","protected":false},"author":2,"featured_media":218767,"comment_status":"closed","ping_status":"closed","sticky":false,"template":"","format":"standard","meta":{"ngg_post_thumbnail":0,"_jetpack_memberships_contains_paid_content":false,"footnotes":""},"categories":[1],"tags":[],"class_list":["post-218759","post","type-post","status-publish","format-standard","has-post-thumbnail","hentry","category-allgemein"],"jetpack_featured_media_url":"https:\/\/i0.wp.com\/grundschule-homberg.de\/wp\/wp-content\/uploads\/2014\/04\/WP_001417-Medium.jpg?fit=1024%2C768&ssl=1","jetpack_shortlink":"https:\/\/wp.me\/p3XuEZ-UUn","jetpack-related-posts":[],"jetpack_sharing_enabled":true,"_links":{"self":[{"href":"https:\/\/grundschule-homberg.de\/wp\/index.php?rest_route=\/wp\/v2\/posts\/218759","targetHints":{"allow":["GET"]}}],"collection":[{"href":"https:\/\/grundschule-homberg.de\/wp\/index.php?rest_route=\/wp\/v2\/posts"}],"about":[{"href":"https:\/\/grundschule-homberg.de\/wp\/index.php?rest_route=\/wp\/v2\/types\/post"}],"author":[{"embeddable":true,"href":"https:\/\/grundschule-homberg.de\/wp\/index.php?rest_route=\/wp\/v2\/users\/2"}],"replies":[{"embeddable":true,"href":"https:\/\/grundschule-homberg.de\/wp\/index.php?rest_route=%2Fwp%2Fv2%2Fcomments&post=218759"}],"version-history":[{"count":3,"href":"https:\/\/grundschule-homberg.de\/wp\/index.php?rest_route=\/wp\/v2\/posts\/218759\/revisions"}],"predecessor-version":[{"id":218768,"href":"https:\/\/grundschule-homberg.de\/wp\/index.php?rest_route=\/wp\/v2\/posts\/218759\/revisions\/218768"}],"wp:featuredmedia":[{"embeddable":true,"href":"https:\/\/grundschule-homberg.de\/wp\/index.php?rest_route=\/wp\/v2\/media\/218767"}],"wp:attachment":[{"href":"https:\/\/grundschule-homberg.de\/wp\/index.php?rest_route=%2Fwp%2Fv2%2Fmedia&parent=218759"}],"wp:term":[{"taxonomy":"category","embeddable":true,"href":"https:\/\/grundschule-homberg.de\/wp\/index.php?rest_route=%2Fwp%2Fv2%2Fcategories&post=218759"},{"taxonomy":"post_tag","embeddable":true,"href":"https:\/\/grundschule-homberg.de\/wp\/index.php?rest_route=%2Fwp%2Fv2%2Ftags&post=218759"}],"curies":[{"name":"wp","href":"https:\/\/api.w.org\/{rel}","templated":true}]}}