{"id":218784,"date":"2014-05-07T10:10:10","date_gmt":"2014-05-07T08:10:10","guid":{"rendered":"http:\/\/grundschule-homberg.de\/wp\/?p=218784"},"modified":"2014-05-07T10:20:19","modified_gmt":"2014-05-07T08:20:19","slug":"informationen-zur-anmeldung-im-ganztagsangebot","status":"publish","type":"post","link":"https:\/\/grundschule-homberg.de\/wp\/?p=218784","title":{"rendered":"Informationen zur Anmeldung im Ganztagsangebot"},"content":{"rendered":"<p>Liebe Eltern,<\/p>\n<p>sollten Sie im n\u00e4chsten Schuljahr 2014-2015 f\u00fcr Ihr Kind einen Platz in der \u201eErweiterten Schulischen Betreuung\u201c ben\u00f6tigen, f\u00fcllen Sie bitte das Anmeldeformular mit den Modulen aus.<\/p>\n<p>Das gilt sowohl f\u00fcr Kinder, die jetzt bereits einen Betreuungsvertrag haben, als auch f\u00fcr Neuanmeldungen. Bitte nutzen Sie daf\u00fcr ausschlie\u00dflich das Originalformular, ausgelegt in der Verwaltung der Schule oder in der \u201eErweiterten Schulischen Betreuung\u201c.<\/p>\n<p>Kinder, die nur das kostenfreie Modul C nutzen, werden in den Ferien ausschlie\u00dflich an diesen drei Tagen betreut.<\/p>\n<p>Denken Sie bitte daran, dass in den Ferien keine Busse fahren. Informieren Sie sich bitte rechtzeitig \u00fcber ge\u00e4nderte Abfahrtszeiten (letzter Schultag vor den Ferien, bewegliche Feiertage, p\u00e4dagogische Tage).<\/p>\n<p><a title=\"Anmeldeformular+Rahmenbeding-Homberg_2014-2015.pdf\" href=\"http:\/\/grundschule-homberg.de\/wp\/wp-content\/uploads\/2014\/05\/Anmeldeformular+Rahmenbeding-Homberg_2014-2015.pdf\" target=\"_blank\">Zur Ameldung zum Ganztagsangebot der Grundschule Homberg &gt;&gt;<\/a><\/p>\n<p><a title=\"Anmeldung Kinder des 4. Schuljahres\" href=\"http:\/\/grundschule-homberg.de\/wp\/wp-content\/uploads\/2014\/05\/AnmeldungGanztagsschulangebot4_SJ.pdf\" target=\"_blank\">Zur Anmeldung zum kostenfreien Ganztagsschulangebot\u00a0f\u00fcr die <em><strong>Kinder des 4. Schuljahres<\/strong><\/em>&gt;&gt;<\/a><\/p>\n","protected":false},"excerpt":{"rendered":"<p>Liebe Eltern, sollten Sie im n\u00e4chsten Schuljahr 2014-2015 f\u00fcr Ihr Kind einen Platz in der \u201eErweiterten Schulischen Betreuung\u201c ben\u00f6tigen, f\u00fcllen Sie bitte das Anmeldeformular mit den Modulen aus. Das gilt sowohl f\u00fcr Kinder, die jetzt bereits einen Betreuungsvertrag haben, als auch f\u00fcr Neuanmeldungen. Bitte nutzen Sie daf\u00fcr ausschlie\u00dflich das Originalformular, ausgelegt in der Verwaltung der &hellip; <a href=\"https:\/\/grundschule-homberg.de\/wp\/?p=218784\" class=\"more-link\"><span class=\"screen-reader-text\">Informationen zur Anmeldung im Ganztagsangebot<\/span> weiterlesen <span class=\"meta-nav\">&rarr;<\/span><\/a><\/p>\n","protected":false},"author":1,"featured_media":4576,"comment_status":"closed","ping_status":"closed","sticky":false,"template":"","format":"standard","meta":{"ngg_post_thumbnail":0,"_jetpack_memberships_contains_paid_content":false,"footnotes":""},"categories":[15],"tags":[],"class_list":["post-218784","post","type-post","status-publish","format-standard","has-post-thumbnail","hentry","category-betreuung"],"jetpack_featured_media_url":"https:\/\/i0.wp.com\/grundschule-homberg.de\/wp\/wp-content\/uploads\/gruschu-h1-e1498232700138.png?fit=185%2C163&ssl=1","jetpack_shortlink":"https:\/\/wp.me\/p3XuEZ-UUM","jetpack-related-posts":[],"jetpack_sharing_enabled":true,"_links":{"self":[{"href":"https:\/\/grundschule-homberg.de\/wp\/index.php?rest_route=\/wp\/v2\/posts\/218784","targetHints":{"allow":["GET"]}}],"collection":[{"href":"https:\/\/grundschule-homberg.de\/wp\/index.php?rest_route=\/wp\/v2\/posts"}],"about":[{"href":"https:\/\/grundschule-homberg.de\/wp\/index.php?rest_route=\/wp\/v2\/types\/post"}],"author":[{"embeddable":true,"href":"https:\/\/grundschule-homberg.de\/wp\/index.php?rest_route=\/wp\/v2\/users\/1"}],"replies":[{"embeddable":true,"href":"https:\/\/grundschule-homberg.de\/wp\/index.php?rest_route=%2Fwp%2Fv2%2Fcomments&post=218784"}],"version-history":[{"count":4,"href":"https:\/\/grundschule-homberg.de\/wp\/index.php?rest_route=\/wp\/v2\/posts\/218784\/revisions"}],"predecessor-version":[{"id":218794,"href":"https:\/\/grundschule-homberg.de\/wp\/index.php?rest_route=\/wp\/v2\/posts\/218784\/revisions\/218794"}],"wp:featuredmedia":[{"embeddable":true,"href":"https:\/\/grundschule-homberg.de\/wp\/index.php?rest_route=\/wp\/v2\/media\/4576"}],"wp:attachment":[{"href":"https:\/\/grundschule-homberg.de\/wp\/index.php?rest_route=%2Fwp%2Fv2%2Fmedia&parent=218784"}],"wp:term":[{"taxonomy":"category","embeddable":true,"href":"https:\/\/grundschule-homberg.de\/wp\/index.php?rest_route=%2Fwp%2Fv2%2Fcategories&post=218784"},{"taxonomy":"post_tag","embeddable":true,"href":"https:\/\/grundschule-homberg.de\/wp\/index.php?rest_route=%2Fwp%2Fv2%2Ftags&post=218784"}],"curies":[{"name":"wp","href":"https:\/\/api.w.org\/{rel}","templated":true}]}}