{"id":218795,"date":"2014-05-09T22:38:19","date_gmt":"2014-05-09T20:38:19","guid":{"rendered":"http:\/\/grundschule-homberg.de\/wp\/?p=218795"},"modified":"2014-05-09T22:38:19","modified_gmt":"2014-05-09T20:38:19","slug":"weidenhaeuschen-auf-dem-schulhof-gepflanzt","status":"publish","type":"post","link":"https:\/\/grundschule-homberg.de\/wp\/?p=218795","title":{"rendered":"Weidenh\u00e4uschen auf dem Schulhof gepflanzt"},"content":{"rendered":"<p>Schon im vergangenen Jahr plante die Schulhof-AG die Anpflanzung eines Weidenh\u00e4uschens f\u00fcr den Schulhof. <a href=\"http:\/\/grundschule-homberg.de\/wp\/?attachment_id=218805\" target=\"_blank\" rel=\"attachment wp-att-218805\"><img data-recalc-dims=\"1\" loading=\"lazy\" decoding=\"async\" class=\"alignright wp-image-218805 size-medium\" src=\"https:\/\/i0.wp.com\/grundschule-homberg.de\/wp\/wp-content\/uploads\/2014\/05\/WP_001511-Medium-300x225.jpg?resize=300%2C225\" alt=\"WP_001511 (Medium)\" width=\"300\" height=\"225\" srcset=\"https:\/\/i0.wp.com\/grundschule-homberg.de\/wp\/wp-content\/uploads\/2014\/05\/WP_001511-Medium.jpg?resize=300%2C225&amp;ssl=1 300w, https:\/\/i0.wp.com\/grundschule-homberg.de\/wp\/wp-content\/uploads\/2014\/05\/WP_001511-Medium.jpg?resize=150%2C112&amp;ssl=1 150w, https:\/\/i0.wp.com\/grundschule-homberg.de\/wp\/wp-content\/uploads\/2014\/05\/WP_001511-Medium.jpg?w=1024&amp;ssl=1 1024w\" sizes=\"auto, (max-width: 300px) 100vw, 300px\" \/><\/a><br \/>\nMittlerweile wurden die Weidenruten beschafft und im Wasser vorgezogen.<br \/>\nHeute wurden die jungen Ruten mit Hilfe der Kinder von der AG &#8222;kooperative Spiele&#8220;, die Frau Gr\u00fcn vom Jugendamt in diesem Schuljahr leitet, am Rande des oberen Schulhofs angepflanzt.<br \/>\nTatkr\u00e4ftige Unterst\u00fctzung erhielten die Kinder auch von Herrn Herzig und dem Hausmeister Herrn Lanz.<br \/>\n<a href=\"http:\/\/grundschule-homberg.de\/wp\/?attachment_id=218804\" target=\"_blank\" rel=\"attachment wp-att-218804\"><img data-recalc-dims=\"1\" loading=\"lazy\" decoding=\"async\" class=\"alignleft wp-image-218804 size-medium\" src=\"https:\/\/i0.wp.com\/grundschule-homberg.de\/wp\/wp-content\/uploads\/2014\/05\/WP_001510-Medium-300x225.jpg?resize=300%2C225\" alt=\"WP_001510 (Medium)\" width=\"300\" height=\"225\" srcset=\"https:\/\/i0.wp.com\/grundschule-homberg.de\/wp\/wp-content\/uploads\/2014\/05\/WP_001510-Medium.jpg?resize=300%2C225&amp;ssl=1 300w, https:\/\/i0.wp.com\/grundschule-homberg.de\/wp\/wp-content\/uploads\/2014\/05\/WP_001510-Medium.jpg?resize=150%2C112&amp;ssl=1 150w, https:\/\/i0.wp.com\/grundschule-homberg.de\/wp\/wp-content\/uploads\/2014\/05\/WP_001510-Medium.jpg?w=1024&amp;ssl=1 1024w\" sizes=\"auto, (max-width: 300px) 100vw, 300px\" \/><\/a>Die Aktion machte den eifrigen Kindern besonderen Spa\u00df.<br \/>\nWenn die Weiden nun t\u00fcchtig wachsen, k\u00f6nnen sie bald zur Kuppel zusammengebunden und als Spielhaus f\u00fcr die Pausen genutzt werden.<\/p>\n<p>&nbsp;<\/p>\n<p><a href=\"http:\/\/grundschule-homberg.de\/wp\/?attachment_id=218803\" target=\"_blank\" rel=\"attachment wp-att-218803\"><img data-recalc-dims=\"1\" loading=\"lazy\" decoding=\"async\" class=\"alignright wp-image-218803 size-medium\" src=\"https:\/\/i0.wp.com\/grundschule-homberg.de\/wp\/wp-content\/uploads\/2014\/05\/WP_001506-Medium-300x225.jpg?resize=300%2C225\" alt=\"WP_001506 (Medium)\" width=\"300\" height=\"225\" srcset=\"https:\/\/i0.wp.com\/grundschule-homberg.de\/wp\/wp-content\/uploads\/2014\/05\/WP_001506-Medium.jpg?resize=300%2C225&amp;ssl=1 300w, https:\/\/i0.wp.com\/grundschule-homberg.de\/wp\/wp-content\/uploads\/2014\/05\/WP_001506-Medium.jpg?resize=150%2C112&amp;ssl=1 150w, https:\/\/i0.wp.com\/grundschule-homberg.de\/wp\/wp-content\/uploads\/2014\/05\/WP_001506-Medium.jpg?w=1024&amp;ssl=1 1024w\" sizes=\"auto, (max-width: 300px) 100vw, 300px\" \/><\/a><\/p>\n","protected":false},"excerpt":{"rendered":"<p>Schon im vergangenen Jahr plante die Schulhof-AG die Anpflanzung eines Weidenh\u00e4uschens f\u00fcr den Schulhof. Mittlerweile wurden die Weidenruten beschafft und im Wasser vorgezogen. Heute wurden die jungen Ruten mit Hilfe der Kinder von der AG &#8222;kooperative Spiele&#8220;, die Frau Gr\u00fcn vom Jugendamt in diesem Schuljahr leitet, am Rande des oberen Schulhofs angepflanzt. Tatkr\u00e4ftige Unterst\u00fctzung erhielten &hellip; <a href=\"https:\/\/grundschule-homberg.de\/wp\/?p=218795\" class=\"more-link\"><span class=\"screen-reader-text\">Weidenh\u00e4uschen auf dem Schulhof gepflanzt<\/span> weiterlesen <span class=\"meta-nav\">&rarr;<\/span><\/a><\/p>\n","protected":false},"author":1,"featured_media":218805,"comment_status":"closed","ping_status":"closed","sticky":false,"template":"","format":"standard","meta":{"ngg_post_thumbnail":0,"_jetpack_memberships_contains_paid_content":false,"footnotes":""},"categories":[1,20],"tags":[],"class_list":["post-218795","post","type-post","status-publish","format-standard","has-post-thumbnail","hentry","category-allgemein","category-schulleben"],"jetpack_featured_media_url":"https:\/\/i0.wp.com\/grundschule-homberg.de\/wp\/wp-content\/uploads\/2014\/05\/WP_001511-Medium.jpg?fit=1024%2C768&ssl=1","jetpack_shortlink":"https:\/\/wp.me\/p3XuEZ-UUX","jetpack-related-posts":[],"jetpack_sharing_enabled":true,"_links":{"self":[{"href":"https:\/\/grundschule-homberg.de\/wp\/index.php?rest_route=\/wp\/v2\/posts\/218795","targetHints":{"allow":["GET"]}}],"collection":[{"href":"https:\/\/grundschule-homberg.de\/wp\/index.php?rest_route=\/wp\/v2\/posts"}],"about":[{"href":"https:\/\/grundschule-homberg.de\/wp\/index.php?rest_route=\/wp\/v2\/types\/post"}],"author":[{"embeddable":true,"href":"https:\/\/grundschule-homberg.de\/wp\/index.php?rest_route=\/wp\/v2\/users\/1"}],"replies":[{"embeddable":true,"href":"https:\/\/grundschule-homberg.de\/wp\/index.php?rest_route=%2Fwp%2Fv2%2Fcomments&post=218795"}],"version-history":[{"count":2,"href":"https:\/\/grundschule-homberg.de\/wp\/index.php?rest_route=\/wp\/v2\/posts\/218795\/revisions"}],"predecessor-version":[{"id":218806,"href":"https:\/\/grundschule-homberg.de\/wp\/index.php?rest_route=\/wp\/v2\/posts\/218795\/revisions\/218806"}],"wp:featuredmedia":[{"embeddable":true,"href":"https:\/\/grundschule-homberg.de\/wp\/index.php?rest_route=\/wp\/v2\/media\/218805"}],"wp:attachment":[{"href":"https:\/\/grundschule-homberg.de\/wp\/index.php?rest_route=%2Fwp%2Fv2%2Fmedia&parent=218795"}],"wp:term":[{"taxonomy":"category","embeddable":true,"href":"https:\/\/grundschule-homberg.de\/wp\/index.php?rest_route=%2Fwp%2Fv2%2Fcategories&post=218795"},{"taxonomy":"post_tag","embeddable":true,"href":"https:\/\/grundschule-homberg.de\/wp\/index.php?rest_route=%2Fwp%2Fv2%2Ftags&post=218795"}],"curies":[{"name":"wp","href":"https:\/\/api.w.org\/{rel}","templated":true}]}}