{"id":218813,"date":"2014-06-05T17:55:29","date_gmt":"2014-06-05T15:55:29","guid":{"rendered":"http:\/\/grundschule-homberg.de\/wp\/?p=218813"},"modified":"2014-06-05T17:55:29","modified_gmt":"2014-06-05T15:55:29","slug":"huettengaudi-foerderverein-sucht-helferinnen","status":"publish","type":"post","link":"https:\/\/grundschule-homberg.de\/wp\/?p=218813","title":{"rendered":"H\u00fcttengaudi &#8211; F\u00f6rderverein sucht HelferInnen"},"content":{"rendered":"<p>Der F\u00f6rderverein der Grundschule Homberg (Ohm)<\/p>\n<p>Wir suchen tatkr\u00e4ftige Unterst\u00fctzung f\u00fcr die Schulhofgestaltung!<br \/>\nDer untere Schulhof, der f\u00fcr Fu\u00dfball und andere Ballspiele genutzt wird, soll entsprechend gestaltet werden. Daf\u00fcr wollen wir dort eine Holzh\u00fctte aufbauen, in der das Material (Tore, B\u00e4lle) verstaut wird.<br \/>\nDas H\u00fcttendach muss erneuert werden, da es nicht mehr dicht ist.<br \/>\n<strong>Wir suchen f\u00fcr diese Aktion am Samstag, dem 28.06.2014 ab 10.00 Uhr starke Frauen und M\u00e4nner, die zupacken wollen und bei dieser H\u00fcttengaudi sich ins Zeug legen.<\/strong><\/p>\n","protected":false},"excerpt":{"rendered":"<p>Der F\u00f6rderverein der Grundschule Homberg (Ohm) Wir suchen tatkr\u00e4ftige Unterst\u00fctzung f\u00fcr die Schulhofgestaltung! Der untere Schulhof, der f\u00fcr Fu\u00dfball und andere Ballspiele genutzt wird, soll entsprechend gestaltet werden. Daf\u00fcr wollen wir dort eine Holzh\u00fctte aufbauen, in der das Material (Tore, B\u00e4lle) verstaut wird. Das H\u00fcttendach muss erneuert werden, da es nicht mehr dicht ist. Wir &hellip; <a href=\"https:\/\/grundschule-homberg.de\/wp\/?p=218813\" class=\"more-link\"><span class=\"screen-reader-text\">H\u00fcttengaudi &#8211; F\u00f6rderverein sucht HelferInnen<\/span> weiterlesen <span class=\"meta-nav\">&rarr;<\/span><\/a><\/p>\n","protected":false},"author":1,"featured_media":13550,"comment_status":"closed","ping_status":"closed","sticky":false,"template":"","format":"standard","meta":{"ngg_post_thumbnail":0,"_jetpack_memberships_contains_paid_content":false,"footnotes":""},"categories":[1,5],"tags":[],"class_list":["post-218813","post","type-post","status-publish","format-standard","has-post-thumbnail","hentry","category-allgemein","category-foerderverein"],"jetpack_featured_media_url":"https:\/\/i0.wp.com\/grundschule-homberg.de\/wp\/wp-content\/uploads\/logo-gestaltet-von-tina-gerdes.jpg?fit=359%2C360&ssl=1","jetpack_shortlink":"https:\/\/wp.me\/p3XuEZ-UVf","jetpack-related-posts":[],"jetpack_sharing_enabled":true,"_links":{"self":[{"href":"https:\/\/grundschule-homberg.de\/wp\/index.php?rest_route=\/wp\/v2\/posts\/218813","targetHints":{"allow":["GET"]}}],"collection":[{"href":"https:\/\/grundschule-homberg.de\/wp\/index.php?rest_route=\/wp\/v2\/posts"}],"about":[{"href":"https:\/\/grundschule-homberg.de\/wp\/index.php?rest_route=\/wp\/v2\/types\/post"}],"author":[{"embeddable":true,"href":"https:\/\/grundschule-homberg.de\/wp\/index.php?rest_route=\/wp\/v2\/users\/1"}],"replies":[{"embeddable":true,"href":"https:\/\/grundschule-homberg.de\/wp\/index.php?rest_route=%2Fwp%2Fv2%2Fcomments&post=218813"}],"version-history":[{"count":1,"href":"https:\/\/grundschule-homberg.de\/wp\/index.php?rest_route=\/wp\/v2\/posts\/218813\/revisions"}],"predecessor-version":[{"id":218814,"href":"https:\/\/grundschule-homberg.de\/wp\/index.php?rest_route=\/wp\/v2\/posts\/218813\/revisions\/218814"}],"wp:featuredmedia":[{"embeddable":true,"href":"https:\/\/grundschule-homberg.de\/wp\/index.php?rest_route=\/wp\/v2\/media\/13550"}],"wp:attachment":[{"href":"https:\/\/grundschule-homberg.de\/wp\/index.php?rest_route=%2Fwp%2Fv2%2Fmedia&parent=218813"}],"wp:term":[{"taxonomy":"category","embeddable":true,"href":"https:\/\/grundschule-homberg.de\/wp\/index.php?rest_route=%2Fwp%2Fv2%2Fcategories&post=218813"},{"taxonomy":"post_tag","embeddable":true,"href":"https:\/\/grundschule-homberg.de\/wp\/index.php?rest_route=%2Fwp%2Fv2%2Ftags&post=218813"}],"curies":[{"name":"wp","href":"https:\/\/api.w.org\/{rel}","templated":true}]}}