{"id":218861,"date":"2014-07-02T21:13:14","date_gmt":"2014-07-02T19:13:14","guid":{"rendered":"http:\/\/grundschule-homberg.de\/wp\/?p=218861"},"modified":"2014-07-02T21:18:27","modified_gmt":"2014-07-02T19:18:27","slug":"pausenfussball-jetzt-wieder-mit-toren","status":"publish","type":"post","link":"https:\/\/grundschule-homberg.de\/wp\/?p=218861","title":{"rendered":"Pausenfu\u00dfball jetzt wieder mit Toren"},"content":{"rendered":"<p>Am Samstag, dem 28.Juli 2014, wurde von wenigen daf\u00fcr besonders flei\u00dfigen Helfern das neue Ger\u00e4teh\u00fcttchen auf dem unteren Schulhof aufgebaut.<br \/>\n<a href=\"https:\/\/i0.wp.com\/grundschule-homberg.de\/wp\/wp-content\/uploads\/2014\/07\/WP_20140628_001-Medium-Small.jpg\" target=\"_blank\"><img data-recalc-dims=\"1\" loading=\"lazy\" decoding=\"async\" class=\"alignnone wp-image-218866 size-medium\" src=\"https:\/\/i0.wp.com\/grundschule-homberg.de\/wp\/wp-content\/uploads\/2014\/07\/WP_20140628_001-Medium-Small-300x168.jpg?resize=300%2C168\" alt=\"WP_20140628_001 (Medium) (Small)\" width=\"300\" height=\"168\" srcset=\"https:\/\/i0.wp.com\/grundschule-homberg.de\/wp\/wp-content\/uploads\/2014\/07\/WP_20140628_001-Medium-Small.jpg?resize=300%2C168&amp;ssl=1 300w, https:\/\/i0.wp.com\/grundschule-homberg.de\/wp\/wp-content\/uploads\/2014\/07\/WP_20140628_001-Medium-Small.jpg?resize=150%2C84&amp;ssl=1 150w, https:\/\/i0.wp.com\/grundschule-homberg.de\/wp\/wp-content\/uploads\/2014\/07\/WP_20140628_001-Medium-Small.jpg?w=853&amp;ssl=1 853w\" sizes=\"auto, (max-width: 300px) 100vw, 300px\" \/><\/a><br \/>\nDie Kinder k\u00f6nnen jetzt wieder -rechtzeitig zur Fu\u00dfball-WM &#8211; die Fu\u00dfballtore in den Pausen aufstellen und echte Tore schie\u00dfen.<\/p>\n<p><strong>Allen Helfern ein herzliches Dankesch\u00f6n.<\/strong><\/p>\n<p><a href=\"https:\/\/i0.wp.com\/grundschule-homberg.de\/wp\/wp-content\/uploads\/2014\/07\/WP_20140628_003-Medium-Small.jpg\" target=\"_blank\"><img data-recalc-dims=\"1\" loading=\"lazy\" decoding=\"async\" class=\"alignnone wp-image-218867 size-medium\" src=\"https:\/\/i0.wp.com\/grundschule-homberg.de\/wp\/wp-content\/uploads\/2014\/07\/WP_20140628_003-Medium-Small-300x168.jpg?resize=300%2C168\" alt=\"WP_20140628_003 (Medium) (Small)\" width=\"300\" height=\"168\" srcset=\"https:\/\/i0.wp.com\/grundschule-homberg.de\/wp\/wp-content\/uploads\/2014\/07\/WP_20140628_003-Medium-Small.jpg?resize=300%2C168&amp;ssl=1 300w, https:\/\/i0.wp.com\/grundschule-homberg.de\/wp\/wp-content\/uploads\/2014\/07\/WP_20140628_003-Medium-Small.jpg?resize=150%2C84&amp;ssl=1 150w, https:\/\/i0.wp.com\/grundschule-homberg.de\/wp\/wp-content\/uploads\/2014\/07\/WP_20140628_003-Medium-Small.jpg?w=853&amp;ssl=1 853w\" sizes=\"auto, (max-width: 300px) 100vw, 300px\" \/><\/a><\/p>\n","protected":false},"excerpt":{"rendered":"<p>Am Samstag, dem 28.Juli 2014, wurde von wenigen daf\u00fcr besonders flei\u00dfigen Helfern das neue Ger\u00e4teh\u00fcttchen auf dem unteren Schulhof aufgebaut. Die Kinder k\u00f6nnen jetzt wieder -rechtzeitig zur Fu\u00dfball-WM &#8211; die Fu\u00dfballtore in den Pausen aufstellen und echte Tore schie\u00dfen. Allen Helfern ein herzliches Dankesch\u00f6n.<\/p>\n","protected":false},"author":1,"featured_media":218866,"comment_status":"closed","ping_status":"closed","sticky":false,"template":"","format":"standard","meta":{"ngg_post_thumbnail":0,"_jetpack_memberships_contains_paid_content":false,"footnotes":""},"categories":[20],"tags":[],"class_list":["post-218861","post","type-post","status-publish","format-standard","has-post-thumbnail","hentry","category-schulleben"],"jetpack_featured_media_url":"https:\/\/i0.wp.com\/grundschule-homberg.de\/wp\/wp-content\/uploads\/2014\/07\/WP_20140628_001-Medium-Small.jpg?fit=853%2C480&ssl=1","jetpack_shortlink":"https:\/\/wp.me\/p3XuEZ-UW1","jetpack-related-posts":[],"jetpack_sharing_enabled":true,"_links":{"self":[{"href":"https:\/\/grundschule-homberg.de\/wp\/index.php?rest_route=\/wp\/v2\/posts\/218861","targetHints":{"allow":["GET"]}}],"collection":[{"href":"https:\/\/grundschule-homberg.de\/wp\/index.php?rest_route=\/wp\/v2\/posts"}],"about":[{"href":"https:\/\/grundschule-homberg.de\/wp\/index.php?rest_route=\/wp\/v2\/types\/post"}],"author":[{"embeddable":true,"href":"https:\/\/grundschule-homberg.de\/wp\/index.php?rest_route=\/wp\/v2\/users\/1"}],"replies":[{"embeddable":true,"href":"https:\/\/grundschule-homberg.de\/wp\/index.php?rest_route=%2Fwp%2Fv2%2Fcomments&post=218861"}],"version-history":[{"count":2,"href":"https:\/\/grundschule-homberg.de\/wp\/index.php?rest_route=\/wp\/v2\/posts\/218861\/revisions"}],"predecessor-version":[{"id":218870,"href":"https:\/\/grundschule-homberg.de\/wp\/index.php?rest_route=\/wp\/v2\/posts\/218861\/revisions\/218870"}],"wp:featuredmedia":[{"embeddable":true,"href":"https:\/\/grundschule-homberg.de\/wp\/index.php?rest_route=\/wp\/v2\/media\/218866"}],"wp:attachment":[{"href":"https:\/\/grundschule-homberg.de\/wp\/index.php?rest_route=%2Fwp%2Fv2%2Fmedia&parent=218861"}],"wp:term":[{"taxonomy":"category","embeddable":true,"href":"https:\/\/grundschule-homberg.de\/wp\/index.php?rest_route=%2Fwp%2Fv2%2Fcategories&post=218861"},{"taxonomy":"post_tag","embeddable":true,"href":"https:\/\/grundschule-homberg.de\/wp\/index.php?rest_route=%2Fwp%2Fv2%2Ftags&post=218861"}],"curies":[{"name":"wp","href":"https:\/\/api.w.org\/{rel}","templated":true}]}}