{"id":218913,"date":"2014-07-07T23:08:17","date_gmt":"2014-07-07T21:08:17","guid":{"rendered":"http:\/\/grundschule-homberg.de\/wp\/?p=218913"},"modified":"2014-07-07T23:09:23","modified_gmt":"2014-07-07T21:09:23","slug":"bestellung-von-schul-t-shirts","status":"publish","type":"post","link":"https:\/\/grundschule-homberg.de\/wp\/?p=218913","title":{"rendered":"Bestellung von Schul-T-Shirts"},"content":{"rendered":"<p>Der F\u00f6rderverei<a href=\"https:\/\/i0.wp.com\/grundschule-homberg.de\/wp\/wp-content\/uploads\/2014\/07\/WP_20140707_008-Small.jpg\" target=\"_blank\"><img data-recalc-dims=\"1\" loading=\"lazy\" decoding=\"async\" class=\"alignleft wp-image-218918 size-medium\" src=\"https:\/\/i0.wp.com\/grundschule-homberg.de\/wp\/wp-content\/uploads\/2014\/07\/WP_20140707_008-Small-300x225.jpg?resize=300%2C225\" alt=\"WP_20140707_008 (Small)\" width=\"300\" height=\"225\" srcset=\"https:\/\/i0.wp.com\/grundschule-homberg.de\/wp\/wp-content\/uploads\/2014\/07\/WP_20140707_008-Small.jpg?resize=300%2C225&amp;ssl=1 300w, https:\/\/i0.wp.com\/grundschule-homberg.de\/wp\/wp-content\/uploads\/2014\/07\/WP_20140707_008-Small.jpg?resize=150%2C112&amp;ssl=1 150w, https:\/\/i0.wp.com\/grundschule-homberg.de\/wp\/wp-content\/uploads\/2014\/07\/WP_20140707_008-Small.jpg?w=640&amp;ssl=1 640w\" sizes=\"auto, (max-width: 300px) 100vw, 300px\" \/><\/a>n bietet wieder Schul-T-Shirts in den Farben Orange, Gr\u00fcn, Schwarz, Pink und Ros\u00e8 in allen g\u00e4ngigen Gr\u00f6\u00dfen an.<\/p>\n<p>Damit die Fertigstellung rechtzeitig zum neuen Schuljahr sicher gestellt werden kann, m\u00fcssen die Bestellungen bis sp\u00e4testens zum 08. August 2014 beim F\u00f6rderverein eingegangen sein.<\/p>\n<p>Die Schul-Shirts k\u00f6nnen auch telefonisch bei Frau Heike Schmied (06633-6294) bestellt werden.<br \/>\n<a href=\"https:\/\/i0.wp.com\/grundschule-homberg.de\/wp\/wp-content\/uploads\/2014\/07\/WP_20140707_006-Small.jpg\" target=\"_blank\"><br \/>\n<img data-recalc-dims=\"1\" loading=\"lazy\" decoding=\"async\" class=\"alignleft wp-image-218919 size-medium\" src=\"https:\/\/i0.wp.com\/grundschule-homberg.de\/wp\/wp-content\/uploads\/2014\/07\/WP_20140707_006-Small-300x225.jpg?resize=300%2C225\" alt=\"WP_20140707_006 (Small)\" width=\"300\" height=\"225\" srcset=\"https:\/\/i0.wp.com\/grundschule-homberg.de\/wp\/wp-content\/uploads\/2014\/07\/WP_20140707_006-Small.jpg?resize=300%2C225&amp;ssl=1 300w, https:\/\/i0.wp.com\/grundschule-homberg.de\/wp\/wp-content\/uploads\/2014\/07\/WP_20140707_006-Small.jpg?resize=150%2C112&amp;ssl=1 150w, https:\/\/i0.wp.com\/grundschule-homberg.de\/wp\/wp-content\/uploads\/2014\/07\/WP_20140707_006-Small.jpg?w=640&amp;ssl=1 640w\" sizes=\"auto, (max-width: 300px) 100vw, 300px\" \/><\/a><\/p>\n","protected":false},"excerpt":{"rendered":"<p>Der F\u00f6rderverein bietet wieder Schul-T-Shirts in den Farben Orange, Gr\u00fcn, Schwarz, Pink und Ros\u00e8 in allen g\u00e4ngigen Gr\u00f6\u00dfen an. Damit die Fertigstellung rechtzeitig zum neuen Schuljahr sicher gestellt werden kann, m\u00fcssen die Bestellungen bis sp\u00e4testens zum 08. August 2014 beim F\u00f6rderverein eingegangen sein. Die Schul-Shirts k\u00f6nnen auch telefonisch bei Frau Heike Schmied (06633-6294) bestellt werden.<\/p>\n","protected":false},"author":1,"featured_media":218918,"comment_status":"closed","ping_status":"closed","sticky":false,"template":"","format":"standard","meta":{"ngg_post_thumbnail":0,"_jetpack_memberships_contains_paid_content":false,"footnotes":""},"categories":[5,20],"tags":[],"class_list":["post-218913","post","type-post","status-publish","format-standard","has-post-thumbnail","hentry","category-foerderverein","category-schulleben"],"jetpack_featured_media_url":"https:\/\/i0.wp.com\/grundschule-homberg.de\/wp\/wp-content\/uploads\/2014\/07\/WP_20140707_008-Small.jpg?fit=640%2C480&ssl=1","jetpack_shortlink":"https:\/\/wp.me\/p3XuEZ-UWR","jetpack-related-posts":[],"jetpack_sharing_enabled":true,"_links":{"self":[{"href":"https:\/\/grundschule-homberg.de\/wp\/index.php?rest_route=\/wp\/v2\/posts\/218913","targetHints":{"allow":["GET"]}}],"collection":[{"href":"https:\/\/grundschule-homberg.de\/wp\/index.php?rest_route=\/wp\/v2\/posts"}],"about":[{"href":"https:\/\/grundschule-homberg.de\/wp\/index.php?rest_route=\/wp\/v2\/types\/post"}],"author":[{"embeddable":true,"href":"https:\/\/grundschule-homberg.de\/wp\/index.php?rest_route=\/wp\/v2\/users\/1"}],"replies":[{"embeddable":true,"href":"https:\/\/grundschule-homberg.de\/wp\/index.php?rest_route=%2Fwp%2Fv2%2Fcomments&post=218913"}],"version-history":[{"count":3,"href":"https:\/\/grundschule-homberg.de\/wp\/index.php?rest_route=\/wp\/v2\/posts\/218913\/revisions"}],"predecessor-version":[{"id":218921,"href":"https:\/\/grundschule-homberg.de\/wp\/index.php?rest_route=\/wp\/v2\/posts\/218913\/revisions\/218921"}],"wp:featuredmedia":[{"embeddable":true,"href":"https:\/\/grundschule-homberg.de\/wp\/index.php?rest_route=\/wp\/v2\/media\/218918"}],"wp:attachment":[{"href":"https:\/\/grundschule-homberg.de\/wp\/index.php?rest_route=%2Fwp%2Fv2%2Fmedia&parent=218913"}],"wp:term":[{"taxonomy":"category","embeddable":true,"href":"https:\/\/grundschule-homberg.de\/wp\/index.php?rest_route=%2Fwp%2Fv2%2Fcategories&post=218913"},{"taxonomy":"post_tag","embeddable":true,"href":"https:\/\/grundschule-homberg.de\/wp\/index.php?rest_route=%2Fwp%2Fv2%2Ftags&post=218913"}],"curies":[{"name":"wp","href":"https:\/\/api.w.org\/{rel}","templated":true}]}}