{"id":218935,"date":"2014-07-12T11:58:05","date_gmt":"2014-07-12T09:58:05","guid":{"rendered":"http:\/\/grundschule-homberg.de\/wp\/?p=218935"},"modified":"2014-07-12T12:01:33","modified_gmt":"2014-07-12T10:01:33","slug":"foerderverein-der-grundschule-homberg-ohm-sammelt-wieder-gebrauchte-schulranzen","status":"publish","type":"post","link":"https:\/\/grundschule-homberg.de\/wp\/?p=218935","title":{"rendered":"*F\u00f6rderverein der Grundschule Homberg (Ohm) sammelt wieder gebrauchte Schulranzen*"},"content":{"rendered":"<p><a href=\"https:\/\/i0.wp.com\/grundschule-homberg.de\/wp\/wp-content\/uploads\/2014\/07\/schulranzenbutton.png\"><img data-recalc-dims=\"1\" loading=\"lazy\" decoding=\"async\" class=\"alignleft size-full wp-image-218939\" src=\"https:\/\/i0.wp.com\/grundschule-homberg.de\/wp\/wp-content\/uploads\/2014\/07\/schulranzenbutton.png?resize=133%2C133\" alt=\"schulranzenbutton\" width=\"133\" height=\"133\" srcset=\"https:\/\/i0.wp.com\/grundschule-homberg.de\/wp\/wp-content\/uploads\/2014\/07\/schulranzenbutton.png?w=133&amp;ssl=1 133w, https:\/\/i0.wp.com\/grundschule-homberg.de\/wp\/wp-content\/uploads\/2014\/07\/schulranzenbutton.png?resize=40%2C40&amp;ssl=1 40w\" sizes=\"auto, (max-width: 133px) 100vw, 133px\" \/><\/a>Die gro\u00dfen Ferien stehen vor der T\u00fcr.<br \/>\nF\u00fcr die M\u00e4dchen und Jungen der\u00a0vierten Klassen hei\u00dft das Abschied nehmen.<br \/>\nNach vier Jahren in der\u00a0<span style=\"line-height: 1.5;\">Homberger Grundschule werden sie nach den Sommerferien in eine neue Schule gehen.<br \/>\nDas hei\u00dft auch ein neuer Ranzen muss her. Aber wohin mit dem alten?<br \/>\nEr sieht noch ganz gut aus, und stolz ist er die letzten vier Jahre zur Schule getragen worden. Schade, wenn er jetzt im Keller oder auf dem Dachboden verschwindet. Warum nicht noch etwas Gutes damit tun?<br \/>\n<\/span>Unter dem Motto &#8222;Ranzen gegen Armut&#8220; kann jeder die Bildungschancen eines Kindes in einem der GAIN-Projektl\u00e4nder f\u00f6rdern. Denn wo Armut herrscht, da geben die Menschen ihr Geld zuerst f\u00fcr Nahrungsmittel aus. Wenn dann noch etwas \u00fcbrig ist, kaufen sie Kleidung oder Medizin. F\u00fcr die Schulausstattung der Kinder ist kein Geld da. So wachsen Kinder als Analphabeten auf und haben wenig Hoffnung, dass sich ihr Leben jemals \u00e4ndern wird.<br \/>\nAlle sind aufgefordert, ihren gebrauchten, noch gut nutzbaren Schulranzen neu zu f\u00fcllen. Eine Standardf\u00fcllung im Wert von rund 15 Euro besteht beispielsweise aus drei Schreibbl\u00f6cken, drei Rechenheften, einem Zeichenblock, einem M\u00e4ppchen, einer Packung Filzstifte, drei Bleistiften, zwei Radiergummis, einem Spitzer, einem Lineal und drei Kugelschreibern. Als Sonderausstattung k\u00f6nnen auch ein Wasserfarbkasten, Pinsel, Schere, Zirkel oder Hygieneartikel beigelegt werden.<br \/>\nDer so gef\u00fcllte Schulranzen kann im Sekretariat der Grundschule Homberg, Hochstr. 11 bis zum 30. September 2014 abgegeben werden.<\/p>\n<p>Mitglieder des F\u00f6rdervereins bringen die gesammelten Ranzen danach zur zentralen Sammelstelle der internationalen Hilfsorganisation GAIN (Globel Aid Network) e.V. in Gie\u00dfen. Von dort geht der Ranzen mit einem Hilfstransport in eines der Projektl\u00e4nder und gibt so einem Kind z.B. in Indien, dem Irak, Lettland oder in der Ukraine Hoffnung auf eine bessere Zukunft.<\/p>\n<p>Mehr Informationen zur Aktion unter\u00a0<a title=\"GAIN\" href=\"http:\/\/www.gain-germany.org\/gain\/content\/aktuell\/schulranzen-aktion.php?navid=89\" target=\"_blank\">www.GAiN-Germany.org.<\/a><\/p>\n<p>&nbsp;<\/p>\n<p>&nbsp;<\/p>\n","protected":false},"excerpt":{"rendered":"<p>Die gro\u00dfen Ferien stehen vor der T\u00fcr. F\u00fcr die M\u00e4dchen und Jungen der\u00a0vierten Klassen hei\u00dft das Abschied nehmen. Nach vier Jahren in der\u00a0Homberger Grundschule werden sie nach den Sommerferien in eine neue Schule gehen. Das hei\u00dft auch ein neuer Ranzen muss her. Aber wohin mit dem alten? Er sieht noch ganz gut aus, und stolz &hellip; <a href=\"https:\/\/grundschule-homberg.de\/wp\/?p=218935\" class=\"more-link\"><span class=\"screen-reader-text\">*F\u00f6rderverein der Grundschule Homberg (Ohm) sammelt wieder gebrauchte Schulranzen*<\/span> weiterlesen <span class=\"meta-nav\">&rarr;<\/span><\/a><\/p>\n","protected":false},"author":1,"featured_media":218939,"comment_status":"closed","ping_status":"closed","sticky":false,"template":"","format":"standard","meta":{"ngg_post_thumbnail":0,"_jetpack_memberships_contains_paid_content":false,"footnotes":""},"categories":[5],"tags":[],"class_list":["post-218935","post","type-post","status-publish","format-standard","has-post-thumbnail","hentry","category-foerderverein"],"jetpack_featured_media_url":"https:\/\/i0.wp.com\/grundschule-homberg.de\/wp\/wp-content\/uploads\/2014\/07\/schulranzenbutton.png?fit=133%2C133&ssl=1","jetpack_shortlink":"https:\/\/wp.me\/p3XuEZ-UXd","jetpack-related-posts":[],"jetpack_sharing_enabled":true,"_links":{"self":[{"href":"https:\/\/grundschule-homberg.de\/wp\/index.php?rest_route=\/wp\/v2\/posts\/218935","targetHints":{"allow":["GET"]}}],"collection":[{"href":"https:\/\/grundschule-homberg.de\/wp\/index.php?rest_route=\/wp\/v2\/posts"}],"about":[{"href":"https:\/\/grundschule-homberg.de\/wp\/index.php?rest_route=\/wp\/v2\/types\/post"}],"author":[{"embeddable":true,"href":"https:\/\/grundschule-homberg.de\/wp\/index.php?rest_route=\/wp\/v2\/users\/1"}],"replies":[{"embeddable":true,"href":"https:\/\/grundschule-homberg.de\/wp\/index.php?rest_route=%2Fwp%2Fv2%2Fcomments&post=218935"}],"version-history":[{"count":3,"href":"https:\/\/grundschule-homberg.de\/wp\/index.php?rest_route=\/wp\/v2\/posts\/218935\/revisions"}],"predecessor-version":[{"id":218940,"href":"https:\/\/grundschule-homberg.de\/wp\/index.php?rest_route=\/wp\/v2\/posts\/218935\/revisions\/218940"}],"wp:featuredmedia":[{"embeddable":true,"href":"https:\/\/grundschule-homberg.de\/wp\/index.php?rest_route=\/wp\/v2\/media\/218939"}],"wp:attachment":[{"href":"https:\/\/grundschule-homberg.de\/wp\/index.php?rest_route=%2Fwp%2Fv2%2Fmedia&parent=218935"}],"wp:term":[{"taxonomy":"category","embeddable":true,"href":"https:\/\/grundschule-homberg.de\/wp\/index.php?rest_route=%2Fwp%2Fv2%2Fcategories&post=218935"},{"taxonomy":"post_tag","embeddable":true,"href":"https:\/\/grundschule-homberg.de\/wp\/index.php?rest_route=%2Fwp%2Fv2%2Ftags&post=218935"}],"curies":[{"name":"wp","href":"https:\/\/api.w.org\/{rel}","templated":true}]}}