{"id":219002,"date":"2014-07-28T20:44:15","date_gmt":"2014-07-28T18:44:15","guid":{"rendered":"http:\/\/grundschule-homberg.de\/wp\/?p=219002"},"modified":"2014-07-28T20:45:36","modified_gmt":"2014-07-28T18:45:36","slug":"siegerehrungen-der-bundesjugendspiele-und-verabschiedung-der-vierten-klassen","status":"publish","type":"post","link":"https:\/\/grundschule-homberg.de\/wp\/?p=219002","title":{"rendered":"Siegerehrungen der Bundesjugendspiele und Verabschiedung der vierten Klassen"},"content":{"rendered":"<p>Am Freitag, dem 25.05.2014, fand die Urkundenverleihung der diesj\u00e4hrigen Bundesjugendspiele auf dem Schulhof statt. Alle Kinder, die eine Siegerurkunde erreicht hatten, wurden jahrgangsweise aufgerufen und erhielten ihre Urkunden. Die zw\u00f6lf Kinder, die eine Ehrenurkunde erhielten, wurden einzeln zur Verleihung aufgerufen und von der gesamten Schulgemeinde bejubelt. Danach erfolgte die Siegerehrung der Staffell\u00e4ufe. In jedem Jahrgang hatte die c-Klasse den ersten Platz erlaufen!<br \/>\n<!-- default-view.php -->\n<div\n\tclass=\"ngg-galleryoverview default-view\n\t ngg-ajax-pagination-none\t\"\n\tid=\"ngg-gallery-aef4d31616a76f23545e7806348ba7c8-1\">\n\n\t\t<!-- Thumbnails -->\n\t\t\t\t<div id=\"ngg-image-0\" class=\"ngg-gallery-thumbnail-box\n\t\t\t\t\t\t\t\t\t\t\t\"\n\t\t\t>\n\t\t\t\t\t\t<div class=\"ngg-gallery-thumbnail\">\n\t\t\t<a href=\"https:\/\/grundschule-homberg.de\/wp\/wp-content\/gallery\/siegerehrung-bjs-2014\/WP_20140725_003-Small.jpg\"\n\t\t\t\ttitle=\"Siegerurkunden 1. Schuljahr\"\n\t\t\t\tdata-src=\"https:\/\/grundschule-homberg.de\/wp\/wp-content\/gallery\/siegerehrung-bjs-2014\/WP_20140725_003-Small.jpg\"\n\t\t\t\tdata-thumbnail=\"https:\/\/grundschule-homberg.de\/wp\/wp-content\/gallery\/siegerehrung-bjs-2014\/thumbs\/thumbs_WP_20140725_003-Small.jpg\"\n\t\t\t\tdata-image-id=\"257\"\n\t\t\t\tdata-title=\"WP_20140725_003 (Small)\"\n\t\t\t\tdata-description=\"Siegerurkunden 1. Schuljahr\"\n\t\t\t\tdata-image-slug=\"wp_20140725_003-small\"\n\t\t\t\tclass=\"ngg-fancybox\" rel=\"aef4d31616a76f23545e7806348ba7c8\">\n\t\t\t\t<img\n\t\t\t\t\ttitle=\"WP_20140725_003 (Small)\"\n\t\t\t\t\talt=\"WP_20140725_003 (Small)\"\n\t\t\t\t\tsrc=\"https:\/\/grundschule-homberg.de\/wp\/wp-content\/gallery\/siegerehrung-bjs-2014\/thumbs\/thumbs_WP_20140725_003-Small.jpg\"\n\t\t\t\t\twidth=\"120\"\n\t\t\t\t\theight=\"90\"\n\t\t\t\t\tstyle=\"max-width:100%;\"\n\t\t\t\t\/>\n\t\t\t<\/a>\n\t\t<\/div>\n\t\t\t\t\t\t\t<\/div>\n\t\t\t\n\t\t\t\t<div id=\"ngg-image-1\" class=\"ngg-gallery-thumbnail-box\n\t\t\t\t\t\t\t\t\t\t\t\"\n\t\t\t>\n\t\t\t\t\t\t<div class=\"ngg-gallery-thumbnail\">\n\t\t\t<a href=\"https:\/\/grundschule-homberg.de\/wp\/wp-content\/gallery\/siegerehrung-bjs-2014\/WP_20140725_005-Small.jpg\"\n\t\t\t\ttitle=\"Siegerurkunden 2. Schuljahr\"\n\t\t\t\tdata-src=\"https:\/\/grundschule-homberg.de\/wp\/wp-content\/gallery\/siegerehrung-bjs-2014\/WP_20140725_005-Small.jpg\"\n\t\t\t\tdata-thumbnail=\"https:\/\/grundschule-homberg.de\/wp\/wp-content\/gallery\/siegerehrung-bjs-2014\/thumbs\/thumbs_WP_20140725_005-Small.jpg\"\n\t\t\t\tdata-image-id=\"258\"\n\t\t\t\tdata-title=\"WP_20140725_005 (Small)\"\n\t\t\t\tdata-description=\"Siegerurkunden 2. Schuljahr\"\n\t\t\t\tdata-image-slug=\"wp_20140725_005-small\"\n\t\t\t\tclass=\"ngg-fancybox\" rel=\"aef4d31616a76f23545e7806348ba7c8\">\n\t\t\t\t<img\n\t\t\t\t\ttitle=\"WP_20140725_005 (Small)\"\n\t\t\t\t\talt=\"WP_20140725_005 (Small)\"\n\t\t\t\t\tsrc=\"https:\/\/grundschule-homberg.de\/wp\/wp-content\/gallery\/siegerehrung-bjs-2014\/thumbs\/thumbs_WP_20140725_005-Small.jpg\"\n\t\t\t\t\twidth=\"120\"\n\t\t\t\t\theight=\"90\"\n\t\t\t\t\tstyle=\"max-width:100%;\"\n\t\t\t\t\/>\n\t\t\t<\/a>\n\t\t<\/div>\n\t\t\t\t\t\t\t<\/div>\n\t\t\t\n\t\t\t\t<div id=\"ngg-image-2\" class=\"ngg-gallery-thumbnail-box\n\t\t\t\t\t\t\t\t\t\t\t\"\n\t\t\t>\n\t\t\t\t\t\t<div class=\"ngg-gallery-thumbnail\">\n\t\t\t<a href=\"https:\/\/grundschule-homberg.de\/wp\/wp-content\/gallery\/siegerehrung-bjs-2014\/WP_20140725_009-Small.jpg\"\n\t\t\t\ttitle=\"Siegerurkunden 3. Schuljahr\"\n\t\t\t\tdata-src=\"https:\/\/grundschule-homberg.de\/wp\/wp-content\/gallery\/siegerehrung-bjs-2014\/WP_20140725_009-Small.jpg\"\n\t\t\t\tdata-thumbnail=\"https:\/\/grundschule-homberg.de\/wp\/wp-content\/gallery\/siegerehrung-bjs-2014\/thumbs\/thumbs_WP_20140725_009-Small.jpg\"\n\t\t\t\tdata-image-id=\"259\"\n\t\t\t\tdata-title=\"WP_20140725_009 (Small)\"\n\t\t\t\tdata-description=\"Siegerurkunden 3. Schuljahr\"\n\t\t\t\tdata-image-slug=\"wp_20140725_009-small\"\n\t\t\t\tclass=\"ngg-fancybox\" rel=\"aef4d31616a76f23545e7806348ba7c8\">\n\t\t\t\t<img\n\t\t\t\t\ttitle=\"WP_20140725_009 (Small)\"\n\t\t\t\t\talt=\"WP_20140725_009 (Small)\"\n\t\t\t\t\tsrc=\"https:\/\/grundschule-homberg.de\/wp\/wp-content\/gallery\/siegerehrung-bjs-2014\/thumbs\/thumbs_WP_20140725_009-Small.jpg\"\n\t\t\t\t\twidth=\"120\"\n\t\t\t\t\theight=\"90\"\n\t\t\t\t\tstyle=\"max-width:100%;\"\n\t\t\t\t\/>\n\t\t\t<\/a>\n\t\t<\/div>\n\t\t\t\t\t\t\t<\/div>\n\t\t\t\n\t\t\t\t<div id=\"ngg-image-3\" class=\"ngg-gallery-thumbnail-box\n\t\t\t\t\t\t\t\t\t\t\t\"\n\t\t\t>\n\t\t\t\t\t\t<div class=\"ngg-gallery-thumbnail\">\n\t\t\t<a href=\"https:\/\/grundschule-homberg.de\/wp\/wp-content\/gallery\/siegerehrung-bjs-2014\/WP_20140725_013-Small.jpg\"\n\t\t\t\ttitle=\"Siegerurkunden 4. Schuljahr\"\n\t\t\t\tdata-src=\"https:\/\/grundschule-homberg.de\/wp\/wp-content\/gallery\/siegerehrung-bjs-2014\/WP_20140725_013-Small.jpg\"\n\t\t\t\tdata-thumbnail=\"https:\/\/grundschule-homberg.de\/wp\/wp-content\/gallery\/siegerehrung-bjs-2014\/thumbs\/thumbs_WP_20140725_013-Small.jpg\"\n\t\t\t\tdata-image-id=\"260\"\n\t\t\t\tdata-title=\"WP_20140725_013 (Small)\"\n\t\t\t\tdata-description=\"Siegerurkunden 4. Schuljahr\"\n\t\t\t\tdata-image-slug=\"wp_20140725_013-small\"\n\t\t\t\tclass=\"ngg-fancybox\" rel=\"aef4d31616a76f23545e7806348ba7c8\">\n\t\t\t\t<img\n\t\t\t\t\ttitle=\"WP_20140725_013 (Small)\"\n\t\t\t\t\talt=\"WP_20140725_013 (Small)\"\n\t\t\t\t\tsrc=\"https:\/\/grundschule-homberg.de\/wp\/wp-content\/gallery\/siegerehrung-bjs-2014\/thumbs\/thumbs_WP_20140725_013-Small.jpg\"\n\t\t\t\t\twidth=\"120\"\n\t\t\t\t\theight=\"90\"\n\t\t\t\t\tstyle=\"max-width:100%;\"\n\t\t\t\t\/>\n\t\t\t<\/a>\n\t\t<\/div>\n\t\t\t\t\t\t\t<\/div>\n\t\t\t\n\t\t\t\t<div id=\"ngg-image-4\" class=\"ngg-gallery-thumbnail-box\n\t\t\t\t\t\t\t\t\t\t\t\"\n\t\t\t>\n\t\t\t\t\t\t<div class=\"ngg-gallery-thumbnail\">\n\t\t\t<a href=\"https:\/\/grundschule-homberg.de\/wp\/wp-content\/gallery\/siegerehrung-bjs-2014\/WP_20140725_039-Small.jpg\"\n\t\t\t\ttitle=\"Ehrenurkunden\"\n\t\t\t\tdata-src=\"https:\/\/grundschule-homberg.de\/wp\/wp-content\/gallery\/siegerehrung-bjs-2014\/WP_20140725_039-Small.jpg\"\n\t\t\t\tdata-thumbnail=\"https:\/\/grundschule-homberg.de\/wp\/wp-content\/gallery\/siegerehrung-bjs-2014\/thumbs\/thumbs_WP_20140725_039-Small.jpg\"\n\t\t\t\tdata-image-id=\"261\"\n\t\t\t\tdata-title=\"WP_20140725_039 (Small)\"\n\t\t\t\tdata-description=\"Ehrenurkunden\"\n\t\t\t\tdata-image-slug=\"wp_20140725_039-small\"\n\t\t\t\tclass=\"ngg-fancybox\" rel=\"aef4d31616a76f23545e7806348ba7c8\">\n\t\t\t\t<img\n\t\t\t\t\ttitle=\"WP_20140725_039 (Small)\"\n\t\t\t\t\talt=\"WP_20140725_039 (Small)\"\n\t\t\t\t\tsrc=\"https:\/\/grundschule-homberg.de\/wp\/wp-content\/gallery\/siegerehrung-bjs-2014\/thumbs\/thumbs_WP_20140725_039-Small.jpg\"\n\t\t\t\t\twidth=\"120\"\n\t\t\t\t\theight=\"90\"\n\t\t\t\t\tstyle=\"max-width:100%;\"\n\t\t\t\t\/>\n\t\t\t<\/a>\n\t\t<\/div>\n\t\t\t\t\t\t\t<\/div>\n\t\t\t\n\t\t\t\t<div id=\"ngg-image-5\" class=\"ngg-gallery-thumbnail-box\n\t\t\t\t\t\t\t\t\t\t\t\"\n\t\t\t>\n\t\t\t\t\t\t<div class=\"ngg-gallery-thumbnail\">\n\t\t\t<a href=\"https:\/\/grundschule-homberg.de\/wp\/wp-content\/gallery\/siegerehrung-bjs-2014\/WP_20140725_054-Small.jpg\"\n\t\t\t\ttitle=\"Siegerehrung der Staffell\u00e4ufe\"\n\t\t\t\tdata-src=\"https:\/\/grundschule-homberg.de\/wp\/wp-content\/gallery\/siegerehrung-bjs-2014\/WP_20140725_054-Small.jpg\"\n\t\t\t\tdata-thumbnail=\"https:\/\/grundschule-homberg.de\/wp\/wp-content\/gallery\/siegerehrung-bjs-2014\/thumbs\/thumbs_WP_20140725_054-Small.jpg\"\n\t\t\t\tdata-image-id=\"262\"\n\t\t\t\tdata-title=\"WP_20140725_054 (Small)\"\n\t\t\t\tdata-description=\"Siegerehrung der Staffell\u00e4ufe\"\n\t\t\t\tdata-image-slug=\"wp_20140725_054-small\"\n\t\t\t\tclass=\"ngg-fancybox\" rel=\"aef4d31616a76f23545e7806348ba7c8\">\n\t\t\t\t<img\n\t\t\t\t\ttitle=\"WP_20140725_054 (Small)\"\n\t\t\t\t\talt=\"WP_20140725_054 (Small)\"\n\t\t\t\t\tsrc=\"https:\/\/grundschule-homberg.de\/wp\/wp-content\/gallery\/siegerehrung-bjs-2014\/thumbs\/thumbs_WP_20140725_054-Small.jpg\"\n\t\t\t\t\twidth=\"120\"\n\t\t\t\t\theight=\"90\"\n\t\t\t\t\tstyle=\"max-width:100%;\"\n\t\t\t\t\/>\n\t\t\t<\/a>\n\t\t<\/div>\n\t\t\t\t\t\t\t<\/div>\n\t\t\t\n\t\n\t<br style=\"clear: both\" \/>\n\n\t\t<div class=\"slideshowlink\">\n\t\t<a href='https:\/\/grundschule-homberg.de\/wp\/index.php\/nggallery\/slideshow?p=219002'>[Show slideshow]<\/a>\n\n\t<\/div>\n\t\n\t\t<!-- Pagination -->\n\t\t<div class='ngg-clear'><\/div>\t<\/div>\n<\/p>\n<p>Im Anschluss an die Siegerehrung wurden die Kinder der vierten Klassen verabschiedet. Der Schulchor sang die Lieder \u201eNehmt Abschied, Br\u00fcder\u201c und \u201eFerienzeit\u201c und die Schulleiterin, Frau Sartorius, w\u00fcnschte den \u201eAbg\u00e4ngern\u201c in einer kleinen Rede alles Gute f\u00fcr ihre Zukunft.<\/p>\n<p>Danach mussten die Viertkl\u00e4ssler noch eine letzte kleine Pr\u00fcfung bestehen. Mit einem Sprung \u00fcber eine Kiste sollten sie die H\u00fcrde ins f\u00fcnfte Schuljahr nehmen.<\/p>\n<p><!-- default-view.php -->\n<div\n\tclass=\"ngg-galleryoverview default-view\n\t ngg-ajax-pagination-none\t\"\n\tid=\"ngg-gallery-7664c17d6611bcf2b868fa511d6cb1c4-1\">\n\n\t\t<!-- Thumbnails -->\n\t\t\t\t<div id=\"ngg-image-0\" class=\"ngg-gallery-thumbnail-box\n\t\t\t\t\t\t\t\t\t\t\t\"\n\t\t\t>\n\t\t\t\t\t\t<div class=\"ngg-gallery-thumbnail\">\n\t\t\t<a href=\"https:\/\/grundschule-homberg.de\/wp\/wp-content\/gallery\/verabschiedung-4-klassen-2014\/WP_20140725_057-Small.jpg\"\n\t\t\t\ttitle=\"\"\n\t\t\t\tdata-src=\"https:\/\/grundschule-homberg.de\/wp\/wp-content\/gallery\/verabschiedung-4-klassen-2014\/WP_20140725_057-Small.jpg\"\n\t\t\t\tdata-thumbnail=\"https:\/\/grundschule-homberg.de\/wp\/wp-content\/gallery\/verabschiedung-4-klassen-2014\/thumbs\/thumbs_WP_20140725_057-Small.jpg\"\n\t\t\t\tdata-image-id=\"263\"\n\t\t\t\tdata-title=\"WP_20140725_057 (Small)\"\n\t\t\t\tdata-description=\"\"\n\t\t\t\tdata-image-slug=\"wp_20140725_057-small\"\n\t\t\t\tclass=\"ngg-fancybox\" rel=\"7664c17d6611bcf2b868fa511d6cb1c4\">\n\t\t\t\t<img\n\t\t\t\t\ttitle=\"WP_20140725_057 (Small)\"\n\t\t\t\t\talt=\"WP_20140725_057 (Small)\"\n\t\t\t\t\tsrc=\"https:\/\/grundschule-homberg.de\/wp\/wp-content\/gallery\/verabschiedung-4-klassen-2014\/thumbs\/thumbs_WP_20140725_057-Small.jpg\"\n\t\t\t\t\twidth=\"120\"\n\t\t\t\t\theight=\"90\"\n\t\t\t\t\tstyle=\"max-width:100%;\"\n\t\t\t\t\/>\n\t\t\t<\/a>\n\t\t<\/div>\n\t\t\t\t\t\t\t<\/div>\n\t\t\t\n\t\t\t\t<div id=\"ngg-image-1\" class=\"ngg-gallery-thumbnail-box\n\t\t\t\t\t\t\t\t\t\t\t\"\n\t\t\t>\n\t\t\t\t\t\t<div class=\"ngg-gallery-thumbnail\">\n\t\t\t<a href=\"https:\/\/grundschule-homberg.de\/wp\/wp-content\/gallery\/verabschiedung-4-klassen-2014\/WP_20140725_058-Small.jpg\"\n\t\t\t\ttitle=\" \"\n\t\t\t\tdata-src=\"https:\/\/grundschule-homberg.de\/wp\/wp-content\/gallery\/verabschiedung-4-klassen-2014\/WP_20140725_058-Small.jpg\"\n\t\t\t\tdata-thumbnail=\"https:\/\/grundschule-homberg.de\/wp\/wp-content\/gallery\/verabschiedung-4-klassen-2014\/thumbs\/thumbs_WP_20140725_058-Small.jpg\"\n\t\t\t\tdata-image-id=\"264\"\n\t\t\t\tdata-title=\"WP_20140725_058 (Small)\"\n\t\t\t\tdata-description=\" \"\n\t\t\t\tdata-image-slug=\"wp_20140725_058-small\"\n\t\t\t\tclass=\"ngg-fancybox\" rel=\"7664c17d6611bcf2b868fa511d6cb1c4\">\n\t\t\t\t<img\n\t\t\t\t\ttitle=\"WP_20140725_058 (Small)\"\n\t\t\t\t\talt=\"WP_20140725_058 (Small)\"\n\t\t\t\t\tsrc=\"https:\/\/grundschule-homberg.de\/wp\/wp-content\/gallery\/verabschiedung-4-klassen-2014\/thumbs\/thumbs_WP_20140725_058-Small.jpg\"\n\t\t\t\t\twidth=\"120\"\n\t\t\t\t\theight=\"90\"\n\t\t\t\t\tstyle=\"max-width:100%;\"\n\t\t\t\t\/>\n\t\t\t<\/a>\n\t\t<\/div>\n\t\t\t\t\t\t\t<\/div>\n\t\t\t\n\t\t\t\t<div id=\"ngg-image-2\" class=\"ngg-gallery-thumbnail-box\n\t\t\t\t\t\t\t\t\t\t\t\"\n\t\t\t>\n\t\t\t\t\t\t<div class=\"ngg-gallery-thumbnail\">\n\t\t\t<a href=\"https:\/\/grundschule-homberg.de\/wp\/wp-content\/gallery\/verabschiedung-4-klassen-2014\/WP_20140725_060-Small.jpg\"\n\t\t\t\ttitle=\" \"\n\t\t\t\tdata-src=\"https:\/\/grundschule-homberg.de\/wp\/wp-content\/gallery\/verabschiedung-4-klassen-2014\/WP_20140725_060-Small.jpg\"\n\t\t\t\tdata-thumbnail=\"https:\/\/grundschule-homberg.de\/wp\/wp-content\/gallery\/verabschiedung-4-klassen-2014\/thumbs\/thumbs_WP_20140725_060-Small.jpg\"\n\t\t\t\tdata-image-id=\"265\"\n\t\t\t\tdata-title=\"WP_20140725_060 (Small)\"\n\t\t\t\tdata-description=\" \"\n\t\t\t\tdata-image-slug=\"wp_20140725_060-small\"\n\t\t\t\tclass=\"ngg-fancybox\" rel=\"7664c17d6611bcf2b868fa511d6cb1c4\">\n\t\t\t\t<img\n\t\t\t\t\ttitle=\"WP_20140725_060 (Small)\"\n\t\t\t\t\talt=\"WP_20140725_060 (Small)\"\n\t\t\t\t\tsrc=\"https:\/\/grundschule-homberg.de\/wp\/wp-content\/gallery\/verabschiedung-4-klassen-2014\/thumbs\/thumbs_WP_20140725_060-Small.jpg\"\n\t\t\t\t\twidth=\"120\"\n\t\t\t\t\theight=\"90\"\n\t\t\t\t\tstyle=\"max-width:100%;\"\n\t\t\t\t\/>\n\t\t\t<\/a>\n\t\t<\/div>\n\t\t\t\t\t\t\t<\/div>\n\t\t\t\n\t\t\t\t<div id=\"ngg-image-3\" class=\"ngg-gallery-thumbnail-box\n\t\t\t\t\t\t\t\t\t\t\t\"\n\t\t\t>\n\t\t\t\t\t\t<div class=\"ngg-gallery-thumbnail\">\n\t\t\t<a href=\"https:\/\/grundschule-homberg.de\/wp\/wp-content\/gallery\/verabschiedung-4-klassen-2014\/WP_20140725_063-Small.jpg\"\n\t\t\t\ttitle=\" \"\n\t\t\t\tdata-src=\"https:\/\/grundschule-homberg.de\/wp\/wp-content\/gallery\/verabschiedung-4-klassen-2014\/WP_20140725_063-Small.jpg\"\n\t\t\t\tdata-thumbnail=\"https:\/\/grundschule-homberg.de\/wp\/wp-content\/gallery\/verabschiedung-4-klassen-2014\/thumbs\/thumbs_WP_20140725_063-Small.jpg\"\n\t\t\t\tdata-image-id=\"266\"\n\t\t\t\tdata-title=\"WP_20140725_063 (Small)\"\n\t\t\t\tdata-description=\" \"\n\t\t\t\tdata-image-slug=\"wp_20140725_063-small\"\n\t\t\t\tclass=\"ngg-fancybox\" rel=\"7664c17d6611bcf2b868fa511d6cb1c4\">\n\t\t\t\t<img\n\t\t\t\t\ttitle=\"WP_20140725_063 (Small)\"\n\t\t\t\t\talt=\"WP_20140725_063 (Small)\"\n\t\t\t\t\tsrc=\"https:\/\/grundschule-homberg.de\/wp\/wp-content\/gallery\/verabschiedung-4-klassen-2014\/thumbs\/thumbs_WP_20140725_063-Small.jpg\"\n\t\t\t\t\twidth=\"120\"\n\t\t\t\t\theight=\"90\"\n\t\t\t\t\tstyle=\"max-width:100%;\"\n\t\t\t\t\/>\n\t\t\t<\/a>\n\t\t<\/div>\n\t\t\t\t\t\t\t<\/div>\n\t\t\t\n\t\t\t\t<div id=\"ngg-image-4\" class=\"ngg-gallery-thumbnail-box\n\t\t\t\t\t\t\t\t\t\t\t\"\n\t\t\t>\n\t\t\t\t\t\t<div class=\"ngg-gallery-thumbnail\">\n\t\t\t<a href=\"https:\/\/grundschule-homberg.de\/wp\/wp-content\/gallery\/verabschiedung-4-klassen-2014\/WP_20140725_065-Small.jpg\"\n\t\t\t\ttitle=\" \"\n\t\t\t\tdata-src=\"https:\/\/grundschule-homberg.de\/wp\/wp-content\/gallery\/verabschiedung-4-klassen-2014\/WP_20140725_065-Small.jpg\"\n\t\t\t\tdata-thumbnail=\"https:\/\/grundschule-homberg.de\/wp\/wp-content\/gallery\/verabschiedung-4-klassen-2014\/thumbs\/thumbs_WP_20140725_065-Small.jpg\"\n\t\t\t\tdata-image-id=\"267\"\n\t\t\t\tdata-title=\"WP_20140725_065 (Small)\"\n\t\t\t\tdata-description=\" \"\n\t\t\t\tdata-image-slug=\"wp_20140725_065-small\"\n\t\t\t\tclass=\"ngg-fancybox\" rel=\"7664c17d6611bcf2b868fa511d6cb1c4\">\n\t\t\t\t<img\n\t\t\t\t\ttitle=\"WP_20140725_065 (Small)\"\n\t\t\t\t\talt=\"WP_20140725_065 (Small)\"\n\t\t\t\t\tsrc=\"https:\/\/grundschule-homberg.de\/wp\/wp-content\/gallery\/verabschiedung-4-klassen-2014\/thumbs\/thumbs_WP_20140725_065-Small.jpg\"\n\t\t\t\t\twidth=\"120\"\n\t\t\t\t\theight=\"90\"\n\t\t\t\t\tstyle=\"max-width:100%;\"\n\t\t\t\t\/>\n\t\t\t<\/a>\n\t\t<\/div>\n\t\t\t\t\t\t\t<\/div>\n\t\t\t\n\t\n\t<br style=\"clear: both\" \/>\n\n\t\t<div class=\"slideshowlink\">\n\t\t<a href='https:\/\/grundschule-homberg.de\/wp\/index.php\/nggallery\/slideshow?p=219002'>[Show slideshow]<\/a>\n\n\t<\/div>\n\t\n\t\t<!-- Pagination -->\n\t\t<div class='ngg-clear'><\/div>\t<\/div>\n<\/p>\n","protected":false},"excerpt":{"rendered":"<p>Am Freitag, dem 25.05.2014, fand die Urkundenverleihung der diesj\u00e4hrigen Bundesjugendspiele auf dem Schulhof statt. Alle Kinder, die eine Siegerurkunde erreicht hatten, wurden jahrgangsweise aufgerufen und erhielten ihre Urkunden. Die zw\u00f6lf Kinder, die eine Ehrenurkunde erhielten, wurden einzeln zur Verleihung aufgerufen und von der gesamten Schulgemeinde bejubelt. Danach erfolgte die Siegerehrung der Staffell\u00e4ufe. In jedem Jahrgang &hellip; <a href=\"https:\/\/grundschule-homberg.de\/wp\/?p=219002\" class=\"more-link\"><span class=\"screen-reader-text\">Siegerehrungen der Bundesjugendspiele und Verabschiedung der vierten Klassen<\/span> weiterlesen <span class=\"meta-nav\">&rarr;<\/span><\/a><\/p>\n","protected":false},"author":1,"featured_media":219003,"comment_status":"closed","ping_status":"closed","sticky":false,"template":"","format":"standard","meta":{"ngg_post_thumbnail":0,"_jetpack_memberships_contains_paid_content":false,"footnotes":""},"categories":[1,20],"tags":[],"class_list":["post-219002","post","type-post","status-publish","format-standard","has-post-thumbnail","hentry","category-allgemein","category-schulleben"],"jetpack_featured_media_url":"https:\/\/i0.wp.com\/grundschule-homberg.de\/wp\/wp-content\/uploads\/2014\/07\/WP_20140725_003-Small.jpg?fit=640%2C480&ssl=1","jetpack_shortlink":"https:\/\/wp.me\/p3XuEZ-UYi","jetpack-related-posts":[],"jetpack_sharing_enabled":true,"_links":{"self":[{"href":"https:\/\/grundschule-homberg.de\/wp\/index.php?rest_route=\/wp\/v2\/posts\/219002","targetHints":{"allow":["GET"]}}],"collection":[{"href":"https:\/\/grundschule-homberg.de\/wp\/index.php?rest_route=\/wp\/v2\/posts"}],"about":[{"href":"https:\/\/grundschule-homberg.de\/wp\/index.php?rest_route=\/wp\/v2\/types\/post"}],"author":[{"embeddable":true,"href":"https:\/\/grundschule-homberg.de\/wp\/index.php?rest_route=\/wp\/v2\/users\/1"}],"replies":[{"embeddable":true,"href":"https:\/\/grundschule-homberg.de\/wp\/index.php?rest_route=%2Fwp%2Fv2%2Fcomments&post=219002"}],"version-history":[{"count":4,"href":"https:\/\/grundschule-homberg.de\/wp\/index.php?rest_route=\/wp\/v2\/posts\/219002\/revisions"}],"predecessor-version":[{"id":219040,"href":"https:\/\/grundschule-homberg.de\/wp\/index.php?rest_route=\/wp\/v2\/posts\/219002\/revisions\/219040"}],"wp:featuredmedia":[{"embeddable":true,"href":"https:\/\/grundschule-homberg.de\/wp\/index.php?rest_route=\/wp\/v2\/media\/219003"}],"wp:attachment":[{"href":"https:\/\/grundschule-homberg.de\/wp\/index.php?rest_route=%2Fwp%2Fv2%2Fmedia&parent=219002"}],"wp:term":[{"taxonomy":"category","embeddable":true,"href":"https:\/\/grundschule-homberg.de\/wp\/index.php?rest_route=%2Fwp%2Fv2%2Fcategories&post=219002"},{"taxonomy":"post_tag","embeddable":true,"href":"https:\/\/grundschule-homberg.de\/wp\/index.php?rest_route=%2Fwp%2Fv2%2Ftags&post=219002"}],"curies":[{"name":"wp","href":"https:\/\/api.w.org\/{rel}","templated":true}]}}