{"id":219041,"date":"2014-07-28T20:48:56","date_gmt":"2014-07-28T18:48:56","guid":{"rendered":"http:\/\/grundschule-homberg.de\/wp\/?p=219041"},"modified":"2014-07-28T21:27:57","modified_gmt":"2014-07-28T19:27:57","slug":"lehrerin-sigrid-hohnhold-in-den-ruhestand-verabschiedet","status":"publish","type":"post","link":"https:\/\/grundschule-homberg.de\/wp\/?p=219041","title":{"rendered":"Lehrerin Sigrid Hohnhold in den Ruhestand verabschiedet"},"content":{"rendered":"<p>Am Freitag, dem 25.Juli 2014, endete die Schulzeit der beliebten Lehrerin Sigrid Hohnhold. Nachdem sich ihre Klasse 4b, alle weiteren Sch\u00fclerinnen und Sch\u00fcler und auch die Eltern von ihr verabschiedet hatten, wurde Frau Hohnhold in einer kleinen Feierstunde auch den Lehrkr\u00e4ften und Mitarbeitern der Grundschule in den Ruhestand entsandt. Mit Reden, Liedern und anderen Beitr\u00e4gen bedankten sich Schulleitung, Personalrat, aktive und ehemalige Kolleginnen und Kollegen bei Frau Hohnhold f\u00fcr ihre unabl\u00e4ssige und ertragreiche Arbeit an der Grundschule Homberg. Beste W\u00fcnsche f\u00fcr den neuen Lebensabschnitt schlossen sich an.<\/p>\n<p><img data-recalc-dims=\"1\" loading=\"lazy\" decoding=\"async\" class=\"alignleft wp-image-219044 size-medium\" src=\"https:\/\/i0.wp.com\/grundschule-homberg.de\/wp\/wp-content\/uploads\/2014\/07\/WP_20140725_086-Small-300x195.jpg?resize=300%2C195\" alt=\"WP_20140725_086 (Small)\" width=\"300\" height=\"195\" srcset=\"https:\/\/i0.wp.com\/grundschule-homberg.de\/wp\/wp-content\/uploads\/2014\/07\/WP_20140725_086-Small.jpg?resize=300%2C195&amp;ssl=1 300w, https:\/\/i0.wp.com\/grundschule-homberg.de\/wp\/wp-content\/uploads\/2014\/07\/WP_20140725_086-Small.jpg?resize=150%2C97&amp;ssl=1 150w, https:\/\/i0.wp.com\/grundschule-homberg.de\/wp\/wp-content\/uploads\/2014\/07\/WP_20140725_086-Small.jpg?w=735&amp;ssl=1 735w\" sizes=\"auto, (max-width: 300px) 100vw, 300px\" \/> <img data-recalc-dims=\"1\" loading=\"lazy\" decoding=\"async\" class=\"alignright wp-image-219045 size-medium\" src=\"https:\/\/i0.wp.com\/grundschule-homberg.de\/wp\/wp-content\/uploads\/2014\/07\/WP_20140725_090-Small-300x225.jpg?resize=300%2C225\" alt=\"WP_20140725_090 (Small)\" width=\"300\" height=\"225\" srcset=\"https:\/\/i0.wp.com\/grundschule-homberg.de\/wp\/wp-content\/uploads\/2014\/07\/WP_20140725_090-Small.jpg?resize=300%2C225&amp;ssl=1 300w, https:\/\/i0.wp.com\/grundschule-homberg.de\/wp\/wp-content\/uploads\/2014\/07\/WP_20140725_090-Small.jpg?resize=150%2C112&amp;ssl=1 150w, https:\/\/i0.wp.com\/grundschule-homberg.de\/wp\/wp-content\/uploads\/2014\/07\/WP_20140725_090-Small.jpg?w=640&amp;ssl=1 640w\" sizes=\"auto, (max-width: 300px) 100vw, 300px\" \/><\/p>\n","protected":false},"excerpt":{"rendered":"<p>Am Freitag, dem 25.Juli 2014, endete die Schulzeit der beliebten Lehrerin Sigrid Hohnhold. Nachdem sich ihre Klasse 4b, alle weiteren Sch\u00fclerinnen und Sch\u00fcler und auch die Eltern von ihr verabschiedet hatten, wurde Frau Hohnhold in einer kleinen Feierstunde auch den Lehrkr\u00e4ften und Mitarbeitern der Grundschule in den Ruhestand entsandt. Mit Reden, Liedern und anderen Beitr\u00e4gen &hellip; <a href=\"https:\/\/grundschule-homberg.de\/wp\/?p=219041\" class=\"more-link\"><span class=\"screen-reader-text\">Lehrerin Sigrid Hohnhold in den Ruhestand verabschiedet<\/span> weiterlesen <span class=\"meta-nav\">&rarr;<\/span><\/a><\/p>\n","protected":false},"author":1,"featured_media":219056,"comment_status":"closed","ping_status":"closed","sticky":false,"template":"","format":"standard","meta":{"ngg_post_thumbnail":0,"_jetpack_memberships_contains_paid_content":false,"footnotes":""},"categories":[20],"tags":[],"class_list":["post-219041","post","type-post","status-publish","format-standard","has-post-thumbnail","hentry","category-schulleben"],"jetpack_featured_media_url":"https:\/\/i0.wp.com\/grundschule-homberg.de\/wp\/wp-content\/uploads\/2014\/07\/WP_20140725_076-Small.jpg?fit=480%2C606&ssl=1","jetpack_shortlink":"https:\/\/wp.me\/p3XuEZ-UYV","jetpack-related-posts":[],"jetpack_sharing_enabled":true,"_links":{"self":[{"href":"https:\/\/grundschule-homberg.de\/wp\/index.php?rest_route=\/wp\/v2\/posts\/219041","targetHints":{"allow":["GET"]}}],"collection":[{"href":"https:\/\/grundschule-homberg.de\/wp\/index.php?rest_route=\/wp\/v2\/posts"}],"about":[{"href":"https:\/\/grundschule-homberg.de\/wp\/index.php?rest_route=\/wp\/v2\/types\/post"}],"author":[{"embeddable":true,"href":"https:\/\/grundschule-homberg.de\/wp\/index.php?rest_route=\/wp\/v2\/users\/1"}],"replies":[{"embeddable":true,"href":"https:\/\/grundschule-homberg.de\/wp\/index.php?rest_route=%2Fwp%2Fv2%2Fcomments&post=219041"}],"version-history":[{"count":2,"href":"https:\/\/grundschule-homberg.de\/wp\/index.php?rest_route=\/wp\/v2\/posts\/219041\/revisions"}],"predecessor-version":[{"id":219057,"href":"https:\/\/grundschule-homberg.de\/wp\/index.php?rest_route=\/wp\/v2\/posts\/219041\/revisions\/219057"}],"wp:featuredmedia":[{"embeddable":true,"href":"https:\/\/grundschule-homberg.de\/wp\/index.php?rest_route=\/wp\/v2\/media\/219056"}],"wp:attachment":[{"href":"https:\/\/grundschule-homberg.de\/wp\/index.php?rest_route=%2Fwp%2Fv2%2Fmedia&parent=219041"}],"wp:term":[{"taxonomy":"category","embeddable":true,"href":"https:\/\/grundschule-homberg.de\/wp\/index.php?rest_route=%2Fwp%2Fv2%2Fcategories&post=219041"},{"taxonomy":"post_tag","embeddable":true,"href":"https:\/\/grundschule-homberg.de\/wp\/index.php?rest_route=%2Fwp%2Fv2%2Ftags&post=219041"}],"curies":[{"name":"wp","href":"https:\/\/api.w.org\/{rel}","templated":true}]}}