{"id":219067,"date":"2014-09-13T16:07:33","date_gmt":"2014-09-13T14:07:33","guid":{"rendered":"http:\/\/grundschule-homberg.de\/wp\/?p=219067"},"modified":"2014-09-14T11:30:13","modified_gmt":"2014-09-14T09:30:13","slug":"viele-gaeste-zur-einschulungsfeier","status":"publish","type":"post","link":"https:\/\/grundschule-homberg.de\/wp\/?p=219067","title":{"rendered":"Viele G\u00e4ste zur Einschulungsfeier"},"content":{"rendered":"<p>Am Dienstag, dem 9. September 2014, wurden 73 M\u00e4dchen und Jungen in die Grundschule Homberg eingeschult. Nach dem Gottesdienst in der Stadtkirche versammelten sich die Schulgemeinde, die neuen Erstkl\u00e4ssler und viele G\u00e4ste zur kleinen Aufnahmefeier auf dem Schulhof.<\/p>\n<p>Der Schulchor er\u00f6ffnete mit dem Kanon \u201eGuten Morgen\u201c in vielen Sprachen. Schulleiterin Eva Sartorius begr\u00fc\u00dfte Kinder und Erwachsene und w\u00fcnschte einen sch\u00f6nen Tag und viel Freude und Erfolg f\u00fcr die nun beginnende Schulzeit. Der Schulchor schloss sich mit dem Lied \u201eIhr geht jetzt zur Schule\u201c an. Die Kinder der 2. Klassen begannen nun mit einem Vorf\u00fchrungsprogramm: Die 2a sagte Reime zum Schulanfang auf. Die Kinder der Klasse 2b zeigten den Tanz \u201eSportinator\u201c. Gedichte zur Einschulung wurden von der 2c vorgetragen. Danach wurden die neuen Schulkinder klassenweise aufgerufen und durften durch ein langes Spalier, das von den Kindern der Klassen 3 und 4 gestellt wurde zu ihren Klassenr\u00e4umen gehen.\u00a0\u00a0 Die Eltern und Familien wurden inzwischen von den Eltern der zweiten Klassen mit Kaffee, Kuchen und kalten Getr\u00e4nken bewirtet. Der Erl\u00f6s daraus stockt die Klassenkassen des 2. Schuljahres auf.<\/p>\n<p><img data-recalc-dims=\"1\" loading=\"lazy\" decoding=\"async\" class=\"alignleft wp-image-219100 size-medium\" src=\"https:\/\/i0.wp.com\/grundschule-homberg.de\/wp\/wp-content\/uploads\/2014\/09\/WP_20140909_001-Small-288x300.jpg?resize=288%2C300\" alt=\"WP_20140909_001 (Small)\" width=\"288\" height=\"300\" srcset=\"https:\/\/i0.wp.com\/grundschule-homberg.de\/wp\/wp-content\/uploads\/2014\/09\/WP_20140909_001-Small.jpg?resize=288%2C300&amp;ssl=1 288w, https:\/\/i0.wp.com\/grundschule-homberg.de\/wp\/wp-content\/uploads\/2014\/09\/WP_20140909_001-Small.jpg?resize=144%2C150&amp;ssl=1 144w, https:\/\/i0.wp.com\/grundschule-homberg.de\/wp\/wp-content\/uploads\/2014\/09\/WP_20140909_001-Small.jpg?w=480&amp;ssl=1 480w\" sizes=\"auto, (max-width: 288px) 100vw, 288px\" \/><\/p>\n<p>Gegen 12.20 Uhr endete dieser aufregende erste Schultag f\u00fcr die Einsch\u00fcler.<\/p>\n<p>Wir w\u00fcnschen unseren neuen Kindern alles Liebe, viel Spa\u00df in der Schule und eine unvergessliche Grundschulzeit.<\/p>\n","protected":false},"excerpt":{"rendered":"<p>Am Dienstag, dem 9. September 2014, wurden 73 M\u00e4dchen und Jungen in die Grundschule Homberg eingeschult. Nach dem Gottesdienst in der Stadtkirche versammelten sich die Schulgemeinde, die neuen Erstkl\u00e4ssler und viele G\u00e4ste zur kleinen Aufnahmefeier auf dem Schulhof. Der Schulchor er\u00f6ffnete mit dem Kanon \u201eGuten Morgen\u201c in vielen Sprachen. Schulleiterin Eva Sartorius begr\u00fc\u00dfte Kinder und &hellip; <a href=\"https:\/\/grundschule-homberg.de\/wp\/?p=219067\" class=\"more-link\"><span class=\"screen-reader-text\">Viele G\u00e4ste zur Einschulungsfeier<\/span> weiterlesen <span class=\"meta-nav\">&rarr;<\/span><\/a><\/p>\n","protected":false},"author":1,"featured_media":219068,"comment_status":"closed","ping_status":"closed","sticky":false,"template":"","format":"standard","meta":{"ngg_post_thumbnail":0,"_jetpack_memberships_contains_paid_content":false,"footnotes":""},"categories":[1,20],"tags":[],"class_list":["post-219067","post","type-post","status-publish","format-standard","has-post-thumbnail","hentry","category-allgemein","category-schulleben"],"jetpack_featured_media_url":"https:\/\/i0.wp.com\/grundschule-homberg.de\/wp\/wp-content\/uploads\/2014\/09\/WP_20140909_002-Small.jpg?fit=640%2C480&ssl=1","jetpack_shortlink":"https:\/\/wp.me\/p3XuEZ-UZl","jetpack-related-posts":[],"jetpack_sharing_enabled":true,"_links":{"self":[{"href":"https:\/\/grundschule-homberg.de\/wp\/index.php?rest_route=\/wp\/v2\/posts\/219067","targetHints":{"allow":["GET"]}}],"collection":[{"href":"https:\/\/grundschule-homberg.de\/wp\/index.php?rest_route=\/wp\/v2\/posts"}],"about":[{"href":"https:\/\/grundschule-homberg.de\/wp\/index.php?rest_route=\/wp\/v2\/types\/post"}],"author":[{"embeddable":true,"href":"https:\/\/grundschule-homberg.de\/wp\/index.php?rest_route=\/wp\/v2\/users\/1"}],"replies":[{"embeddable":true,"href":"https:\/\/grundschule-homberg.de\/wp\/index.php?rest_route=%2Fwp%2Fv2%2Fcomments&post=219067"}],"version-history":[{"count":4,"href":"https:\/\/grundschule-homberg.de\/wp\/index.php?rest_route=\/wp\/v2\/posts\/219067\/revisions"}],"predecessor-version":[{"id":219102,"href":"https:\/\/grundschule-homberg.de\/wp\/index.php?rest_route=\/wp\/v2\/posts\/219067\/revisions\/219102"}],"wp:featuredmedia":[{"embeddable":true,"href":"https:\/\/grundschule-homberg.de\/wp\/index.php?rest_route=\/wp\/v2\/media\/219068"}],"wp:attachment":[{"href":"https:\/\/grundschule-homberg.de\/wp\/index.php?rest_route=%2Fwp%2Fv2%2Fmedia&parent=219067"}],"wp:term":[{"taxonomy":"category","embeddable":true,"href":"https:\/\/grundschule-homberg.de\/wp\/index.php?rest_route=%2Fwp%2Fv2%2Fcategories&post=219067"},{"taxonomy":"post_tag","embeddable":true,"href":"https:\/\/grundschule-homberg.de\/wp\/index.php?rest_route=%2Fwp%2Fv2%2Ftags&post=219067"}],"curies":[{"name":"wp","href":"https:\/\/api.w.org\/{rel}","templated":true}]}}