{"id":219071,"date":"2014-09-13T16:10:50","date_gmt":"2014-09-13T14:10:50","guid":{"rendered":"http:\/\/grundschule-homberg.de\/wp\/?p=219071"},"modified":"2014-09-13T16:27:25","modified_gmt":"2014-09-13T14:27:25","slug":"aktion-blitz-fuer-kids-an-der-grundschule-homberg","status":"publish","type":"post","link":"https:\/\/grundschule-homberg.de\/wp\/?p=219071","title":{"rendered":"Aktion \u201eBlitz f\u00fcr Kids\u201c an der Grundschule Homberg"},"content":{"rendered":"<p>Am Donnerstag, dem 11. September 2014, wurde die Aktion \u201eBlitz f\u00fcr Kids\u201c in Zusammenarbeit mit dem Polizeirevier Osthessen durchgef\u00fchrt. Zu Unterrichtsbeginn und \u2013ende \u00fcberpr\u00fcften die Polizeibeamten zusammen mit Kindern aus dem 4. Schuljahr die Geschwindigkeit der Verkehrsteilnehmer in der Hochstra\u00dfe. Viele Verkehrsteilnehmer hielten die vorgeschriebene H\u00f6chstgeschwindigkeit von 30 km\/h ein und wur<a href=\"https:\/\/i0.wp.com\/grundschule-homberg.de\/wp\/wp-content\/uploads\/2014\/09\/WP_20140911_007-Small.jpg\" target=\"_blank\"><img data-recalc-dims=\"1\" loading=\"lazy\" decoding=\"async\" class=\"alignright wp-image-219077 size-thumbnail\" src=\"https:\/\/i0.wp.com\/grundschule-homberg.de\/wp\/wp-content\/uploads\/2014\/09\/WP_20140911_007-Small-150x112.jpg?resize=150%2C112\" alt=\"WP_20140911_007 (Small)\" width=\"150\" height=\"112\" srcset=\"https:\/\/i0.wp.com\/grundschule-homberg.de\/wp\/wp-content\/uploads\/2014\/09\/WP_20140911_007-Small.jpg?resize=150%2C112&amp;ssl=1 150w, https:\/\/i0.wp.com\/grundschule-homberg.de\/wp\/wp-content\/uploads\/2014\/09\/WP_20140911_007-Small.jpg?resize=300%2C225&amp;ssl=1 300w, https:\/\/i0.wp.com\/grundschule-homberg.de\/wp\/wp-content\/uploads\/2014\/09\/WP_20140911_007-Small.jpg?w=640&amp;ssl=1 640w\" sizes=\"auto, (max-width: 150px) 100vw, 150px\" \/><\/a>den von den Kindern mit einer gr\u00fcnen Karte und einem kleinen P\u00e4ckchen Gummib\u00e4rchen belohnt.\u00a0Verkehrsteilnehmer, die zu schnell fuhren, bekamen die \u201egelbe Karte\u201c\u00a0und eine Ermahnung mit auf den Weg.<\/p>\n<p>Ebenso wu<img data-recalc-dims=\"1\" loading=\"lazy\" decoding=\"async\" class=\"alignleft wp-image-219076 size-thumbnail\" src=\"https:\/\/i0.wp.com\/grundschule-homberg.de\/wp\/wp-content\/uploads\/2014\/09\/WP_20140911_004-Small-150x116.jpg?resize=150%2C116\" alt=\"WP_20140911_004 (Small)\" width=\"150\" height=\"116\" srcset=\"https:\/\/i0.wp.com\/grundschule-homberg.de\/wp\/wp-content\/uploads\/2014\/09\/WP_20140911_004-Small.jpg?resize=150%2C116&amp;ssl=1 150w, https:\/\/i0.wp.com\/grundschule-homberg.de\/wp\/wp-content\/uploads\/2014\/09\/WP_20140911_004-Small.jpg?resize=300%2C232&amp;ssl=1 300w, https:\/\/i0.wp.com\/grundschule-homberg.de\/wp\/wp-content\/uploads\/2014\/09\/WP_20140911_004-Small.jpg?w=620&amp;ssl=1 620w\" sizes=\"auto, (max-width: 150px) 100vw, 150px\" \/>rden Autofahrer, die sich gef\u00e4hrdend verhielten etwa durch Parken an unerlaubten Stellen oder das Hineinfahren in den gesperrten Bereich der Hochstra\u00dfe von den Polizisten aufgekl\u00e4rt und ermahnt.<\/p>\n<p>Strafen und Bu\u00dfgelder gab es an diesem Tag nicht. Die Polizisten versuchten\u00a0 die Verkehrsteilnehmer f\u00fcr die Gefahren auf dem Schulweg unserer Kinder zu sensibilisieren, damit auch in Zukunft alle Sch\u00fclerinnen und Sch\u00fcler sicher zur Schule und wieder nach Hause gelangen.<br \/>\n<a href=\"https:\/\/i0.wp.com\/grundschule-homberg.de\/wp\/wp-content\/uploads\/2014\/09\/WP_20140911_008-Small.jpg\" target=\"_blank\"><img data-recalc-dims=\"1\" loading=\"lazy\" decoding=\"async\" class=\"alignleft wp-image-219078 size-thumbnail\" src=\"https:\/\/i0.wp.com\/grundschule-homberg.de\/wp\/wp-content\/uploads\/2014\/09\/WP_20140911_008-Small-150x112.jpg?resize=150%2C112\" alt=\"WP_20140911_008 (Small)\" width=\"150\" height=\"112\" srcset=\"https:\/\/i0.wp.com\/grundschule-homberg.de\/wp\/wp-content\/uploads\/2014\/09\/WP_20140911_008-Small.jpg?resize=150%2C112&amp;ssl=1 150w, https:\/\/i0.wp.com\/grundschule-homberg.de\/wp\/wp-content\/uploads\/2014\/09\/WP_20140911_008-Small.jpg?resize=300%2C225&amp;ssl=1 300w, https:\/\/i0.wp.com\/grundschule-homberg.de\/wp\/wp-content\/uploads\/2014\/09\/WP_20140911_008-Small.jpg?w=640&amp;ssl=1 640w\" sizes=\"auto, (max-width: 150px) 100vw, 150px\" \/><\/a><a href=\"https:\/\/i0.wp.com\/grundschule-homberg.de\/wp\/wp-content\/uploads\/2014\/09\/WP_20140911_002-Small.jpg\" target=\"_blank\"><img data-recalc-dims=\"1\" loading=\"lazy\" decoding=\"async\" class=\"alignleft wp-image-219074 size-thumbnail\" src=\"https:\/\/i0.wp.com\/grundschule-homberg.de\/wp\/wp-content\/uploads\/2014\/09\/WP_20140911_002-Small-150x112.jpg?resize=150%2C112\" alt=\"WP_20140911_002 (Small)\" width=\"150\" height=\"112\" srcset=\"https:\/\/i0.wp.com\/grundschule-homberg.de\/wp\/wp-content\/uploads\/2014\/09\/WP_20140911_002-Small.jpg?resize=150%2C112&amp;ssl=1 150w, https:\/\/i0.wp.com\/grundschule-homberg.de\/wp\/wp-content\/uploads\/2014\/09\/WP_20140911_002-Small.jpg?resize=300%2C225&amp;ssl=1 300w, https:\/\/i0.wp.com\/grundschule-homberg.de\/wp\/wp-content\/uploads\/2014\/09\/WP_20140911_002-Small.jpg?w=640&amp;ssl=1 640w\" sizes=\"auto, (max-width: 150px) 100vw, 150px\" \/><\/a><a href=\"https:\/\/i0.wp.com\/grundschule-homberg.de\/wp\/wp-content\/uploads\/2014\/09\/WP_20140911_003-Small1.jpg\" target=\"_blank\"><img data-recalc-dims=\"1\" loading=\"lazy\" decoding=\"async\" class=\"alignleft wp-image-219075 size-thumbnail\" src=\"https:\/\/i0.wp.com\/grundschule-homberg.de\/wp\/wp-content\/uploads\/2014\/09\/WP_20140911_003-Small1-150x112.jpg?resize=150%2C112\" alt=\"WP_20140911_003 (Small)\" width=\"150\" height=\"112\" srcset=\"https:\/\/i0.wp.com\/grundschule-homberg.de\/wp\/wp-content\/uploads\/2014\/09\/WP_20140911_003-Small1.jpg?resize=150%2C112&amp;ssl=1 150w, https:\/\/i0.wp.com\/grundschule-homberg.de\/wp\/wp-content\/uploads\/2014\/09\/WP_20140911_003-Small1.jpg?resize=300%2C225&amp;ssl=1 300w, https:\/\/i0.wp.com\/grundschule-homberg.de\/wp\/wp-content\/uploads\/2014\/09\/WP_20140911_003-Small1.jpg?w=640&amp;ssl=1 640w\" sizes=\"auto, (max-width: 150px) 100vw, 150px\" \/><\/a><\/p>\n","protected":false},"excerpt":{"rendered":"<p>Am Donnerstag, dem 11. September 2014, wurde die Aktion \u201eBlitz f\u00fcr Kids\u201c in Zusammenarbeit mit dem Polizeirevier Osthessen durchgef\u00fchrt. Zu Unterrichtsbeginn und \u2013ende \u00fcberpr\u00fcften die Polizeibeamten zusammen mit Kindern aus dem 4. Schuljahr die Geschwindigkeit der Verkehrsteilnehmer in der Hochstra\u00dfe. Viele Verkehrsteilnehmer hielten die vorgeschriebene H\u00f6chstgeschwindigkeit von 30 km\/h ein und wurden von den Kindern &hellip; <a href=\"https:\/\/grundschule-homberg.de\/wp\/?p=219071\" class=\"more-link\"><span class=\"screen-reader-text\">Aktion \u201eBlitz f\u00fcr Kids\u201c an der Grundschule Homberg<\/span> weiterlesen <span class=\"meta-nav\">&rarr;<\/span><\/a><\/p>\n","protected":false},"author":1,"featured_media":219074,"comment_status":"closed","ping_status":"closed","sticky":false,"template":"","format":"standard","meta":{"ngg_post_thumbnail":0,"_jetpack_memberships_contains_paid_content":false,"footnotes":""},"categories":[1,20],"tags":[],"class_list":["post-219071","post","type-post","status-publish","format-standard","has-post-thumbnail","hentry","category-allgemein","category-schulleben"],"jetpack_featured_media_url":"https:\/\/i0.wp.com\/grundschule-homberg.de\/wp\/wp-content\/uploads\/2014\/09\/WP_20140911_002-Small.jpg?fit=640%2C480&ssl=1","jetpack_shortlink":"https:\/\/wp.me\/p3XuEZ-UZp","jetpack-related-posts":[],"jetpack_sharing_enabled":true,"_links":{"self":[{"href":"https:\/\/grundschule-homberg.de\/wp\/index.php?rest_route=\/wp\/v2\/posts\/219071","targetHints":{"allow":["GET"]}}],"collection":[{"href":"https:\/\/grundschule-homberg.de\/wp\/index.php?rest_route=\/wp\/v2\/posts"}],"about":[{"href":"https:\/\/grundschule-homberg.de\/wp\/index.php?rest_route=\/wp\/v2\/types\/post"}],"author":[{"embeddable":true,"href":"https:\/\/grundschule-homberg.de\/wp\/index.php?rest_route=\/wp\/v2\/users\/1"}],"replies":[{"embeddable":true,"href":"https:\/\/grundschule-homberg.de\/wp\/index.php?rest_route=%2Fwp%2Fv2%2Fcomments&post=219071"}],"version-history":[{"count":4,"href":"https:\/\/grundschule-homberg.de\/wp\/index.php?rest_route=\/wp\/v2\/posts\/219071\/revisions"}],"predecessor-version":[{"id":219082,"href":"https:\/\/grundschule-homberg.de\/wp\/index.php?rest_route=\/wp\/v2\/posts\/219071\/revisions\/219082"}],"wp:featuredmedia":[{"embeddable":true,"href":"https:\/\/grundschule-homberg.de\/wp\/index.php?rest_route=\/wp\/v2\/media\/219074"}],"wp:attachment":[{"href":"https:\/\/grundschule-homberg.de\/wp\/index.php?rest_route=%2Fwp%2Fv2%2Fmedia&parent=219071"}],"wp:term":[{"taxonomy":"category","embeddable":true,"href":"https:\/\/grundschule-homberg.de\/wp\/index.php?rest_route=%2Fwp%2Fv2%2Fcategories&post=219071"},{"taxonomy":"post_tag","embeddable":true,"href":"https:\/\/grundschule-homberg.de\/wp\/index.php?rest_route=%2Fwp%2Fv2%2Ftags&post=219071"}],"curies":[{"name":"wp","href":"https:\/\/api.w.org\/{rel}","templated":true}]}}