{"id":219111,"date":"2014-10-01T20:12:03","date_gmt":"2014-10-01T18:12:03","guid":{"rendered":"http:\/\/grundschule-homberg.de\/wp\/?p=219111"},"modified":"2014-10-02T08:10:59","modified_gmt":"2014-10-02T06:10:59","slug":"adac-uebergibt-sicherheitswesten-an-erstklaessler","status":"publish","type":"post","link":"https:\/\/grundschule-homberg.de\/wp\/?p=219111","title":{"rendered":"ADAC \u00fcbergibt Sicherheitswesten an Erstkl\u00e4ssler"},"content":{"rendered":"<p>Am Mittwoch, dem 01.10.2014, \u00fcbergaben Frau H\u00f6fert-Brandt und Herr Hornemann\u00a0 vom MCS Ohmtal im Auftrag des ADAC leuchtend gelbe Sicherheitswesten an 73 Kinder aus den ersten Klassen und der Vorklasse.<\/p>\n<p>Die Klassenlehrerinnen, die Schulleiterin und die Vorsitzenden des Schulelternbeirates bedankten sich herzlich f\u00fcr diese Spende. Die Westen erh\u00f6hen die Sicherheit der Schulanf\u00e4nger im Stra\u00dfenverkehr deutlich. Durch die grelle Farbe und die Leuchtelemente werden die Kinder besonders bei Dunkelheit von Autofahrern besser erkannt.<\/p>\n<p>Voller Stolz probierten die Sch\u00fclerinnen und Sch\u00fcler ihre \u201ecoole Westen\u201c an.<br \/>\n<a href=\"https:\/\/i0.wp.com\/grundschule-homberg.de\/wp\/wp-content\/uploads\/2014\/10\/Westen_20141001_002-Small.jpg\" target=\"_blank\"><img data-recalc-dims=\"1\" loading=\"lazy\" decoding=\"async\" class=\"alignleft wp-image-219109 size-medium\" src=\"https:\/\/i0.wp.com\/grundschule-homberg.de\/wp\/wp-content\/uploads\/2014\/10\/Westen_20141001_002-Small-300x225.jpg?resize=300%2C225\" alt=\"Westen_20141001_002 (Small)\" width=\"300\" height=\"225\" srcset=\"https:\/\/i0.wp.com\/grundschule-homberg.de\/wp\/wp-content\/uploads\/2014\/10\/Westen_20141001_002-Small.jpg?resize=300%2C225&amp;ssl=1 300w, https:\/\/i0.wp.com\/grundschule-homberg.de\/wp\/wp-content\/uploads\/2014\/10\/Westen_20141001_002-Small.jpg?resize=150%2C112&amp;ssl=1 150w, https:\/\/i0.wp.com\/grundschule-homberg.de\/wp\/wp-content\/uploads\/2014\/10\/Westen_20141001_002-Small.jpg?w=640&amp;ssl=1 640w\" sizes=\"auto, (max-width: 300px) 100vw, 300px\" \/><\/a><\/p>\n","protected":false},"excerpt":{"rendered":"<p>Am Mittwoch, dem 01.10.2014, \u00fcbergaben Frau H\u00f6fert-Brandt und Herr Hornemann\u00a0 vom MCS Ohmtal im Auftrag des ADAC leuchtend gelbe Sicherheitswesten an 73 Kinder aus den ersten Klassen und der Vorklasse. Die Klassenlehrerinnen, die Schulleiterin und die Vorsitzenden des Schulelternbeirates bedankten sich herzlich f\u00fcr diese Spende. Die Westen erh\u00f6hen die Sicherheit der Schulanf\u00e4nger im Stra\u00dfenverkehr deutlich. &hellip; <a href=\"https:\/\/grundschule-homberg.de\/wp\/?p=219111\" class=\"more-link\"><span class=\"screen-reader-text\">ADAC \u00fcbergibt Sicherheitswesten an Erstkl\u00e4ssler<\/span> weiterlesen <span class=\"meta-nav\">&rarr;<\/span><\/a><\/p>\n","protected":false},"author":1,"featured_media":219109,"comment_status":"closed","ping_status":"closed","sticky":false,"template":"","format":"standard","meta":{"ngg_post_thumbnail":0,"_jetpack_memberships_contains_paid_content":false,"footnotes":""},"categories":[1,20],"tags":[],"class_list":["post-219111","post","type-post","status-publish","format-standard","has-post-thumbnail","hentry","category-allgemein","category-schulleben"],"jetpack_featured_media_url":"https:\/\/i0.wp.com\/grundschule-homberg.de\/wp\/wp-content\/uploads\/2014\/10\/Westen_20141001_002-Small.jpg?fit=640%2C480&ssl=1","jetpack_shortlink":"https:\/\/wp.me\/p3XuEZ-V03","jetpack-related-posts":[],"jetpack_sharing_enabled":true,"_links":{"self":[{"href":"https:\/\/grundschule-homberg.de\/wp\/index.php?rest_route=\/wp\/v2\/posts\/219111","targetHints":{"allow":["GET"]}}],"collection":[{"href":"https:\/\/grundschule-homberg.de\/wp\/index.php?rest_route=\/wp\/v2\/posts"}],"about":[{"href":"https:\/\/grundschule-homberg.de\/wp\/index.php?rest_route=\/wp\/v2\/types\/post"}],"author":[{"embeddable":true,"href":"https:\/\/grundschule-homberg.de\/wp\/index.php?rest_route=\/wp\/v2\/users\/1"}],"replies":[{"embeddable":true,"href":"https:\/\/grundschule-homberg.de\/wp\/index.php?rest_route=%2Fwp%2Fv2%2Fcomments&post=219111"}],"version-history":[{"count":2,"href":"https:\/\/grundschule-homberg.de\/wp\/index.php?rest_route=\/wp\/v2\/posts\/219111\/revisions"}],"predecessor-version":[{"id":219134,"href":"https:\/\/grundschule-homberg.de\/wp\/index.php?rest_route=\/wp\/v2\/posts\/219111\/revisions\/219134"}],"wp:featuredmedia":[{"embeddable":true,"href":"https:\/\/grundschule-homberg.de\/wp\/index.php?rest_route=\/wp\/v2\/media\/219109"}],"wp:attachment":[{"href":"https:\/\/grundschule-homberg.de\/wp\/index.php?rest_route=%2Fwp%2Fv2%2Fmedia&parent=219111"}],"wp:term":[{"taxonomy":"category","embeddable":true,"href":"https:\/\/grundschule-homberg.de\/wp\/index.php?rest_route=%2Fwp%2Fv2%2Fcategories&post=219111"},{"taxonomy":"post_tag","embeddable":true,"href":"https:\/\/grundschule-homberg.de\/wp\/index.php?rest_route=%2Fwp%2Fv2%2Ftags&post=219111"}],"curies":[{"name":"wp","href":"https:\/\/api.w.org\/{rel}","templated":true}]}}