{"id":219149,"date":"2014-10-14T22:23:13","date_gmt":"2014-10-14T20:23:13","guid":{"rendered":"http:\/\/grundschule-homberg.de\/wp\/?p=219149"},"modified":"2014-10-18T20:39:48","modified_gmt":"2014-10-18T18:39:48","slug":"fahrradpruefung-an-der-grundschule-homberg","status":"publish","type":"post","link":"https:\/\/grundschule-homberg.de\/wp\/?p=219149","title":{"rendered":"Fahrradpr\u00fcfung an der Grundschule Homberg"},"content":{"rendered":"<p><img data-recalc-dims=\"1\" loading=\"lazy\" decoding=\"async\" class=\"alignleft wp-image-219150 size-medium\" src=\"https:\/\/i0.wp.com\/grundschule-homberg.de\/wp\/wp-content\/uploads\/2014\/10\/WP_20141013_003-Medium-300x225.jpg?resize=300%2C225\" alt=\"WP_20141013_003 (Medium)\" width=\"300\" height=\"225\" srcset=\"https:\/\/i0.wp.com\/grundschule-homberg.de\/wp\/wp-content\/uploads\/2014\/10\/WP_20141013_003-Medium.jpg?resize=300%2C225&amp;ssl=1 300w, https:\/\/i0.wp.com\/grundschule-homberg.de\/wp\/wp-content\/uploads\/2014\/10\/WP_20141013_003-Medium.jpg?resize=150%2C112&amp;ssl=1 150w, https:\/\/i0.wp.com\/grundschule-homberg.de\/wp\/wp-content\/uploads\/2014\/10\/WP_20141013_003-Medium.jpg?w=1024&amp;ssl=1 1024w\" sizes=\"auto, (max-width: 300px) 100vw, 300px\" \/>In den vergangenen zwei Wochen haben die Sch\u00fclerinnen und Sch\u00fcler der vierten Klassen den \u201eFahrradf\u00fchrerschein\u201c gemacht. Nach den theoretischen Grundlagen, die im Sachunterricht gelegt wurden und mit einem Theorietest endeten, ging es jeweils an drei Vormittagen in Kleingruppen auf die Stra\u00dfe. Die Polizisten der Jugendverkehrswacht wurden dabei von Eltern und Gro\u00dfeltern der Kinder unterst\u00fctzt. Ohne diese Unterst\u00fctzung ist eine Fahrradausbildung in solcher Intensit\u00e4t nicht m\u00f6glich.<br \/>\nDaher gilt unser besonderer Dank den begleitenden Mitfahrern.<br \/>\nUnseren Schulkindern w\u00fcnschen wir allzeit sichere Fahrt!<br \/>\n<img data-recalc-dims=\"1\" loading=\"lazy\" decoding=\"async\" class=\"alignleft wp-image-219151 size-medium\" src=\"https:\/\/i0.wp.com\/grundschule-homberg.de\/wp\/wp-content\/uploads\/2014\/10\/WP_20141013_002-Medium-300x225.jpg?resize=300%2C225\" alt=\"WP_20141013_002 (Medium)\" width=\"300\" height=\"225\" srcset=\"https:\/\/i0.wp.com\/grundschule-homberg.de\/wp\/wp-content\/uploads\/2014\/10\/WP_20141013_002-Medium.jpg?resize=300%2C225&amp;ssl=1 300w, https:\/\/i0.wp.com\/grundschule-homberg.de\/wp\/wp-content\/uploads\/2014\/10\/WP_20141013_002-Medium.jpg?resize=150%2C112&amp;ssl=1 150w, https:\/\/i0.wp.com\/grundschule-homberg.de\/wp\/wp-content\/uploads\/2014\/10\/WP_20141013_002-Medium.jpg?w=1024&amp;ssl=1 1024w\" sizes=\"auto, (max-width: 300px) 100vw, 300px\" \/><img data-recalc-dims=\"1\" loading=\"lazy\" decoding=\"async\" class=\"aligncenter wp-image-219152 size-medium\" src=\"https:\/\/i0.wp.com\/grundschule-homberg.de\/wp\/wp-content\/uploads\/2014\/10\/WP_20141013_001-Medium-300x225.jpg?resize=300%2C225\" alt=\"WP_20141013_001 (Medium)\" width=\"300\" height=\"225\" srcset=\"https:\/\/i0.wp.com\/grundschule-homberg.de\/wp\/wp-content\/uploads\/2014\/10\/WP_20141013_001-Medium.jpg?resize=300%2C225&amp;ssl=1 300w, https:\/\/i0.wp.com\/grundschule-homberg.de\/wp\/wp-content\/uploads\/2014\/10\/WP_20141013_001-Medium.jpg?resize=150%2C112&amp;ssl=1 150w, https:\/\/i0.wp.com\/grundschule-homberg.de\/wp\/wp-content\/uploads\/2014\/10\/WP_20141013_001-Medium.jpg?w=1024&amp;ssl=1 1024w\" sizes=\"auto, (max-width: 300px) 100vw, 300px\" \/><a href=\"https:\/\/i0.wp.com\/grundschule-homberg.de\/wp\/wp-content\/uploads\/2014\/10\/altAnvS7XaAQlhYMdQ9Buh38ZvVN1kEL1phHqyLpjrReILn-Medium.jpg\"><img data-recalc-dims=\"1\" loading=\"lazy\" decoding=\"async\" class=\"alignleft size-medium wp-image-219168\" src=\"https:\/\/i0.wp.com\/grundschule-homberg.de\/wp\/wp-content\/uploads\/2014\/10\/altAnvS7XaAQlhYMdQ9Buh38ZvVN1kEL1phHqyLpjrReILn-Medium-300x225.jpg?resize=300%2C225\" alt=\"altAnvS7XaAQlhYMdQ9Buh38ZvVN1kEL1phHqyLpjrReILn (Medium)\" width=\"300\" height=\"225\" srcset=\"https:\/\/i0.wp.com\/grundschule-homberg.de\/wp\/wp-content\/uploads\/2014\/10\/altAnvS7XaAQlhYMdQ9Buh38ZvVN1kEL1phHqyLpjrReILn-Medium.jpg?resize=300%2C225&amp;ssl=1 300w, https:\/\/i0.wp.com\/grundschule-homberg.de\/wp\/wp-content\/uploads\/2014\/10\/altAnvS7XaAQlhYMdQ9Buh38ZvVN1kEL1phHqyLpjrReILn-Medium.jpg?resize=150%2C112&amp;ssl=1 150w, https:\/\/i0.wp.com\/grundschule-homberg.de\/wp\/wp-content\/uploads\/2014\/10\/altAnvS7XaAQlhYMdQ9Buh38ZvVN1kEL1phHqyLpjrReILn-Medium.jpg?w=800&amp;ssl=1 800w\" sizes=\"auto, (max-width: 300px) 100vw, 300px\" \/><\/a><\/p>\n","protected":false},"excerpt":{"rendered":"<p>In den vergangenen zwei Wochen haben die Sch\u00fclerinnen und Sch\u00fcler der vierten Klassen den \u201eFahrradf\u00fchrerschein\u201c gemacht. Nach den theoretischen Grundlagen, die im Sachunterricht gelegt wurden und mit einem Theorietest endeten, ging es jeweils an drei Vormittagen in Kleingruppen auf die Stra\u00dfe. Die Polizisten der Jugendverkehrswacht wurden dabei von Eltern und Gro\u00dfeltern der Kinder unterst\u00fctzt. Ohne &hellip; <a href=\"https:\/\/grundschule-homberg.de\/wp\/?p=219149\" class=\"more-link\"><span class=\"screen-reader-text\">Fahrradpr\u00fcfung an der Grundschule Homberg<\/span> weiterlesen <span class=\"meta-nav\">&rarr;<\/span><\/a><\/p>\n","protected":false},"author":1,"featured_media":219168,"comment_status":"closed","ping_status":"closed","sticky":false,"template":"","format":"standard","meta":{"ngg_post_thumbnail":0,"_jetpack_memberships_contains_paid_content":false,"footnotes":""},"categories":[1],"tags":[],"class_list":["post-219149","post","type-post","status-publish","format-standard","has-post-thumbnail","hentry","category-allgemein"],"jetpack_featured_media_url":"https:\/\/i0.wp.com\/grundschule-homberg.de\/wp\/wp-content\/uploads\/2014\/10\/altAnvS7XaAQlhYMdQ9Buh38ZvVN1kEL1phHqyLpjrReILn-Medium.jpg?fit=800%2C600&ssl=1","jetpack_shortlink":"https:\/\/wp.me\/p3XuEZ-V0F","jetpack-related-posts":[],"jetpack_sharing_enabled":true,"_links":{"self":[{"href":"https:\/\/grundschule-homberg.de\/wp\/index.php?rest_route=\/wp\/v2\/posts\/219149","targetHints":{"allow":["GET"]}}],"collection":[{"href":"https:\/\/grundschule-homberg.de\/wp\/index.php?rest_route=\/wp\/v2\/posts"}],"about":[{"href":"https:\/\/grundschule-homberg.de\/wp\/index.php?rest_route=\/wp\/v2\/types\/post"}],"author":[{"embeddable":true,"href":"https:\/\/grundschule-homberg.de\/wp\/index.php?rest_route=\/wp\/v2\/users\/1"}],"replies":[{"embeddable":true,"href":"https:\/\/grundschule-homberg.de\/wp\/index.php?rest_route=%2Fwp%2Fv2%2Fcomments&post=219149"}],"version-history":[{"count":6,"href":"https:\/\/grundschule-homberg.de\/wp\/index.php?rest_route=\/wp\/v2\/posts\/219149\/revisions"}],"predecessor-version":[{"id":219169,"href":"https:\/\/grundschule-homberg.de\/wp\/index.php?rest_route=\/wp\/v2\/posts\/219149\/revisions\/219169"}],"wp:featuredmedia":[{"embeddable":true,"href":"https:\/\/grundschule-homberg.de\/wp\/index.php?rest_route=\/wp\/v2\/media\/219168"}],"wp:attachment":[{"href":"https:\/\/grundschule-homberg.de\/wp\/index.php?rest_route=%2Fwp%2Fv2%2Fmedia&parent=219149"}],"wp:term":[{"taxonomy":"category","embeddable":true,"href":"https:\/\/grundschule-homberg.de\/wp\/index.php?rest_route=%2Fwp%2Fv2%2Fcategories&post=219149"},{"taxonomy":"post_tag","embeddable":true,"href":"https:\/\/grundschule-homberg.de\/wp\/index.php?rest_route=%2Fwp%2Fv2%2Ftags&post=219149"}],"curies":[{"name":"wp","href":"https:\/\/api.w.org\/{rel}","templated":true}]}}