{"id":219155,"date":"2014-10-14T22:29:04","date_gmt":"2014-10-14T20:29:04","guid":{"rendered":"http:\/\/grundschule-homberg.de\/wp\/?p=219155"},"modified":"2014-10-18T20:46:33","modified_gmt":"2014-10-18T18:46:33","slug":"schulelternbeirat-mit-neuen-vorsitzenden","status":"publish","type":"post","link":"https:\/\/grundschule-homberg.de\/wp\/?p=219155","title":{"rendered":"Schulelternbeirat mit neuen Vorsitzenden"},"content":{"rendered":"<p>Am Montag, dem 13.10.2014, tagte der <a title=\"Schulelternbeirat 14-15\" href=\"http:\/\/grundschule-homberg.de\/wp\/?page_id=162\">Schulelternbeirat <\/a>um eine neue Vorsitzende und deren Stellvertreterin zu w\u00e4hlen.<\/p>\n<p><img data-recalc-dims=\"1\" loading=\"lazy\" decoding=\"async\" class=\"alignleft wp-image-219156 size-medium\" src=\"https:\/\/i0.wp.com\/grundschule-homberg.de\/wp\/wp-content\/uploads\/2014\/10\/altArqwfNOQLbbpro64WZfLSueBl8pPtFVQd3yB-2NrvbUb-Medium-300x283.jpg?resize=300%2C283\" alt=\"altArqwfNOQLbbpro64WZfLSueBl8pPtFVQd3yB-2NrvbUb (Medium)\" width=\"300\" height=\"283\" srcset=\"https:\/\/i0.wp.com\/grundschule-homberg.de\/wp\/wp-content\/uploads\/2014\/10\/altArqwfNOQLbbpro64WZfLSueBl8pPtFVQd3yB-2NrvbUb-Medium.jpg?resize=300%2C283&amp;ssl=1 300w, https:\/\/i0.wp.com\/grundschule-homberg.de\/wp\/wp-content\/uploads\/2014\/10\/altArqwfNOQLbbpro64WZfLSueBl8pPtFVQd3yB-2NrvbUb-Medium.jpg?resize=150%2C141&amp;ssl=1 150w, https:\/\/i0.wp.com\/grundschule-homberg.de\/wp\/wp-content\/uploads\/2014\/10\/altArqwfNOQLbbpro64WZfLSueBl8pPtFVQd3yB-2NrvbUb-Medium.jpg?w=784&amp;ssl=1 784w\" sizes=\"auto, (max-width: 300px) 100vw, 300px\" \/><\/p>\n<p>&nbsp;<\/p>\n<p>Nach vier Jahren im Amt schied Nadine<br \/>\nSchlosser als Vorsitzende aus, da das Ende der Grundschulschulzeit ihrer Kinder bevorsteht. Die Schulleitung bedankte sich bei ihr f\u00fcr ihr jahrelanges Engagement, ihre guten Ideen und die tatkr\u00e4ftige Unterst\u00fctzung bei allen Anliegen der Schule.<\/p>\n<p>&nbsp;<\/p>\n<p>&nbsp;<\/p>\n<p>Die vorherige Stellvertreterin Melanie Handstein wurde vom Gremium zur neuen Vorsitzenden gew\u00e4hlt. Frau Sandra Schneider bekleidet nun das Amt derstellvertretenden Vorsitzenden des Schulelternbeirates.<img data-recalc-dims=\"1\" loading=\"lazy\" decoding=\"async\" class=\"aligncenter wp-image-219157 size-medium\" src=\"https:\/\/i0.wp.com\/grundschule-homberg.de\/wp\/wp-content\/uploads\/2014\/10\/SEB-Vorstand-2014-16-Medium-300x184.png?resize=300%2C184\" alt=\"SEB Vorstand 2014-16 (Medium)\" width=\"300\" height=\"184\" srcset=\"https:\/\/i0.wp.com\/grundschule-homberg.de\/wp\/wp-content\/uploads\/2014\/10\/SEB-Vorstand-2014-16-Medium.png?resize=300%2C184&amp;ssl=1 300w, https:\/\/i0.wp.com\/grundschule-homberg.de\/wp\/wp-content\/uploads\/2014\/10\/SEB-Vorstand-2014-16-Medium.png?resize=150%2C92&amp;ssl=1 150w, https:\/\/i0.wp.com\/grundschule-homberg.de\/wp\/wp-content\/uploads\/2014\/10\/SEB-Vorstand-2014-16-Medium.png?w=1000&amp;ssl=1 1000w\" sizes=\"auto, (max-width: 300px) 100vw, 300px\" \/><\/p>\n<p>&nbsp;<\/p>\n<p>&nbsp;<\/p>\n","protected":false},"excerpt":{"rendered":"<p>Am Montag, dem 13.10.2014, tagte der Schulelternbeirat um eine neue Vorsitzende und deren Stellvertreterin zu w\u00e4hlen. &nbsp; Nach vier Jahren im Amt schied Nadine Schlosser als Vorsitzende aus, da das Ende der Grundschulschulzeit ihrer Kinder bevorsteht. Die Schulleitung bedankte sich bei ihr f\u00fcr ihr jahrelanges Engagement, ihre guten Ideen und die tatkr\u00e4ftige Unterst\u00fctzung bei allen &hellip; <a href=\"https:\/\/grundschule-homberg.de\/wp\/?p=219155\" class=\"more-link\"><span class=\"screen-reader-text\">Schulelternbeirat mit neuen Vorsitzenden<\/span> weiterlesen <span class=\"meta-nav\">&rarr;<\/span><\/a><\/p>\n","protected":false},"author":1,"featured_media":219158,"comment_status":"closed","ping_status":"closed","sticky":false,"template":"","format":"standard","meta":{"ngg_post_thumbnail":0,"_jetpack_memberships_contains_paid_content":false,"footnotes":""},"categories":[14],"tags":[],"class_list":["post-219155","post","type-post","status-publish","format-standard","has-post-thumbnail","hentry","category-elternbeirat"],"jetpack_featured_media_url":"https:\/\/i0.wp.com\/grundschule-homberg.de\/wp\/wp-content\/uploads\/2014\/10\/WP_20141013_006-Medium.jpg?fit=1024%2C768&ssl=1","jetpack_shortlink":"https:\/\/wp.me\/p3XuEZ-V0L","jetpack-related-posts":[],"jetpack_sharing_enabled":true,"_links":{"self":[{"href":"https:\/\/grundschule-homberg.de\/wp\/index.php?rest_route=\/wp\/v2\/posts\/219155","targetHints":{"allow":["GET"]}}],"collection":[{"href":"https:\/\/grundschule-homberg.de\/wp\/index.php?rest_route=\/wp\/v2\/posts"}],"about":[{"href":"https:\/\/grundschule-homberg.de\/wp\/index.php?rest_route=\/wp\/v2\/types\/post"}],"author":[{"embeddable":true,"href":"https:\/\/grundschule-homberg.de\/wp\/index.php?rest_route=\/wp\/v2\/users\/1"}],"replies":[{"embeddable":true,"href":"https:\/\/grundschule-homberg.de\/wp\/index.php?rest_route=%2Fwp%2Fv2%2Fcomments&post=219155"}],"version-history":[{"count":5,"href":"https:\/\/grundschule-homberg.de\/wp\/index.php?rest_route=\/wp\/v2\/posts\/219155\/revisions"}],"predecessor-version":[{"id":219172,"href":"https:\/\/grundschule-homberg.de\/wp\/index.php?rest_route=\/wp\/v2\/posts\/219155\/revisions\/219172"}],"wp:featuredmedia":[{"embeddable":true,"href":"https:\/\/grundschule-homberg.de\/wp\/index.php?rest_route=\/wp\/v2\/media\/219158"}],"wp:attachment":[{"href":"https:\/\/grundschule-homberg.de\/wp\/index.php?rest_route=%2Fwp%2Fv2%2Fmedia&parent=219155"}],"wp:term":[{"taxonomy":"category","embeddable":true,"href":"https:\/\/grundschule-homberg.de\/wp\/index.php?rest_route=%2Fwp%2Fv2%2Fcategories&post=219155"},{"taxonomy":"post_tag","embeddable":true,"href":"https:\/\/grundschule-homberg.de\/wp\/index.php?rest_route=%2Fwp%2Fv2%2Ftags&post=219155"}],"curies":[{"name":"wp","href":"https:\/\/api.w.org\/{rel}","templated":true}]}}