{"id":219173,"date":"2014-11-07T18:06:07","date_gmt":"2014-11-07T17:06:07","guid":{"rendered":"http:\/\/grundschule-homberg.de\/wp\/?p=219173"},"modified":"2014-11-07T18:06:07","modified_gmt":"2014-11-07T17:06:07","slug":"15-gebrauchte-ranzen-neu-gefuellt","status":"publish","type":"post","link":"https:\/\/grundschule-homberg.de\/wp\/?p=219173","title":{"rendered":"15 Gebrauchte Ranzen &#8211; neu gef\u00fcllt"},"content":{"rendered":"<p><b>F\u00f6rderverein der Grundschule in Homberg sagt Danke!<\/b><\/p>\n<p>Wohin mit dem alten Schulranzen?<\/p>\n<p><span style=\"font-family: Verdana, sans-serif;\">F\u00f6rderverein der Grundschule in Homberg\/Ohm sammelt gebrauchte Schulranzen!<\/span><\/p>\n<p><span style=\"font-family: Verdana, sans-serif;\">Unter dieser \u00dcberschrift rief der F\u00f6rderverein der Grundschule Homberg\/Ohm e.V. zu Beginn des laufenden Schuljahres zu einer Sammelaktion auf.<\/span><\/p>\n<p><span style=\"font-family: Verdana, sans-serif;\">Unter dem Motto &#8222;Ranzen gegen Armut&#8220; kann jeder die Bildungschancen eines Kindes in einem der GAIN-Projektl\u00e4nder f\u00f6rdern. Denn wo Armut herrscht, da geben die Menschen ihr Geld zuerst f\u00fcr Nahrungsmittel aus. Wenn dann noch etwas \u00fcbrig ist, kaufen sie Kleidung oder Medizin. F\u00fcr die Schulausstattung der Kinder ist kein Geld da. So wachsen Kinder als Analphabeten auf und haben wenig Hoffnung, dass sich ihr Leben jemals \u00e4ndern wird.<\/span><\/p>\n<p><span style=\"font-family: Verdana, sans-serif;\">15 ausgediente Schulranzen wurden liebevoll gef\u00fcllt mit allem was ein Schulkind ben\u00f6tigt im Sekretariat der Grundschule Homberg abgegeben.<\/span><\/p>\n<p><span style=\"font-family: Verdana, sans-serif;\">Der Vorstand vom F\u00f6rderverein der Grundschule bedankt sich bei allen Kindern und Eltern, die auf diese Weise einem Kind die M\u00f6glichkeit zur Schulbildung schenken.<\/span><\/p>\n<p><span style=\"font-family: Verdana, sans-serif;\">Die Mitarbeiter der zentralen Sammelstelle der internationalen Hilfsorganisation GAIN\u00a0(Globel\u00a0Aid Network)\u00a0<a href=\"https:\/\/3c.1und1.de\/mail\/client\/dereferrer?redirectUrl=http%3A%2F%2Fe.v.in%2F\" target=\"_blank\"><span style=\"text-decoration: underline;\"><span style=\"color: #0066cc;\">e.V.in<\/span><\/span><\/a>\u00a0Gie\u00dfen zeigten sich sehr erfreut \u00fcber die Hilfe aus der Ohmstadt.<\/span><\/p>\n<p><span style=\"font-family: Verdana, sans-serif;\">Von Gie\u00dfen aus gehen die Ranzen mit einem Hilfstransport\u00a0in eines der Projektl\u00e4nder und geben so z.B. in Indien, dem Irak, Lettland oder in der Ukraine Hoffnung auf eine bessere Zukunft.<\/span><\/p>\n<p><span style=\"font-family: Verdana, sans-serif;\">Mehr Informationen zur Aktion unter\u00a0<a href=\"https:\/\/3c.1und1.de\/mail\/client\/dereferrer?redirectUrl=http%3A%2F%2Fwww.gain-germany.org%2F\" target=\"_blank\"><span style=\"text-decoration: underline;\"><span style=\"color: #0066cc;\">www.GAiN-Germany.org<\/span><\/span><\/a>.<a href=\"https:\/\/i0.wp.com\/grundschule-homberg.de\/wp\/wp-content\/uploads\/2014\/11\/small_Schulranzenaktion1.jpg\"><img data-recalc-dims=\"1\" loading=\"lazy\" decoding=\"async\" class=\"alignleft size-medium wp-image-219174\" src=\"https:\/\/i0.wp.com\/grundschule-homberg.de\/wp\/wp-content\/uploads\/2014\/11\/small_Schulranzenaktion1-300x168.jpg?resize=300%2C168\" alt=\"small_Schulranzenaktion1\" width=\"300\" height=\"168\" srcset=\"https:\/\/i0.wp.com\/grundschule-homberg.de\/wp\/wp-content\/uploads\/2014\/11\/small_Schulranzenaktion1.jpg?resize=300%2C168&amp;ssl=1 300w, https:\/\/i0.wp.com\/grundschule-homberg.de\/wp\/wp-content\/uploads\/2014\/11\/small_Schulranzenaktion1.jpg?resize=150%2C84&amp;ssl=1 150w, https:\/\/i0.wp.com\/grundschule-homberg.de\/wp\/wp-content\/uploads\/2014\/11\/small_Schulranzenaktion1.jpg?w=640&amp;ssl=1 640w\" sizes=\"auto, (max-width: 300px) 100vw, 300px\" \/><\/a><\/span><\/p>\n<div><span style=\"font-family: Verdana, sans-serif;\"><br \/>\n<\/span><\/div>\n<div>\n<p><span style=\"font-family: Verdana, sans-serif;\"><\/p>\n<p>Mitglieder des F\u00f6rderverein\u00a0der Grundschule Homberg beteiligten sich an der Ranzenpackaktion im Gain-Lager in Gie\u00dfen, die allj\u00e4hrlich in den Herbstferien durchgef\u00fchrt wird.<\/span><\/p>\n<\/div>\n","protected":false},"excerpt":{"rendered":"<p>F\u00f6rderverein der Grundschule in Homberg sagt Danke! Wohin mit dem alten Schulranzen? F\u00f6rderverein der Grundschule in Homberg\/Ohm sammelt gebrauchte Schulranzen! Unter dieser \u00dcberschrift rief der F\u00f6rderverein der Grundschule Homberg\/Ohm e.V. zu Beginn des laufenden Schuljahres zu einer Sammelaktion auf. Unter dem Motto &#8222;Ranzen gegen Armut&#8220; kann jeder die Bildungschancen eines Kindes in einem der GAIN-Projektl\u00e4nder &hellip; <a href=\"https:\/\/grundschule-homberg.de\/wp\/?p=219173\" class=\"more-link\"><span class=\"screen-reader-text\">15 Gebrauchte Ranzen &#8211; neu gef\u00fcllt<\/span> weiterlesen <span class=\"meta-nav\">&rarr;<\/span><\/a><\/p>\n","protected":false},"author":1,"featured_media":219174,"comment_status":"closed","ping_status":"closed","sticky":false,"template":"","format":"standard","meta":{"ngg_post_thumbnail":0,"_jetpack_memberships_contains_paid_content":false,"footnotes":""},"categories":[5],"tags":[],"class_list":["post-219173","post","type-post","status-publish","format-standard","has-post-thumbnail","hentry","category-foerderverein"],"jetpack_featured_media_url":"https:\/\/i0.wp.com\/grundschule-homberg.de\/wp\/wp-content\/uploads\/2014\/11\/small_Schulranzenaktion1.jpg?fit=640%2C359&ssl=1","jetpack_shortlink":"https:\/\/wp.me\/p3XuEZ-V13","jetpack-related-posts":[],"jetpack_sharing_enabled":true,"_links":{"self":[{"href":"https:\/\/grundschule-homberg.de\/wp\/index.php?rest_route=\/wp\/v2\/posts\/219173","targetHints":{"allow":["GET"]}}],"collection":[{"href":"https:\/\/grundschule-homberg.de\/wp\/index.php?rest_route=\/wp\/v2\/posts"}],"about":[{"href":"https:\/\/grundschule-homberg.de\/wp\/index.php?rest_route=\/wp\/v2\/types\/post"}],"author":[{"embeddable":true,"href":"https:\/\/grundschule-homberg.de\/wp\/index.php?rest_route=\/wp\/v2\/users\/1"}],"replies":[{"embeddable":true,"href":"https:\/\/grundschule-homberg.de\/wp\/index.php?rest_route=%2Fwp%2Fv2%2Fcomments&post=219173"}],"version-history":[{"count":1,"href":"https:\/\/grundschule-homberg.de\/wp\/index.php?rest_route=\/wp\/v2\/posts\/219173\/revisions"}],"predecessor-version":[{"id":219175,"href":"https:\/\/grundschule-homberg.de\/wp\/index.php?rest_route=\/wp\/v2\/posts\/219173\/revisions\/219175"}],"wp:featuredmedia":[{"embeddable":true,"href":"https:\/\/grundschule-homberg.de\/wp\/index.php?rest_route=\/wp\/v2\/media\/219174"}],"wp:attachment":[{"href":"https:\/\/grundschule-homberg.de\/wp\/index.php?rest_route=%2Fwp%2Fv2%2Fmedia&parent=219173"}],"wp:term":[{"taxonomy":"category","embeddable":true,"href":"https:\/\/grundschule-homberg.de\/wp\/index.php?rest_route=%2Fwp%2Fv2%2Fcategories&post=219173"},{"taxonomy":"post_tag","embeddable":true,"href":"https:\/\/grundschule-homberg.de\/wp\/index.php?rest_route=%2Fwp%2Fv2%2Ftags&post=219173"}],"curies":[{"name":"wp","href":"https:\/\/api.w.org\/{rel}","templated":true}]}}