{"id":219196,"date":"2014-11-16T14:20:51","date_gmt":"2014-11-16T13:20:51","guid":{"rendered":"http:\/\/grundschule-homberg.de\/wp\/?p=219196"},"modified":"2014-11-16T15:08:10","modified_gmt":"2014-11-16T14:08:10","slug":"am-montag-17-11-2014-faellt-die-schule-aus","status":"publish","type":"post","link":"https:\/\/grundschule-homberg.de\/wp\/?p=219196","title":{"rendered":"Am Montag, 17.11.2014 f\u00e4llt die Schule aus!"},"content":{"rendered":"<p>Wegen der Explosion in der N\u00e4he der Schule ist das Schulgel\u00e4nde aus Sicherheitsgr\u00fcnden vorl\u00e4ufig gesperrt. Daher f\u00e4llt der Unterricht an der Grundschule Homberg sowie an der Ohmtalschule am Montag, dem 17.11.14 aus. Die Betreuung bleibt ebenfalls geschlossen!<\/p>\n","protected":false},"excerpt":{"rendered":"<p>Wegen der Explosion in der N\u00e4he der Schule ist das Schulgel\u00e4nde aus Sicherheitsgr\u00fcnden vorl\u00e4ufig gesperrt. Daher f\u00e4llt der Unterricht an der Grundschule Homberg sowie an der Ohmtalschule am Montag, dem 17.11.14 aus. Die Betreuung bleibt ebenfalls geschlossen!<\/p>\n","protected":false},"author":1,"featured_media":4576,"comment_status":"closed","ping_status":"closed","sticky":false,"template":"","format":"standard","meta":{"ngg_post_thumbnail":0,"_jetpack_memberships_contains_paid_content":false,"footnotes":""},"categories":[1],"tags":[],"class_list":["post-219196","post","type-post","status-publish","format-standard","has-post-thumbnail","hentry","category-allgemein"],"jetpack_featured_media_url":"https:\/\/i0.wp.com\/grundschule-homberg.de\/wp\/wp-content\/uploads\/gruschu-h1-e1498232700138.png?fit=185%2C163&ssl=1","jetpack_shortlink":"https:\/\/wp.me\/p3XuEZ-V1q","jetpack-related-posts":[],"jetpack_sharing_enabled":true,"_links":{"self":[{"href":"https:\/\/grundschule-homberg.de\/wp\/index.php?rest_route=\/wp\/v2\/posts\/219196","targetHints":{"allow":["GET"]}}],"collection":[{"href":"https:\/\/grundschule-homberg.de\/wp\/index.php?rest_route=\/wp\/v2\/posts"}],"about":[{"href":"https:\/\/grundschule-homberg.de\/wp\/index.php?rest_route=\/wp\/v2\/types\/post"}],"author":[{"embeddable":true,"href":"https:\/\/grundschule-homberg.de\/wp\/index.php?rest_route=\/wp\/v2\/users\/1"}],"replies":[{"embeddable":true,"href":"https:\/\/grundschule-homberg.de\/wp\/index.php?rest_route=%2Fwp%2Fv2%2Fcomments&post=219196"}],"version-history":[{"count":3,"href":"https:\/\/grundschule-homberg.de\/wp\/index.php?rest_route=\/wp\/v2\/posts\/219196\/revisions"}],"predecessor-version":[{"id":219199,"href":"https:\/\/grundschule-homberg.de\/wp\/index.php?rest_route=\/wp\/v2\/posts\/219196\/revisions\/219199"}],"wp:featuredmedia":[{"embeddable":true,"href":"https:\/\/grundschule-homberg.de\/wp\/index.php?rest_route=\/wp\/v2\/media\/4576"}],"wp:attachment":[{"href":"https:\/\/grundschule-homberg.de\/wp\/index.php?rest_route=%2Fwp%2Fv2%2Fmedia&parent=219196"}],"wp:term":[{"taxonomy":"category","embeddable":true,"href":"https:\/\/grundschule-homberg.de\/wp\/index.php?rest_route=%2Fwp%2Fv2%2Fcategories&post=219196"},{"taxonomy":"post_tag","embeddable":true,"href":"https:\/\/grundschule-homberg.de\/wp\/index.php?rest_route=%2Fwp%2Fv2%2Ftags&post=219196"}],"curies":[{"name":"wp","href":"https:\/\/api.w.org\/{rel}","templated":true}]}}