{"id":219208,"date":"2014-11-24T17:04:50","date_gmt":"2014-11-24T16:04:50","guid":{"rendered":"http:\/\/grundschule-homberg.de\/wp\/?p=219208"},"modified":"2014-11-25T18:27:19","modified_gmt":"2014-11-25T17:27:19","slug":"patenkinder-uebergeben-lesetueten-an-die-erstklaessler","status":"publish","type":"post","link":"https:\/\/grundschule-homberg.de\/wp\/?p=219208","title":{"rendered":"Patenkinder \u00fcbergeben Leset\u00fcten an die Erstkl\u00e4ssler"},"content":{"rendered":"<p><a href=\"https:\/\/i0.wp.com\/grundschule-homberg.de\/wp\/wp-content\/uploads\/2014\/11\/IMG_2272-Kopie-Medium.jpg\" target=\"_blank\"><img data-recalc-dims=\"1\" loading=\"lazy\" decoding=\"async\" class=\"alignleft wp-image-219216 size-medium\" src=\"https:\/\/i0.wp.com\/grundschule-homberg.de\/wp\/wp-content\/uploads\/2014\/11\/IMG_2272-Kopie-Medium-225x300.jpg?resize=225%2C300\" alt=\"IMG_2272 - Kopie (Medium)\" width=\"225\" height=\"300\" srcset=\"https:\/\/i0.wp.com\/grundschule-homberg.de\/wp\/wp-content\/uploads\/2014\/11\/IMG_2272-Kopie-Medium.jpg?resize=225%2C300&amp;ssl=1 225w, https:\/\/i0.wp.com\/grundschule-homberg.de\/wp\/wp-content\/uploads\/2014\/11\/IMG_2272-Kopie-Medium.jpg?resize=112%2C150&amp;ssl=1 112w, https:\/\/i0.wp.com\/grundschule-homberg.de\/wp\/wp-content\/uploads\/2014\/11\/IMG_2272-Kopie-Medium.jpg?w=768&amp;ssl=1 768w\" sizes=\"auto, (max-width: 225px) 100vw, 225px\" \/><\/a>Auch in diesem Jahr haben die Drittkl\u00e4ssler wieder Patenschaften f\u00fcr die Erstkl\u00e4ssler und die Kinder der Vorklasse \u00fcbernommen, um ihnen die Anfangszeit in der Schule ein wenig zu erleichtern.<br \/>\nAlle Drittkl\u00e4ssler haben, jeweils f\u00fcr ihr Patenkind, phantasievolle Leset\u00fcten gestaltet.<br \/>\n<a href=\"https:\/\/i0.wp.com\/grundschule-homberg.de\/wp\/wp-content\/uploads\/2014\/11\/IMG_2275-Medium.jpg\" target=\"_blank\"><img data-recalc-dims=\"1\" loading=\"lazy\" decoding=\"async\" class=\"alignright wp-image-219217 size-medium\" src=\"https:\/\/i0.wp.com\/grundschule-homberg.de\/wp\/wp-content\/uploads\/2014\/11\/IMG_2275-Medium-225x300.jpg?resize=225%2C300\" alt=\"IMG_2275 (Medium)\" width=\"225\" height=\"300\" srcset=\"https:\/\/i0.wp.com\/grundschule-homberg.de\/wp\/wp-content\/uploads\/2014\/11\/IMG_2275-Medium.jpg?resize=225%2C300&amp;ssl=1 225w, https:\/\/i0.wp.com\/grundschule-homberg.de\/wp\/wp-content\/uploads\/2014\/11\/IMG_2275-Medium.jpg?resize=112%2C150&amp;ssl=1 112w, https:\/\/i0.wp.com\/grundschule-homberg.de\/wp\/wp-content\/uploads\/2014\/11\/IMG_2275-Medium.jpg?w=768&amp;ssl=1 768w\" sizes=\"auto, (max-width: 225px) 100vw, 225px\" \/><\/a><\/p>\n<p>Unserer besonderer Dank gilt Frau Sowa\u00a0von der Homberger Buchhandlung, die diese T\u00fcten mit einem Buchgeschenk\u00a0f\u00fcr alle Kinder gef\u00fcllt hat.<\/p>\n<p>Am Tag der \u00dcberreichung der T\u00fcten hat Frau Sowa in allen 1. Klassen, aus vorher liebevoll ausgesuchten Kinderb\u00fcchern, vorgelesen.<\/p>\n<p><a href=\"http:\/\/grundschule-homberg.de\/wp\/wp-content\/uploads\/2014\/11\/IMG_2275-Medium.jpg\"><br \/>\n<\/a><a href=\"https:\/\/i0.wp.com\/grundschule-homberg.de\/wp\/wp-content\/uploads\/2014\/11\/IMG_2268-Kopie-Medium.jpg\" target=\"_blank\"><img data-recalc-dims=\"1\" loading=\"lazy\" decoding=\"async\" class=\"alignleft wp-image-219215 size-medium\" src=\"https:\/\/i0.wp.com\/grundschule-homberg.de\/wp\/wp-content\/uploads\/2014\/11\/IMG_2268-Kopie-Medium-300x225.jpg?resize=300%2C225\" alt=\"IMG_2268 - Kopie (Medium)\" width=\"300\" height=\"225\" srcset=\"https:\/\/i0.wp.com\/grundschule-homberg.de\/wp\/wp-content\/uploads\/2014\/11\/IMG_2268-Kopie-Medium.jpg?resize=300%2C225&amp;ssl=1 300w, https:\/\/i0.wp.com\/grundschule-homberg.de\/wp\/wp-content\/uploads\/2014\/11\/IMG_2268-Kopie-Medium.jpg?resize=150%2C112&amp;ssl=1 150w, https:\/\/i0.wp.com\/grundschule-homberg.de\/wp\/wp-content\/uploads\/2014\/11\/IMG_2268-Kopie-Medium.jpg?w=1024&amp;ssl=1 1024w\" sizes=\"auto, (max-width: 300px) 100vw, 300px\" \/><\/a><a href=\"https:\/\/i0.wp.com\/grundschule-homberg.de\/wp\/wp-content\/uploads\/2014\/11\/IMG_2266-Kopie-Medium.jpg\" target=\"_blank\"><img data-recalc-dims=\"1\" loading=\"lazy\" decoding=\"async\" class=\"alignleft wp-image-219214 size-medium\" src=\"https:\/\/i0.wp.com\/grundschule-homberg.de\/wp\/wp-content\/uploads\/2014\/11\/IMG_2266-Kopie-Medium-300x225.jpg?resize=300%2C225\" alt=\"IMG_2266 - Kopie (Medium)\" width=\"300\" height=\"225\" srcset=\"https:\/\/i0.wp.com\/grundschule-homberg.de\/wp\/wp-content\/uploads\/2014\/11\/IMG_2266-Kopie-Medium.jpg?resize=300%2C225&amp;ssl=1 300w, https:\/\/i0.wp.com\/grundschule-homberg.de\/wp\/wp-content\/uploads\/2014\/11\/IMG_2266-Kopie-Medium.jpg?resize=150%2C112&amp;ssl=1 150w, https:\/\/i0.wp.com\/grundschule-homberg.de\/wp\/wp-content\/uploads\/2014\/11\/IMG_2266-Kopie-Medium.jpg?w=1024&amp;ssl=1 1024w\" sizes=\"auto, (max-width: 300px) 100vw, 300px\" \/><\/a><a href=\"https:\/\/i0.wp.com\/grundschule-homberg.de\/wp\/wp-content\/uploads\/2014\/11\/IMG_2261-Kopie-Medium.jpg\" target=\"_blank\"><img data-recalc-dims=\"1\" loading=\"lazy\" decoding=\"async\" class=\"alignleft wp-image-219213 size-medium\" src=\"https:\/\/i0.wp.com\/grundschule-homberg.de\/wp\/wp-content\/uploads\/2014\/11\/IMG_2261-Kopie-Medium-300x225.jpg?resize=300%2C225\" alt=\"IMG_2261 - Kopie (Medium)\" width=\"300\" height=\"225\" srcset=\"https:\/\/i0.wp.com\/grundschule-homberg.de\/wp\/wp-content\/uploads\/2014\/11\/IMG_2261-Kopie-Medium.jpg?resize=300%2C225&amp;ssl=1 300w, https:\/\/i0.wp.com\/grundschule-homberg.de\/wp\/wp-content\/uploads\/2014\/11\/IMG_2261-Kopie-Medium.jpg?resize=150%2C112&amp;ssl=1 150w, https:\/\/i0.wp.com\/grundschule-homberg.de\/wp\/wp-content\/uploads\/2014\/11\/IMG_2261-Kopie-Medium.jpg?w=1024&amp;ssl=1 1024w\" sizes=\"auto, (max-width: 300px) 100vw, 300px\" \/><\/a><a href=\"https:\/\/i0.wp.com\/grundschule-homberg.de\/wp\/wp-content\/uploads\/2014\/11\/IMG_2260-Kopie-Medium.jpg\" target=\"_blank\"><img data-recalc-dims=\"1\" loading=\"lazy\" decoding=\"async\" class=\"alignleft wp-image-219212 size-medium\" src=\"https:\/\/i0.wp.com\/grundschule-homberg.de\/wp\/wp-content\/uploads\/2014\/11\/IMG_2260-Kopie-Medium-300x225.jpg?resize=300%2C225\" alt=\"IMG_2260 - Kopie (Medium)\" width=\"300\" height=\"225\" srcset=\"https:\/\/i0.wp.com\/grundschule-homberg.de\/wp\/wp-content\/uploads\/2014\/11\/IMG_2260-Kopie-Medium.jpg?resize=300%2C225&amp;ssl=1 300w, https:\/\/i0.wp.com\/grundschule-homberg.de\/wp\/wp-content\/uploads\/2014\/11\/IMG_2260-Kopie-Medium.jpg?resize=150%2C112&amp;ssl=1 150w, https:\/\/i0.wp.com\/grundschule-homberg.de\/wp\/wp-content\/uploads\/2014\/11\/IMG_2260-Kopie-Medium.jpg?w=1024&amp;ssl=1 1024w\" sizes=\"auto, (max-width: 300px) 100vw, 300px\" \/><\/a><a href=\"https:\/\/i0.wp.com\/grundschule-homberg.de\/wp\/wp-content\/uploads\/2014\/11\/IMG_2258-Kopie-Medium.jpg\" target=\"_blank\"><img data-recalc-dims=\"1\" loading=\"lazy\" decoding=\"async\" class=\"alignleft wp-image-219211 size-medium\" src=\"https:\/\/i0.wp.com\/grundschule-homberg.de\/wp\/wp-content\/uploads\/2014\/11\/IMG_2258-Kopie-Medium-300x225.jpg?resize=300%2C225\" alt=\"IMG_2258 - Kopie (Medium)\" width=\"300\" height=\"225\" srcset=\"https:\/\/i0.wp.com\/grundschule-homberg.de\/wp\/wp-content\/uploads\/2014\/11\/IMG_2258-Kopie-Medium.jpg?resize=300%2C225&amp;ssl=1 300w, https:\/\/i0.wp.com\/grundschule-homberg.de\/wp\/wp-content\/uploads\/2014\/11\/IMG_2258-Kopie-Medium.jpg?resize=150%2C112&amp;ssl=1 150w, https:\/\/i0.wp.com\/grundschule-homberg.de\/wp\/wp-content\/uploads\/2014\/11\/IMG_2258-Kopie-Medium.jpg?w=1024&amp;ssl=1 1024w\" sizes=\"auto, (max-width: 300px) 100vw, 300px\" \/><\/a><a href=\"https:\/\/i0.wp.com\/grundschule-homberg.de\/wp\/wp-content\/uploads\/2014\/11\/IMG_2257-Medium.jpg\" target=\"_blank\"><img data-recalc-dims=\"1\" loading=\"lazy\" decoding=\"async\" class=\"alignleft wp-image-219210 size-medium\" src=\"https:\/\/i0.wp.com\/grundschule-homberg.de\/wp\/wp-content\/uploads\/2014\/11\/IMG_2257-Medium-300x225.jpg?resize=300%2C225\" alt=\"IMG_2257 (Medium)\" width=\"300\" height=\"225\" srcset=\"https:\/\/i0.wp.com\/grundschule-homberg.de\/wp\/wp-content\/uploads\/2014\/11\/IMG_2257-Medium.jpg?resize=300%2C225&amp;ssl=1 300w, https:\/\/i0.wp.com\/grundschule-homberg.de\/wp\/wp-content\/uploads\/2014\/11\/IMG_2257-Medium.jpg?resize=150%2C112&amp;ssl=1 150w, https:\/\/i0.wp.com\/grundschule-homberg.de\/wp\/wp-content\/uploads\/2014\/11\/IMG_2257-Medium.jpg?w=1024&amp;ssl=1 1024w\" sizes=\"auto, (max-width: 300px) 100vw, 300px\" \/><\/a><a href=\"https:\/\/i0.wp.com\/grundschule-homberg.de\/wp\/wp-content\/uploads\/2014\/11\/small_Schulranzenaktion1.jpg\" target=\"_blank\"><img data-recalc-dims=\"1\" loading=\"lazy\" decoding=\"async\" class=\"alignleft wp-image-219174 size-medium\" src=\"https:\/\/i0.wp.com\/grundschule-homberg.de\/wp\/wp-content\/uploads\/2014\/11\/small_Schulranzenaktion1-300x168.jpg?resize=300%2C168\" alt=\"small_Schulranzenaktion1\" width=\"300\" height=\"168\" srcset=\"https:\/\/i0.wp.com\/grundschule-homberg.de\/wp\/wp-content\/uploads\/2014\/11\/small_Schulranzenaktion1.jpg?resize=300%2C168&amp;ssl=1 300w, https:\/\/i0.wp.com\/grundschule-homberg.de\/wp\/wp-content\/uploads\/2014\/11\/small_Schulranzenaktion1.jpg?resize=150%2C84&amp;ssl=1 150w, https:\/\/i0.wp.com\/grundschule-homberg.de\/wp\/wp-content\/uploads\/2014\/11\/small_Schulranzenaktion1.jpg?w=640&amp;ssl=1 640w\" sizes=\"auto, (max-width: 300px) 100vw, 300px\" \/><\/a><\/p>\n","protected":false},"excerpt":{"rendered":"<p>Auch in diesem Jahr haben die Drittkl\u00e4ssler wieder Patenschaften f\u00fcr die Erstkl\u00e4ssler und die Kinder der Vorklasse \u00fcbernommen, um ihnen die Anfangszeit in der Schule ein wenig zu erleichtern. Alle Drittkl\u00e4ssler haben, jeweils f\u00fcr ihr Patenkind, phantasievolle Leset\u00fcten gestaltet. Unserer besonderer Dank gilt Frau Sowa\u00a0von der Homberger Buchhandlung, die diese T\u00fcten mit einem Buchgeschenk\u00a0f\u00fcr alle &hellip; <a href=\"https:\/\/grundschule-homberg.de\/wp\/?p=219208\" class=\"more-link\"><span class=\"screen-reader-text\">Patenkinder \u00fcbergeben Leset\u00fcten an die Erstkl\u00e4ssler<\/span> weiterlesen <span class=\"meta-nav\">&rarr;<\/span><\/a><\/p>\n","protected":false},"author":1,"featured_media":219210,"comment_status":"closed","ping_status":"closed","sticky":false,"template":"","format":"standard","meta":{"ngg_post_thumbnail":0,"_jetpack_memberships_contains_paid_content":false,"footnotes":""},"categories":[20],"tags":[],"class_list":["post-219208","post","type-post","status-publish","format-standard","has-post-thumbnail","hentry","category-schulleben"],"jetpack_featured_media_url":"https:\/\/i0.wp.com\/grundschule-homberg.de\/wp\/wp-content\/uploads\/2014\/11\/IMG_2257-Medium.jpg?fit=1024%2C768&ssl=1","jetpack_shortlink":"https:\/\/wp.me\/p3XuEZ-V1C","jetpack-related-posts":[],"jetpack_sharing_enabled":true,"_links":{"self":[{"href":"https:\/\/grundschule-homberg.de\/wp\/index.php?rest_route=\/wp\/v2\/posts\/219208","targetHints":{"allow":["GET"]}}],"collection":[{"href":"https:\/\/grundschule-homberg.de\/wp\/index.php?rest_route=\/wp\/v2\/posts"}],"about":[{"href":"https:\/\/grundschule-homberg.de\/wp\/index.php?rest_route=\/wp\/v2\/types\/post"}],"author":[{"embeddable":true,"href":"https:\/\/grundschule-homberg.de\/wp\/index.php?rest_route=\/wp\/v2\/users\/1"}],"replies":[{"embeddable":true,"href":"https:\/\/grundschule-homberg.de\/wp\/index.php?rest_route=%2Fwp%2Fv2%2Fcomments&post=219208"}],"version-history":[{"count":4,"href":"https:\/\/grundschule-homberg.de\/wp\/index.php?rest_route=\/wp\/v2\/posts\/219208\/revisions"}],"predecessor-version":[{"id":219221,"href":"https:\/\/grundschule-homberg.de\/wp\/index.php?rest_route=\/wp\/v2\/posts\/219208\/revisions\/219221"}],"wp:featuredmedia":[{"embeddable":true,"href":"https:\/\/grundschule-homberg.de\/wp\/index.php?rest_route=\/wp\/v2\/media\/219210"}],"wp:attachment":[{"href":"https:\/\/grundschule-homberg.de\/wp\/index.php?rest_route=%2Fwp%2Fv2%2Fmedia&parent=219208"}],"wp:term":[{"taxonomy":"category","embeddable":true,"href":"https:\/\/grundschule-homberg.de\/wp\/index.php?rest_route=%2Fwp%2Fv2%2Fcategories&post=219208"},{"taxonomy":"post_tag","embeddable":true,"href":"https:\/\/grundschule-homberg.de\/wp\/index.php?rest_route=%2Fwp%2Fv2%2Ftags&post=219208"}],"curies":[{"name":"wp","href":"https:\/\/api.w.org\/{rel}","templated":true}]}}