{"id":219259,"date":"2015-01-19T11:16:31","date_gmt":"2015-01-19T10:16:31","guid":{"rendered":"http:\/\/grundschule-homberg.de\/wp\/?p=219259"},"modified":"2015-01-19T11:19:03","modified_gmt":"2015-01-19T10:19:03","slug":"elternsprechtag","status":"publish","type":"post","link":"https:\/\/grundschule-homberg.de\/wp\/?p=219259","title":{"rendered":"Elternsprechtag"},"content":{"rendered":"<p>Am Freitag, den 23.Januar 2015 findet wieder ein Elternsprechtag in der Zeit von 14.00 \u2013 18.00 Uhr statt. Die Eltern werden gebeten, Termine telefonisch im Voraus zu vereinbaren. Die Telefonliste und genauere Informationen wurden in dieser Woche per Ranzenpost verschickt.<\/p>\n<p><span style=\"text-decoration: underline;\">Wichtiger Hinweis:<\/span><\/p>\n<p>Die Fundsachen des letzten Jahres werden an diesem Nachmittag wieder in der Aula ausgelegt. Bitte \u00fcberpr\u00fcfen sie, ob sich Kleidung oder andere Gegenst\u00e4nde (Uhren, Schmuck, Brillen) ihrer Kinder darunter befinden.<\/p>\n<p>Nicht abgeholte Fundsachen werden in K\u00fcrze dem DRK gespendet.<\/p>\n","protected":false},"excerpt":{"rendered":"<p>Am Freitag, den 23.Januar 2015 findet wieder ein Elternsprechtag in der Zeit von 14.00 \u2013 18.00 Uhr statt. Die Eltern werden gebeten, Termine telefonisch im Voraus zu vereinbaren. Die Telefonliste und genauere Informationen wurden in dieser Woche per Ranzenpost verschickt. Wichtiger Hinweis: Die Fundsachen des letzten Jahres werden an diesem Nachmittag wieder in der Aula &hellip; <a href=\"https:\/\/grundschule-homberg.de\/wp\/?p=219259\" class=\"more-link\"><span class=\"screen-reader-text\">Elternsprechtag<\/span> weiterlesen <span class=\"meta-nav\">&rarr;<\/span><\/a><\/p>\n","protected":false},"author":1,"featured_media":4576,"comment_status":"closed","ping_status":"closed","sticky":false,"template":"","format":"standard","meta":{"ngg_post_thumbnail":0,"_jetpack_memberships_contains_paid_content":false,"footnotes":""},"categories":[1],"tags":[],"class_list":["post-219259","post","type-post","status-publish","format-standard","has-post-thumbnail","hentry","category-allgemein"],"jetpack_featured_media_url":"https:\/\/i0.wp.com\/grundschule-homberg.de\/wp\/wp-content\/uploads\/gruschu-h1-e1498232700138.png?fit=185%2C163&ssl=1","jetpack_shortlink":"https:\/\/wp.me\/p3XuEZ-V2r","jetpack-related-posts":[],"jetpack_sharing_enabled":true,"_links":{"self":[{"href":"https:\/\/grundschule-homberg.de\/wp\/index.php?rest_route=\/wp\/v2\/posts\/219259","targetHints":{"allow":["GET"]}}],"collection":[{"href":"https:\/\/grundschule-homberg.de\/wp\/index.php?rest_route=\/wp\/v2\/posts"}],"about":[{"href":"https:\/\/grundschule-homberg.de\/wp\/index.php?rest_route=\/wp\/v2\/types\/post"}],"author":[{"embeddable":true,"href":"https:\/\/grundschule-homberg.de\/wp\/index.php?rest_route=\/wp\/v2\/users\/1"}],"replies":[{"embeddable":true,"href":"https:\/\/grundschule-homberg.de\/wp\/index.php?rest_route=%2Fwp%2Fv2%2Fcomments&post=219259"}],"version-history":[{"count":1,"href":"https:\/\/grundschule-homberg.de\/wp\/index.php?rest_route=\/wp\/v2\/posts\/219259\/revisions"}],"predecessor-version":[{"id":219260,"href":"https:\/\/grundschule-homberg.de\/wp\/index.php?rest_route=\/wp\/v2\/posts\/219259\/revisions\/219260"}],"wp:featuredmedia":[{"embeddable":true,"href":"https:\/\/grundschule-homberg.de\/wp\/index.php?rest_route=\/wp\/v2\/media\/4576"}],"wp:attachment":[{"href":"https:\/\/grundschule-homberg.de\/wp\/index.php?rest_route=%2Fwp%2Fv2%2Fmedia&parent=219259"}],"wp:term":[{"taxonomy":"category","embeddable":true,"href":"https:\/\/grundschule-homberg.de\/wp\/index.php?rest_route=%2Fwp%2Fv2%2Fcategories&post=219259"},{"taxonomy":"post_tag","embeddable":true,"href":"https:\/\/grundschule-homberg.de\/wp\/index.php?rest_route=%2Fwp%2Fv2%2Ftags&post=219259"}],"curies":[{"name":"wp","href":"https:\/\/api.w.org\/{rel}","templated":true}]}}