{"id":219272,"date":"2015-02-04T22:34:08","date_gmt":"2015-02-04T21:34:08","guid":{"rendered":"http:\/\/grundschule-homberg.de\/wp\/?p=219272"},"modified":"2015-02-04T22:34:08","modified_gmt":"2015-02-04T21:34:08","slug":"willkommen-zum-abenteuer-lesen","status":"publish","type":"post","link":"https:\/\/grundschule-homberg.de\/wp\/?p=219272","title":{"rendered":"Willkommen zum Abenteuer Lesen"},"content":{"rendered":"<p>In der Woche vom 9. \u2013 13. Februar 2015 stellen wir das Lesen in den Mittelpunkt unseres Unterrichts.<\/p>\n<p><img data-recalc-dims=\"1\" loading=\"lazy\" decoding=\"async\" class=\"alignright wp-image-219277 size-thumbnail\" src=\"https:\/\/i0.wp.com\/grundschule-homberg.de\/wp\/wp-content\/uploads\/2015\/02\/2-146x150.jpg?resize=146%2C150\" alt=\"2\" width=\"146\" height=\"150\" \/><\/p>\n<p>Die Projektwoche startet mit einer Autorenlesung der Kinderbuchautorin Bettina Obrecht (<a href=\"http:\/\/www.bettinaobrecht.com\">www.bettinaobrecht.com<\/a>) f\u00fcr alle Klassen.<\/p>\n<p><a href=\"https:\/\/i0.wp.com\/grundschule-homberg.de\/wp\/wp-content\/uploads\/2015\/02\/Bettina-Obrecht1.png\" target=\"_blank\"><img data-recalc-dims=\"1\" loading=\"lazy\" decoding=\"async\" class=\"alignleft wp-image-219275 size-medium\" src=\"https:\/\/i0.wp.com\/grundschule-homberg.de\/wp\/wp-content\/uploads\/2015\/02\/Bettina-Obrecht1-258x300.png?resize=258%2C300\" alt=\"Bettina Obrecht\" width=\"258\" height=\"300\" srcset=\"https:\/\/i0.wp.com\/grundschule-homberg.de\/wp\/wp-content\/uploads\/2015\/02\/Bettina-Obrecht1.png?resize=258%2C300&amp;ssl=1 258w, https:\/\/i0.wp.com\/grundschule-homberg.de\/wp\/wp-content\/uploads\/2015\/02\/Bettina-Obrecht1.png?resize=129%2C150&amp;ssl=1 129w, https:\/\/i0.wp.com\/grundschule-homberg.de\/wp\/wp-content\/uploads\/2015\/02\/Bettina-Obrecht1.png?resize=882%2C1024&amp;ssl=1 882w, https:\/\/i0.wp.com\/grundschule-homberg.de\/wp\/wp-content\/uploads\/2015\/02\/Bettina-Obrecht1.png?w=1127&amp;ssl=1 1127w\" sizes=\"auto, (max-width: 258px) 100vw, 258px\" \/><\/a><\/p>\n<p>&nbsp;<\/p>\n<p>&nbsp;<\/p>\n<p>&nbsp;<\/p>\n<p>&nbsp;<\/p>\n<p>&nbsp;<\/p>\n<p>&nbsp;<\/p>\n<p>&nbsp;<\/p>\n<p>Im Laufe der Woche arbeiten die Kinder innerhalb ihrer Klassen zum Thema Lesen. Au\u00dferdem besuchen unsere Kinder die Stadt- und Schulbibliothek in der Ohmtalschule. Auf einem B\u00fccherflohmarkt k\u00f6nnen gebrauchte Kinderb\u00fccher erworben werden. Viele Klassen erwarten zudem Vorleseg\u00e4ste.<\/p>\n<p>Der Unterricht beginnt und endet nach Stundenplan, Fachunterricht und Betreuung finden wie gewohnt statt.<\/p>\n<p><img data-recalc-dims=\"1\" loading=\"lazy\" decoding=\"async\" class=\"alignleft wp-image-219276 size-thumbnail\" src=\"https:\/\/i0.wp.com\/grundschule-homberg.de\/wp\/wp-content\/uploads\/2015\/02\/1-150x132.jpg?resize=150%2C132\" alt=\"1\" width=\"150\" height=\"132\" \/><\/p>\n","protected":false},"excerpt":{"rendered":"<p>In der Woche vom 9. \u2013 13. Februar 2015 stellen wir das Lesen in den Mittelpunkt unseres Unterrichts. Die Projektwoche startet mit einer Autorenlesung der Kinderbuchautorin Bettina Obrecht (www.bettinaobrecht.com) f\u00fcr alle Klassen. &nbsp; &nbsp; &nbsp; &nbsp; &nbsp; &nbsp; &nbsp; Im Laufe der Woche arbeiten die Kinder innerhalb ihrer Klassen zum Thema Lesen. Au\u00dferdem besuchen unsere &hellip; <a href=\"https:\/\/grundschule-homberg.de\/wp\/?p=219272\" class=\"more-link\"><span class=\"screen-reader-text\">Willkommen zum Abenteuer Lesen<\/span> weiterlesen <span class=\"meta-nav\">&rarr;<\/span><\/a><\/p>\n","protected":false},"author":1,"featured_media":0,"comment_status":"closed","ping_status":"closed","sticky":false,"template":"","format":"standard","meta":{"ngg_post_thumbnail":0,"_jetpack_memberships_contains_paid_content":false,"footnotes":""},"categories":[24],"tags":[],"class_list":["post-219272","post","type-post","status-publish","format-standard","hentry","category-projekte"],"jetpack_featured_media_url":"","jetpack_shortlink":"https:\/\/wp.me\/p3XuEZ-V2E","jetpack-related-posts":[],"jetpack_sharing_enabled":true,"_links":{"self":[{"href":"https:\/\/grundschule-homberg.de\/wp\/index.php?rest_route=\/wp\/v2\/posts\/219272","targetHints":{"allow":["GET"]}}],"collection":[{"href":"https:\/\/grundschule-homberg.de\/wp\/index.php?rest_route=\/wp\/v2\/posts"}],"about":[{"href":"https:\/\/grundschule-homberg.de\/wp\/index.php?rest_route=\/wp\/v2\/types\/post"}],"author":[{"embeddable":true,"href":"https:\/\/grundschule-homberg.de\/wp\/index.php?rest_route=\/wp\/v2\/users\/1"}],"replies":[{"embeddable":true,"href":"https:\/\/grundschule-homberg.de\/wp\/index.php?rest_route=%2Fwp%2Fv2%2Fcomments&post=219272"}],"version-history":[{"count":1,"href":"https:\/\/grundschule-homberg.de\/wp\/index.php?rest_route=\/wp\/v2\/posts\/219272\/revisions"}],"predecessor-version":[{"id":219278,"href":"https:\/\/grundschule-homberg.de\/wp\/index.php?rest_route=\/wp\/v2\/posts\/219272\/revisions\/219278"}],"wp:attachment":[{"href":"https:\/\/grundschule-homberg.de\/wp\/index.php?rest_route=%2Fwp%2Fv2%2Fmedia&parent=219272"}],"wp:term":[{"taxonomy":"category","embeddable":true,"href":"https:\/\/grundschule-homberg.de\/wp\/index.php?rest_route=%2Fwp%2Fv2%2Fcategories&post=219272"},{"taxonomy":"post_tag","embeddable":true,"href":"https:\/\/grundschule-homberg.de\/wp\/index.php?rest_route=%2Fwp%2Fv2%2Ftags&post=219272"}],"curies":[{"name":"wp","href":"https:\/\/api.w.org\/{rel}","templated":true}]}}