{"id":219313,"date":"2015-02-11T14:16:48","date_gmt":"2015-02-11T13:16:48","guid":{"rendered":"http:\/\/grundschule-homberg.de\/wp\/?p=219313"},"modified":"2015-02-16T18:50:32","modified_gmt":"2015-02-16T17:50:32","slug":"leseabenteuer-bilder-vom-buecherflohmarkt","status":"publish","type":"post","link":"https:\/\/grundschule-homberg.de\/wp\/?p=219313","title":{"rendered":"Leseabenteuer: Bilder vom B\u00fccherflohmarkt"},"content":{"rendered":"<p>Eltern als Vorleseg\u00e4ste:<br \/>\n<a href=\"https:\/\/i0.wp.com\/grundschule-homberg.de\/wp\/wp-content\/uploads\/2015\/02\/small_IMG-20150213-WA0001.jpg\"><img data-recalc-dims=\"1\" loading=\"lazy\" decoding=\"async\" class=\"alignleft size-thumbnail wp-image-219319\" src=\"https:\/\/i0.wp.com\/grundschule-homberg.de\/wp\/wp-content\/uploads\/2015\/02\/small_IMG-20150213-WA0001-150x112.jpg?resize=150%2C112\" alt=\"small_IMG-20150213-WA0001\" width=\"150\" height=\"112\" srcset=\"https:\/\/i0.wp.com\/grundschule-homberg.de\/wp\/wp-content\/uploads\/2015\/02\/small_IMG-20150213-WA0001.jpg?resize=150%2C112&amp;ssl=1 150w, https:\/\/i0.wp.com\/grundschule-homberg.de\/wp\/wp-content\/uploads\/2015\/02\/small_IMG-20150213-WA0001.jpg?resize=300%2C224&amp;ssl=1 300w, https:\/\/i0.wp.com\/grundschule-homberg.de\/wp\/wp-content\/uploads\/2015\/02\/small_IMG-20150213-WA0001.jpg?w=535&amp;ssl=1 535w\" sizes=\"auto, (max-width: 150px) 100vw, 150px\" \/><\/a> <a href=\"https:\/\/i0.wp.com\/grundschule-homberg.de\/wp\/wp-content\/uploads\/2015\/02\/small_IMG-20150213-WA0002.jpg\"><img data-recalc-dims=\"1\" loading=\"lazy\" decoding=\"async\" class=\"alignleft size-thumbnail wp-image-219320\" src=\"https:\/\/i0.wp.com\/grundschule-homberg.de\/wp\/wp-content\/uploads\/2015\/02\/small_IMG-20150213-WA0002-150x112.jpg?resize=150%2C112\" alt=\"small_IMG-20150213-WA0002\" width=\"150\" height=\"112\" srcset=\"https:\/\/i0.wp.com\/grundschule-homberg.de\/wp\/wp-content\/uploads\/2015\/02\/small_IMG-20150213-WA0002.jpg?resize=150%2C112&amp;ssl=1 150w, https:\/\/i0.wp.com\/grundschule-homberg.de\/wp\/wp-content\/uploads\/2015\/02\/small_IMG-20150213-WA0002.jpg?resize=300%2C224&amp;ssl=1 300w, https:\/\/i0.wp.com\/grundschule-homberg.de\/wp\/wp-content\/uploads\/2015\/02\/small_IMG-20150213-WA0002.jpg?w=535&amp;ssl=1 535w\" sizes=\"auto, (max-width: 150px) 100vw, 150px\" \/><\/a><\/p>\n<p><strong>Vielen Dank an alle, die unsere tolle Lesewoche vorbereitet haben. <\/strong><br \/>\n<strong>Besonderen Dank an unsere ehemaligen Lehrkr\u00e4fte Frau Hohnhold, Frau R\u00fcckert, Frau Gr\u00f6b und Herrn D\u00f6ring, die w\u00e4hrend der Lesewoche den B\u00fccherflohmarkt betreut haben!<\/strong><\/p>\n<div class=\"tiled-gallery type-rectangular tiled-gallery-unresized\" data-original-width=\"604\" data-carousel-extra='null' itemscope itemtype=\"http:\/\/schema.org\/ImageGallery\" > <div class=\"gallery-row\" style=\"width: 604px; height: 303px;\" data-original-width=\"604\" data-original-height=\"303\" > <div class=\"gallery-group images-1\" style=\"width: 403px; height: 303px;\" data-original-width=\"403\" data-original-height=\"303\" > <div class=\"tiled-gallery-item tiled-gallery-item-large\" itemprop=\"associatedMedia\" itemscope itemtype=\"http:\/\/schema.org\/ImageObject\"> <a href=\"https:\/\/grundschule-homberg.de\/wp\/?attachment_id=219312\" border=\"0\" itemprop=\"url\"> <meta itemprop=\"width\" content=\"399\"> <meta itemprop=\"height\" content=\"299\"> <img decoding=\"async\" class=\"\" data-attachment-id=\"219312\" data-orig-file=\"https:\/\/grundschule-homberg.de\/wp\/wp-content\/uploads\/2015\/02\/k-WP_20150210_002.jpg\" data-orig-size=\"640,480\" data-comments-opened=\"\" data-image-meta=\"{&quot;aperture&quot;:&quot;0&quot;,&quot;credit&quot;:&quot;&quot;,&quot;camera&quot;:&quot;&quot;,&quot;caption&quot;:&quot;&quot;,&quot;created_timestamp&quot;:&quot;0&quot;,&quot;copyright&quot;:&quot;&quot;,&quot;focal_length&quot;:&quot;0&quot;,&quot;iso&quot;:&quot;0&quot;,&quot;shutter_speed&quot;:&quot;0&quot;,&quot;title&quot;:&quot;&quot;,&quot;orientation&quot;:&quot;0&quot;}\" data-image-title=\"k-WP_20150210_002\" data-image-description=\"\" data-medium-file=\"https:\/\/i0.wp.com\/grundschule-homberg.de\/wp\/wp-content\/uploads\/2015\/02\/k-WP_20150210_002.jpg?fit=300%2C225&#038;ssl=1\" data-large-file=\"https:\/\/i0.wp.com\/grundschule-homberg.de\/wp\/wp-content\/uploads\/2015\/02\/k-WP_20150210_002.jpg?fit=604%2C453&#038;ssl=1\" src=\"https:\/\/i0.wp.com\/grundschule-homberg.de\/wp\/wp-content\/uploads\/2015\/02\/k-WP_20150210_002.jpg?w=399&#038;h=299&#038;ssl=1\" srcset=\"https:\/\/i0.wp.com\/grundschule-homberg.de\/wp\/wp-content\/uploads\/2015\/02\/k-WP_20150210_002.jpg?w=640&amp;ssl=1 640w, https:\/\/i0.wp.com\/grundschule-homberg.de\/wp\/wp-content\/uploads\/2015\/02\/k-WP_20150210_002.jpg?resize=150%2C113&amp;ssl=1 150w, https:\/\/i0.wp.com\/grundschule-homberg.de\/wp\/wp-content\/uploads\/2015\/02\/k-WP_20150210_002.jpg?resize=300%2C225&amp;ssl=1 300w\" width=\"399\" height=\"299\" loading=\"lazy\" data-original-width=\"399\" data-original-height=\"299\" itemprop=\"http:\/\/schema.org\/image\" title=\"k-WP_20150210_002\" alt=\"k-WP_20150210_002\" style=\"width: 399px; height: 299px;\" \/> <\/a> <\/div> <\/div> <!-- close group --> <div class=\"gallery-group images-2\" style=\"width: 201px; height: 303px;\" data-original-width=\"201\" data-original-height=\"303\" > <div class=\"tiled-gallery-item tiled-gallery-item-small\" itemprop=\"associatedMedia\" itemscope itemtype=\"http:\/\/schema.org\/ImageObject\"> <a href=\"https:\/\/grundschule-homberg.de\/wp\/?attachment_id=219311\" border=\"0\" itemprop=\"url\"> <meta itemprop=\"width\" content=\"197\"> <meta itemprop=\"height\" content=\"148\"> <img decoding=\"async\" class=\"\" data-attachment-id=\"219311\" data-orig-file=\"https:\/\/grundschule-homberg.de\/wp\/wp-content\/uploads\/2015\/02\/k-WP_20150210_001.jpg\" data-orig-size=\"640,480\" data-comments-opened=\"\" data-image-meta=\"{&quot;aperture&quot;:&quot;0&quot;,&quot;credit&quot;:&quot;&quot;,&quot;camera&quot;:&quot;&quot;,&quot;caption&quot;:&quot;&quot;,&quot;created_timestamp&quot;:&quot;0&quot;,&quot;copyright&quot;:&quot;&quot;,&quot;focal_length&quot;:&quot;0&quot;,&quot;iso&quot;:&quot;0&quot;,&quot;shutter_speed&quot;:&quot;0&quot;,&quot;title&quot;:&quot;&quot;,&quot;orientation&quot;:&quot;0&quot;}\" data-image-title=\"k-WP_20150210_001\" data-image-description=\"\" data-medium-file=\"https:\/\/i0.wp.com\/grundschule-homberg.de\/wp\/wp-content\/uploads\/2015\/02\/k-WP_20150210_001.jpg?fit=300%2C225&#038;ssl=1\" data-large-file=\"https:\/\/i0.wp.com\/grundschule-homberg.de\/wp\/wp-content\/uploads\/2015\/02\/k-WP_20150210_001.jpg?fit=604%2C453&#038;ssl=1\" src=\"https:\/\/i0.wp.com\/grundschule-homberg.de\/wp\/wp-content\/uploads\/2015\/02\/k-WP_20150210_001.jpg?w=197&#038;h=148&#038;ssl=1\" srcset=\"https:\/\/i0.wp.com\/grundschule-homberg.de\/wp\/wp-content\/uploads\/2015\/02\/k-WP_20150210_001.jpg?w=640&amp;ssl=1 640w, https:\/\/i0.wp.com\/grundschule-homberg.de\/wp\/wp-content\/uploads\/2015\/02\/k-WP_20150210_001.jpg?resize=150%2C113&amp;ssl=1 150w, https:\/\/i0.wp.com\/grundschule-homberg.de\/wp\/wp-content\/uploads\/2015\/02\/k-WP_20150210_001.jpg?resize=300%2C225&amp;ssl=1 300w\" width=\"197\" height=\"148\" loading=\"lazy\" data-original-width=\"197\" data-original-height=\"148\" itemprop=\"http:\/\/schema.org\/image\" title=\"k-WP_20150210_001\" alt=\"k-WP_20150210_001\" style=\"width: 197px; height: 148px;\" \/> <\/a> <\/div> <div class=\"tiled-gallery-item tiled-gallery-item-small\" itemprop=\"associatedMedia\" itemscope itemtype=\"http:\/\/schema.org\/ImageObject\"> <a href=\"https:\/\/grundschule-homberg.de\/wp\/?attachment_id=219310\" border=\"0\" itemprop=\"url\"> <meta itemprop=\"width\" content=\"197\"> <meta itemprop=\"height\" content=\"147\"> <img decoding=\"async\" class=\"\" data-attachment-id=\"219310\" data-orig-file=\"https:\/\/grundschule-homberg.de\/wp\/wp-content\/uploads\/2015\/02\/k-WP_20150210_003.jpg\" data-orig-size=\"640,480\" data-comments-opened=\"\" data-image-meta=\"{&quot;aperture&quot;:&quot;0&quot;,&quot;credit&quot;:&quot;&quot;,&quot;camera&quot;:&quot;&quot;,&quot;caption&quot;:&quot;&quot;,&quot;created_timestamp&quot;:&quot;0&quot;,&quot;copyright&quot;:&quot;&quot;,&quot;focal_length&quot;:&quot;0&quot;,&quot;iso&quot;:&quot;0&quot;,&quot;shutter_speed&quot;:&quot;0&quot;,&quot;title&quot;:&quot;&quot;,&quot;orientation&quot;:&quot;0&quot;}\" data-image-title=\"B\u00fccherflohmarkt\" data-image-description=\"\" data-medium-file=\"https:\/\/i0.wp.com\/grundschule-homberg.de\/wp\/wp-content\/uploads\/2015\/02\/k-WP_20150210_003.jpg?fit=300%2C225&#038;ssl=1\" data-large-file=\"https:\/\/i0.wp.com\/grundschule-homberg.de\/wp\/wp-content\/uploads\/2015\/02\/k-WP_20150210_003.jpg?fit=604%2C453&#038;ssl=1\" src=\"https:\/\/i0.wp.com\/grundschule-homberg.de\/wp\/wp-content\/uploads\/2015\/02\/k-WP_20150210_003.jpg?w=197&#038;h=147&#038;ssl=1\" srcset=\"https:\/\/i0.wp.com\/grundschule-homberg.de\/wp\/wp-content\/uploads\/2015\/02\/k-WP_20150210_003.jpg?w=640&amp;ssl=1 640w, https:\/\/i0.wp.com\/grundschule-homberg.de\/wp\/wp-content\/uploads\/2015\/02\/k-WP_20150210_003.jpg?resize=150%2C113&amp;ssl=1 150w, https:\/\/i0.wp.com\/grundschule-homberg.de\/wp\/wp-content\/uploads\/2015\/02\/k-WP_20150210_003.jpg?resize=300%2C225&amp;ssl=1 300w\" width=\"197\" height=\"147\" loading=\"lazy\" data-original-width=\"197\" data-original-height=\"147\" itemprop=\"http:\/\/schema.org\/image\" title=\"B\u00fccherflohmarkt\" alt=\"B\u00fccherflohmarkt\" style=\"width: 197px; height: 147px;\" \/> <\/a> <\/div> <\/div> <!-- close group --> <\/div> <!-- close row --> <\/div>\n","protected":false},"excerpt":{"rendered":"<p>Eltern als Vorleseg\u00e4ste: Vielen Dank an alle, die unsere tolle Lesewoche vorbereitet haben. Besonderen Dank an unsere ehemaligen Lehrkr\u00e4fte Frau Hohnhold, Frau R\u00fcckert, Frau Gr\u00f6b und Herrn D\u00f6ring, die w\u00e4hrend der Lesewoche den B\u00fccherflohmarkt betreut haben!<\/p>\n","protected":false},"author":1,"featured_media":219311,"comment_status":"closed","ping_status":"closed","sticky":false,"template":"","format":"standard","meta":{"ngg_post_thumbnail":0,"_jetpack_memberships_contains_paid_content":false,"footnotes":""},"categories":[24],"tags":[],"class_list":["post-219313","post","type-post","status-publish","format-standard","has-post-thumbnail","hentry","category-projekte"],"jetpack_featured_media_url":"https:\/\/i0.wp.com\/grundschule-homberg.de\/wp\/wp-content\/uploads\/2015\/02\/k-WP_20150210_001.jpg?fit=640%2C480&ssl=1","jetpack_shortlink":"https:\/\/wp.me\/p3XuEZ-V3j","jetpack-related-posts":[],"jetpack_sharing_enabled":true,"_links":{"self":[{"href":"https:\/\/grundschule-homberg.de\/wp\/index.php?rest_route=\/wp\/v2\/posts\/219313","targetHints":{"allow":["GET"]}}],"collection":[{"href":"https:\/\/grundschule-homberg.de\/wp\/index.php?rest_route=\/wp\/v2\/posts"}],"about":[{"href":"https:\/\/grundschule-homberg.de\/wp\/index.php?rest_route=\/wp\/v2\/types\/post"}],"author":[{"embeddable":true,"href":"https:\/\/grundschule-homberg.de\/wp\/index.php?rest_route=\/wp\/v2\/users\/1"}],"replies":[{"embeddable":true,"href":"https:\/\/grundschule-homberg.de\/wp\/index.php?rest_route=%2Fwp%2Fv2%2Fcomments&post=219313"}],"version-history":[{"count":3,"href":"https:\/\/grundschule-homberg.de\/wp\/index.php?rest_route=\/wp\/v2\/posts\/219313\/revisions"}],"predecessor-version":[{"id":219321,"href":"https:\/\/grundschule-homberg.de\/wp\/index.php?rest_route=\/wp\/v2\/posts\/219313\/revisions\/219321"}],"wp:featuredmedia":[{"embeddable":true,"href":"https:\/\/grundschule-homberg.de\/wp\/index.php?rest_route=\/wp\/v2\/media\/219311"}],"wp:attachment":[{"href":"https:\/\/grundschule-homberg.de\/wp\/index.php?rest_route=%2Fwp%2Fv2%2Fmedia&parent=219313"}],"wp:term":[{"taxonomy":"category","embeddable":true,"href":"https:\/\/grundschule-homberg.de\/wp\/index.php?rest_route=%2Fwp%2Fv2%2Fcategories&post=219313"},{"taxonomy":"post_tag","embeddable":true,"href":"https:\/\/grundschule-homberg.de\/wp\/index.php?rest_route=%2Fwp%2Fv2%2Ftags&post=219313"}],"curies":[{"name":"wp","href":"https:\/\/api.w.org\/{rel}","templated":true}]}}