{"id":219452,"date":"2015-03-20T22:41:18","date_gmt":"2015-03-20T21:41:18","guid":{"rendered":"http:\/\/grundschule-homberg.de\/wp\/?p=219452"},"modified":"2015-03-20T22:43:25","modified_gmt":"2015-03-20T21:43:25","slug":"sonnenfinsternis","status":"publish","type":"post","link":"https:\/\/grundschule-homberg.de\/wp\/?p=219452","title":{"rendered":"Sonnenfinsternis"},"content":{"rendered":"<p>Die Sonnenfinsternis am Freitag, dem 20. M\u00e4rz 2015 wurde auch von den Schulkindern am Vormittag bestaunt. Aus Sicherheitsgr\u00fcnden durften die Sch\u00fclerinnen und Sch\u00fcler nicht in der gro\u00dfen Pause auf den Schulhof. Die astronomische Besonderheit konnte dann aber je nach Ausstattung mit Spezialbrillen einzeln oder klassenweise unter Aufsicht der Lehrerinnen betrachtet werden.<\/p>\n<p>&nbsp;<\/p>\n<div class=\"tiled-gallery type-rectangular tiled-gallery-unresized\" data-original-width=\"604\" data-carousel-extra='null' itemscope itemtype=\"http:\/\/schema.org\/ImageGallery\" > <div class=\"gallery-row\" style=\"width: 604px; height: 403px;\" data-original-width=\"604\" data-original-height=\"403\" > <div class=\"gallery-group images-1\" style=\"width: 403px; height: 403px;\" data-original-width=\"403\" data-original-height=\"403\" > <div class=\"tiled-gallery-item tiled-gallery-item-large\" itemprop=\"associatedMedia\" itemscope itemtype=\"http:\/\/schema.org\/ImageObject\"> <a href=\"https:\/\/grundschule-homberg.de\/wp\/?attachment_id=219447\" border=\"0\" itemprop=\"url\"> <meta itemprop=\"width\" content=\"399\"> <meta itemprop=\"height\" content=\"399\"> <img decoding=\"async\" class=\"\" data-attachment-id=\"219447\" data-orig-file=\"https:\/\/grundschule-homberg.de\/wp\/wp-content\/uploads\/2015\/03\/k-IMG-20150320-WA0005.jpg\" data-orig-size=\"640,640\" data-comments-opened=\"\" data-image-meta=\"{&quot;aperture&quot;:&quot;0&quot;,&quot;credit&quot;:&quot;&quot;,&quot;camera&quot;:&quot;&quot;,&quot;caption&quot;:&quot;&quot;,&quot;created_timestamp&quot;:&quot;0&quot;,&quot;copyright&quot;:&quot;&quot;,&quot;focal_length&quot;:&quot;0&quot;,&quot;iso&quot;:&quot;0&quot;,&quot;shutter_speed&quot;:&quot;0&quot;,&quot;title&quot;:&quot;&quot;,&quot;orientation&quot;:&quot;0&quot;}\" data-image-title=\"k-IMG-20150320-WA0005\" data-image-description=\"\" data-medium-file=\"https:\/\/i0.wp.com\/grundschule-homberg.de\/wp\/wp-content\/uploads\/2015\/03\/k-IMG-20150320-WA0005.jpg?fit=300%2C300&#038;ssl=1\" data-large-file=\"https:\/\/i0.wp.com\/grundschule-homberg.de\/wp\/wp-content\/uploads\/2015\/03\/k-IMG-20150320-WA0005.jpg?fit=604%2C604&#038;ssl=1\" src=\"https:\/\/i0.wp.com\/grundschule-homberg.de\/wp\/wp-content\/uploads\/2015\/03\/k-IMG-20150320-WA0005.jpg?w=399&#038;h=399&#038;crop=1&#038;ssl=1\" srcset=\"https:\/\/i0.wp.com\/grundschule-homberg.de\/wp\/wp-content\/uploads\/2015\/03\/k-IMG-20150320-WA0005.jpg?w=640&amp;ssl=1 640w, https:\/\/i0.wp.com\/grundschule-homberg.de\/wp\/wp-content\/uploads\/2015\/03\/k-IMG-20150320-WA0005.jpg?resize=150%2C150&amp;ssl=1 150w, https:\/\/i0.wp.com\/grundschule-homberg.de\/wp\/wp-content\/uploads\/2015\/03\/k-IMG-20150320-WA0005.jpg?resize=300%2C300&amp;ssl=1 300w\" width=\"399\" height=\"399\" loading=\"lazy\" data-original-width=\"399\" data-original-height=\"399\" itemprop=\"http:\/\/schema.org\/image\" title=\"k-IMG-20150320-WA0005\" alt=\"k-IMG-20150320-WA0005\" style=\"width: 399px; height: 399px;\" \/> <\/a> <\/div> <\/div> <!-- close group --> <div class=\"gallery-group images-2\" style=\"width: 201px; height: 403px;\" data-original-width=\"201\" data-original-height=\"403\" > <div class=\"tiled-gallery-item tiled-gallery-item-small\" itemprop=\"associatedMedia\" itemscope itemtype=\"http:\/\/schema.org\/ImageObject\"> <a href=\"https:\/\/grundschule-homberg.de\/wp\/?attachment_id=219446\" border=\"0\" itemprop=\"url\"> <meta itemprop=\"width\" content=\"197\"> <meta itemprop=\"height\" content=\"198\"> <img decoding=\"async\" class=\"\" data-attachment-id=\"219446\" data-orig-file=\"https:\/\/grundschule-homberg.de\/wp\/wp-content\/uploads\/2015\/03\/k-IMG-20150320-WA0001.jpg\" data-orig-size=\"640,640\" data-comments-opened=\"\" data-image-meta=\"{&quot;aperture&quot;:&quot;0&quot;,&quot;credit&quot;:&quot;&quot;,&quot;camera&quot;:&quot;&quot;,&quot;caption&quot;:&quot;&quot;,&quot;created_timestamp&quot;:&quot;0&quot;,&quot;copyright&quot;:&quot;&quot;,&quot;focal_length&quot;:&quot;0&quot;,&quot;iso&quot;:&quot;0&quot;,&quot;shutter_speed&quot;:&quot;0&quot;,&quot;title&quot;:&quot;&quot;,&quot;orientation&quot;:&quot;0&quot;}\" data-image-title=\"k-IMG-20150320-WA0001\" data-image-description=\"\" data-medium-file=\"https:\/\/i0.wp.com\/grundschule-homberg.de\/wp\/wp-content\/uploads\/2015\/03\/k-IMG-20150320-WA0001.jpg?fit=300%2C300&#038;ssl=1\" data-large-file=\"https:\/\/i0.wp.com\/grundschule-homberg.de\/wp\/wp-content\/uploads\/2015\/03\/k-IMG-20150320-WA0001.jpg?fit=604%2C604&#038;ssl=1\" src=\"https:\/\/i0.wp.com\/grundschule-homberg.de\/wp\/wp-content\/uploads\/2015\/03\/k-IMG-20150320-WA0001.jpg?w=197&#038;h=198&#038;ssl=1\" srcset=\"https:\/\/i0.wp.com\/grundschule-homberg.de\/wp\/wp-content\/uploads\/2015\/03\/k-IMG-20150320-WA0001.jpg?w=640&amp;ssl=1 640w, https:\/\/i0.wp.com\/grundschule-homberg.de\/wp\/wp-content\/uploads\/2015\/03\/k-IMG-20150320-WA0001.jpg?resize=150%2C150&amp;ssl=1 150w, https:\/\/i0.wp.com\/grundschule-homberg.de\/wp\/wp-content\/uploads\/2015\/03\/k-IMG-20150320-WA0001.jpg?resize=300%2C300&amp;ssl=1 300w\" width=\"197\" height=\"198\" loading=\"lazy\" data-original-width=\"197\" data-original-height=\"198\" itemprop=\"http:\/\/schema.org\/image\" title=\"k-IMG-20150320-WA0001\" alt=\"k-IMG-20150320-WA0001\" style=\"width: 197px; height: 198px;\" \/> <\/a> <\/div> <div class=\"tiled-gallery-item tiled-gallery-item-small\" itemprop=\"associatedMedia\" itemscope itemtype=\"http:\/\/schema.org\/ImageObject\"> <a href=\"https:\/\/grundschule-homberg.de\/wp\/?attachment_id=219448\" border=\"0\" itemprop=\"url\"> <meta itemprop=\"width\" content=\"197\"> <meta itemprop=\"height\" content=\"197\"> <img decoding=\"async\" class=\"\" data-attachment-id=\"219448\" data-orig-file=\"https:\/\/grundschule-homberg.de\/wp\/wp-content\/uploads\/2015\/03\/k-IMG-20150320-WA0006.jpg\" data-orig-size=\"640,640\" data-comments-opened=\"\" data-image-meta=\"{&quot;aperture&quot;:&quot;0&quot;,&quot;credit&quot;:&quot;&quot;,&quot;camera&quot;:&quot;&quot;,&quot;caption&quot;:&quot;&quot;,&quot;created_timestamp&quot;:&quot;0&quot;,&quot;copyright&quot;:&quot;&quot;,&quot;focal_length&quot;:&quot;0&quot;,&quot;iso&quot;:&quot;0&quot;,&quot;shutter_speed&quot;:&quot;0&quot;,&quot;title&quot;:&quot;&quot;,&quot;orientation&quot;:&quot;0&quot;}\" data-image-title=\"k-IMG-20150320-WA0006\" data-image-description=\"\" data-medium-file=\"https:\/\/i0.wp.com\/grundschule-homberg.de\/wp\/wp-content\/uploads\/2015\/03\/k-IMG-20150320-WA0006.jpg?fit=300%2C300&#038;ssl=1\" data-large-file=\"https:\/\/i0.wp.com\/grundschule-homberg.de\/wp\/wp-content\/uploads\/2015\/03\/k-IMG-20150320-WA0006.jpg?fit=604%2C604&#038;ssl=1\" src=\"https:\/\/i0.wp.com\/grundschule-homberg.de\/wp\/wp-content\/uploads\/2015\/03\/k-IMG-20150320-WA0006.jpg?w=197&#038;h=197&#038;crop=1&#038;ssl=1\" srcset=\"https:\/\/i0.wp.com\/grundschule-homberg.de\/wp\/wp-content\/uploads\/2015\/03\/k-IMG-20150320-WA0006.jpg?w=640&amp;ssl=1 640w, https:\/\/i0.wp.com\/grundschule-homberg.de\/wp\/wp-content\/uploads\/2015\/03\/k-IMG-20150320-WA0006.jpg?resize=150%2C150&amp;ssl=1 150w, https:\/\/i0.wp.com\/grundschule-homberg.de\/wp\/wp-content\/uploads\/2015\/03\/k-IMG-20150320-WA0006.jpg?resize=300%2C300&amp;ssl=1 300w\" width=\"197\" height=\"197\" loading=\"lazy\" data-original-width=\"197\" data-original-height=\"197\" itemprop=\"http:\/\/schema.org\/image\" title=\"k-IMG-20150320-WA0006\" alt=\"k-IMG-20150320-WA0006\" style=\"width: 197px; height: 197px;\" \/> <\/a> <\/div> <\/div> <!-- close group --> <\/div> <!-- close row --> <div class=\"gallery-row\" style=\"width: 604px; height: 454px;\" data-original-width=\"604\" data-original-height=\"454\" > <div class=\"gallery-group images-1\" style=\"width: 604px; height: 454px;\" data-original-width=\"604\" data-original-height=\"454\" > <div class=\"tiled-gallery-item tiled-gallery-item-large\" itemprop=\"associatedMedia\" itemscope itemtype=\"http:\/\/schema.org\/ImageObject\"> <a href=\"https:\/\/grundschule-homberg.de\/wp\/?attachment_id=219449\" border=\"0\" itemprop=\"url\"> <meta itemprop=\"width\" content=\"600\"> <meta itemprop=\"height\" content=\"450\"> <img decoding=\"async\" class=\"\" data-attachment-id=\"219449\" data-orig-file=\"https:\/\/grundschule-homberg.de\/wp\/wp-content\/uploads\/2015\/03\/k-WP_20150320_002.jpg\" data-orig-size=\"640,480\" data-comments-opened=\"\" data-image-meta=\"{&quot;aperture&quot;:&quot;0&quot;,&quot;credit&quot;:&quot;&quot;,&quot;camera&quot;:&quot;&quot;,&quot;caption&quot;:&quot;&quot;,&quot;created_timestamp&quot;:&quot;0&quot;,&quot;copyright&quot;:&quot;&quot;,&quot;focal_length&quot;:&quot;0&quot;,&quot;iso&quot;:&quot;0&quot;,&quot;shutter_speed&quot;:&quot;0&quot;,&quot;title&quot;:&quot;&quot;,&quot;orientation&quot;:&quot;0&quot;}\" data-image-title=\"Sonnenfinsternis\" data-image-description=\"\" data-medium-file=\"https:\/\/i0.wp.com\/grundschule-homberg.de\/wp\/wp-content\/uploads\/2015\/03\/k-WP_20150320_002.jpg?fit=300%2C225&#038;ssl=1\" data-large-file=\"https:\/\/i0.wp.com\/grundschule-homberg.de\/wp\/wp-content\/uploads\/2015\/03\/k-WP_20150320_002.jpg?fit=604%2C453&#038;ssl=1\" src=\"https:\/\/i0.wp.com\/grundschule-homberg.de\/wp\/wp-content\/uploads\/2015\/03\/k-WP_20150320_002.jpg?w=600&#038;h=450&#038;ssl=1\" srcset=\"https:\/\/i0.wp.com\/grundschule-homberg.de\/wp\/wp-content\/uploads\/2015\/03\/k-WP_20150320_002.jpg?w=640&amp;ssl=1 640w, https:\/\/i0.wp.com\/grundschule-homberg.de\/wp\/wp-content\/uploads\/2015\/03\/k-WP_20150320_002.jpg?resize=150%2C113&amp;ssl=1 150w, https:\/\/i0.wp.com\/grundschule-homberg.de\/wp\/wp-content\/uploads\/2015\/03\/k-WP_20150320_002.jpg?resize=300%2C225&amp;ssl=1 300w\" width=\"600\" height=\"450\" loading=\"lazy\" data-original-width=\"600\" data-original-height=\"450\" itemprop=\"http:\/\/schema.org\/image\" title=\"Sonnenfinsternis\" alt=\"Sonnenfinsternis\" style=\"width: 600px; height: 450px;\" \/> <\/a> <\/div> <\/div> <!-- close group --> <\/div> <!-- close row --> <\/div>\n<p>&nbsp;<\/p>\n","protected":false},"excerpt":{"rendered":"<p>Die Sonnenfinsternis am Freitag, dem 20. M\u00e4rz 2015 wurde auch von den Schulkindern am Vormittag bestaunt. Aus Sicherheitsgr\u00fcnden durften die Sch\u00fclerinnen und Sch\u00fcler nicht in der gro\u00dfen Pause auf den Schulhof. Die astronomische Besonderheit konnte dann aber je nach Ausstattung mit Spezialbrillen einzeln oder klassenweise unter Aufsicht der Lehrerinnen betrachtet werden. &nbsp; &nbsp;<\/p>\n","protected":false},"author":1,"featured_media":219446,"comment_status":"closed","ping_status":"closed","sticky":false,"template":"","format":"standard","meta":{"ngg_post_thumbnail":0,"_jetpack_memberships_contains_paid_content":false,"footnotes":""},"categories":[1],"tags":[],"class_list":["post-219452","post","type-post","status-publish","format-standard","has-post-thumbnail","hentry","category-allgemein"],"jetpack_featured_media_url":"https:\/\/i0.wp.com\/grundschule-homberg.de\/wp\/wp-content\/uploads\/2015\/03\/k-IMG-20150320-WA0001.jpg?fit=640%2C640&ssl=1","jetpack_shortlink":"https:\/\/wp.me\/p3XuEZ-V5y","jetpack-related-posts":[],"jetpack_sharing_enabled":true,"_links":{"self":[{"href":"https:\/\/grundschule-homberg.de\/wp\/index.php?rest_route=\/wp\/v2\/posts\/219452","targetHints":{"allow":["GET"]}}],"collection":[{"href":"https:\/\/grundschule-homberg.de\/wp\/index.php?rest_route=\/wp\/v2\/posts"}],"about":[{"href":"https:\/\/grundschule-homberg.de\/wp\/index.php?rest_route=\/wp\/v2\/types\/post"}],"author":[{"embeddable":true,"href":"https:\/\/grundschule-homberg.de\/wp\/index.php?rest_route=\/wp\/v2\/users\/1"}],"replies":[{"embeddable":true,"href":"https:\/\/grundschule-homberg.de\/wp\/index.php?rest_route=%2Fwp%2Fv2%2Fcomments&post=219452"}],"version-history":[{"count":2,"href":"https:\/\/grundschule-homberg.de\/wp\/index.php?rest_route=\/wp\/v2\/posts\/219452\/revisions"}],"predecessor-version":[{"id":219454,"href":"https:\/\/grundschule-homberg.de\/wp\/index.php?rest_route=\/wp\/v2\/posts\/219452\/revisions\/219454"}],"wp:featuredmedia":[{"embeddable":true,"href":"https:\/\/grundschule-homberg.de\/wp\/index.php?rest_route=\/wp\/v2\/media\/219446"}],"wp:attachment":[{"href":"https:\/\/grundschule-homberg.de\/wp\/index.php?rest_route=%2Fwp%2Fv2%2Fmedia&parent=219452"}],"wp:term":[{"taxonomy":"category","embeddable":true,"href":"https:\/\/grundschule-homberg.de\/wp\/index.php?rest_route=%2Fwp%2Fv2%2Fcategories&post=219452"},{"taxonomy":"post_tag","embeddable":true,"href":"https:\/\/grundschule-homberg.de\/wp\/index.php?rest_route=%2Fwp%2Fv2%2Ftags&post=219452"}],"curies":[{"name":"wp","href":"https:\/\/api.w.org\/{rel}","templated":true}]}}