{"id":219522,"date":"2015-05-15T08:23:51","date_gmt":"2015-05-15T06:23:51","guid":{"rendered":"http:\/\/grundschule-homberg.de\/wp\/?p=219522"},"modified":"2015-05-15T08:23:51","modified_gmt":"2015-05-15T06:23:51","slug":"neue-baenke-fuer-die-pause","status":"publish","type":"post","link":"https:\/\/grundschule-homberg.de\/wp\/?p=219522","title":{"rendered":"Neue B\u00e4nke f\u00fcr die Pause"},"content":{"rendered":"<p>Dieser Tage \u00fcbergab Peter Dr\u00f6\u00dfler als Vertreter des Fachbereichs Werken der Ohmtalschule zwei in Handarbeit erstellt Sitzgruppen f\u00fcr den Schulhof der Grundschule.<\/p>\n<p>Der Schulelternbeirat\u00a0 und die Schulleitung der Grundschule bedankten sich herzlich im Namen aller Sch\u00fclerinnen und Sch\u00fcler f\u00fcr die sch\u00f6nen Sitzgelegenheiten.<\/p>\n<p>Die neuen B\u00e4nke\u00a0entstanden in\u00a0Zusammenarbeit mit der Ohmtalschule.<br \/>\nDie Materialkosten \u00fcbernahm\u00a0der Schulelternbeirat.<\/p>\n<p><a href=\"https:\/\/i0.wp.com\/grundschule-homberg.de\/wp\/wp-content\/uploads\/2015\/05\/k-WP_20150507_010.jpg\"><img data-recalc-dims=\"1\" loading=\"lazy\" decoding=\"async\" class=\"alignleft size-thumbnail wp-image-219523\" src=\"https:\/\/i0.wp.com\/grundschule-homberg.de\/wp\/wp-content\/uploads\/2015\/05\/k-WP_20150507_010-150x113.jpg?resize=150%2C113\" alt=\"k-WP_20150507_010\" width=\"150\" height=\"113\" srcset=\"https:\/\/i0.wp.com\/grundschule-homberg.de\/wp\/wp-content\/uploads\/2015\/05\/k-WP_20150507_010.jpg?resize=150%2C113&amp;ssl=1 150w, https:\/\/i0.wp.com\/grundschule-homberg.de\/wp\/wp-content\/uploads\/2015\/05\/k-WP_20150507_010.jpg?resize=300%2C225&amp;ssl=1 300w, https:\/\/i0.wp.com\/grundschule-homberg.de\/wp\/wp-content\/uploads\/2015\/05\/k-WP_20150507_010.jpg?w=640&amp;ssl=1 640w\" sizes=\"auto, (max-width: 150px) 100vw, 150px\" \/><\/a><\/p>\n<p>&nbsp;<\/p>\n","protected":false},"excerpt":{"rendered":"<p>Dieser Tage \u00fcbergab Peter Dr\u00f6\u00dfler als Vertreter des Fachbereichs Werken der Ohmtalschule zwei in Handarbeit erstellt Sitzgruppen f\u00fcr den Schulhof der Grundschule. Der Schulelternbeirat\u00a0 und die Schulleitung der Grundschule bedankten sich herzlich im Namen aller Sch\u00fclerinnen und Sch\u00fcler f\u00fcr die sch\u00f6nen Sitzgelegenheiten. Die neuen B\u00e4nke\u00a0entstanden in\u00a0Zusammenarbeit mit der Ohmtalschule. Die Materialkosten \u00fcbernahm\u00a0der Schulelternbeirat. &nbsp;<\/p>\n","protected":false},"author":1,"featured_media":219523,"comment_status":"closed","ping_status":"closed","sticky":false,"template":"","format":"standard","meta":{"ngg_post_thumbnail":0,"_jetpack_memberships_contains_paid_content":false,"footnotes":""},"categories":[1,20],"tags":[],"class_list":["post-219522","post","type-post","status-publish","format-standard","has-post-thumbnail","hentry","category-allgemein","category-schulleben"],"jetpack_featured_media_url":"https:\/\/i0.wp.com\/grundschule-homberg.de\/wp\/wp-content\/uploads\/2015\/05\/k-WP_20150507_010.jpg?fit=640%2C480&ssl=1","jetpack_shortlink":"https:\/\/wp.me\/p3XuEZ-V6G","jetpack-related-posts":[],"jetpack_sharing_enabled":true,"_links":{"self":[{"href":"https:\/\/grundschule-homberg.de\/wp\/index.php?rest_route=\/wp\/v2\/posts\/219522","targetHints":{"allow":["GET"]}}],"collection":[{"href":"https:\/\/grundschule-homberg.de\/wp\/index.php?rest_route=\/wp\/v2\/posts"}],"about":[{"href":"https:\/\/grundschule-homberg.de\/wp\/index.php?rest_route=\/wp\/v2\/types\/post"}],"author":[{"embeddable":true,"href":"https:\/\/grundschule-homberg.de\/wp\/index.php?rest_route=\/wp\/v2\/users\/1"}],"replies":[{"embeddable":true,"href":"https:\/\/grundschule-homberg.de\/wp\/index.php?rest_route=%2Fwp%2Fv2%2Fcomments&post=219522"}],"version-history":[{"count":1,"href":"https:\/\/grundschule-homberg.de\/wp\/index.php?rest_route=\/wp\/v2\/posts\/219522\/revisions"}],"predecessor-version":[{"id":219524,"href":"https:\/\/grundschule-homberg.de\/wp\/index.php?rest_route=\/wp\/v2\/posts\/219522\/revisions\/219524"}],"wp:featuredmedia":[{"embeddable":true,"href":"https:\/\/grundschule-homberg.de\/wp\/index.php?rest_route=\/wp\/v2\/media\/219523"}],"wp:attachment":[{"href":"https:\/\/grundschule-homberg.de\/wp\/index.php?rest_route=%2Fwp%2Fv2%2Fmedia&parent=219522"}],"wp:term":[{"taxonomy":"category","embeddable":true,"href":"https:\/\/grundschule-homberg.de\/wp\/index.php?rest_route=%2Fwp%2Fv2%2Fcategories&post=219522"},{"taxonomy":"post_tag","embeddable":true,"href":"https:\/\/grundschule-homberg.de\/wp\/index.php?rest_route=%2Fwp%2Fv2%2Ftags&post=219522"}],"curies":[{"name":"wp","href":"https:\/\/api.w.org\/{rel}","templated":true}]}}