{"id":219561,"date":"2015-06-22T12:49:22","date_gmt":"2015-06-22T10:49:22","guid":{"rendered":"http:\/\/grundschule-homberg.de\/wp\/?p=219561"},"modified":"2015-06-28T21:05:21","modified_gmt":"2015-06-28T19:05:21","slug":"sportwoche-an-der-grundschule","status":"publish","type":"post","link":"https:\/\/grundschule-homberg.de\/wp\/?p=219561","title":{"rendered":"Sportwoche an der Grundschule"},"content":{"rendered":"<p><span style=\"font-size: 8pt;\"><strong><span style=\"color: #00ccff;\">[28.06.15 neue Bilder]<\/span> <\/strong><\/span>In der Woche vom 22. \u2013 26.Juni 2015 findet an unserer Schule eine Projektwoche zum Thema Sport treiben \u2013 sich bewegen \u2013 gesund bleiben statt. Die Sch\u00fclerinnen und Sch\u00fcler hatten sich dieses Thema f\u00fcr die Projektwoche gew\u00fcnscht.\u00a0\u00a0 <span style=\"font-size: 8pt;\"><a href=\"http:\/\/grundschule-homberg.de\/wp\/?page_id=219608\" target=\"_blank\">Zum Album&gt;&gt;<\/a><\/span><\/p>\n<p>Nun ist es soweit. Von Montag bis Donnerstag k\u00f6nnen die Klassen verschiedene Sportarten ausprobieren und vielseitige Bewegungsanreize wahrnehmen. An jedem dieser Tage besuchen die Klassen ein oder zwei Projekte aus dem reichhaltigen Angebot, das durch Lehrerinnen, freiwillige Helfer und \u00f6rtliche Sportvereine erm\u00f6glicht wurde.<\/p>\n<p>Zur Auswahl stehen:<\/p>\n<p>* Bambini-Mobil (Fu\u00dfballbund)<\/p>\n<p>* Badminton (Herr de Haan, TV Homberg)<\/p>\n<p>* Tennis (Herr Opitz, Homberger Tennisclub)<\/p>\n<p>* Sepp-Herberger-Tag (Herr Schneider, Fu\u00dfballbund)<\/p>\n<p>* T\u00fcchergymnastik (Frau Pfeil-Kebernik, Tanzstudio Top Fit)<\/p>\n<p>* Fu\u00dfball (Herr Sann und Herr Stein)<\/p>\n<p>* Judo (Tanzstudio Top Fit)<\/p>\n<p>* Handball (TV Homberg)<\/p>\n<p>* Geschicklichkeits-Parcours (Herr und Frau D\u00f6ring)<\/p>\n<p>* Tischtennis (Anke B\u00f6ttner, Tischtennisverein Nieder-Ofleiden)<\/p>\n<p>* Tanzen (Frau Fleischhauer, Tanzstudio Top Fit))<\/p>\n<p>* Koordination\/Entspannung (Frau Strupf)<\/p>\n<p>* Rh\u00f6nradturnen\u00a0 (Frau Schombert, Turnverein Gro\u00dfeichen)<\/p>\n<p>* Schwimmunterricht (Frau Lamp)<\/p>\n<p>Auch in den Unterrichtsstunden besch\u00e4ftigen sich die Kinder in dieser Woche mit Sport, Sportarten, Fitness und Gesundheit. Den Abschluss dieser sportlichen Woche bilden am Freitagvormittag die Bundesjugendspiele mit unterschiedlichen Wettkampf- und Spa\u00dfstationen.<\/p>\n<p>Ein herzliches Dankesch\u00f6n an die vielen Helfereltern, die Freiwilligen und die Vereinsmitglieder, ohne die eine solche Projektwoche nicht m\u00f6gliche w\u00e4re. Ebenso gilt der Dank der Grundschule Homberg der Ohmtalschule f\u00fcr die Bereitstellung von R\u00e4umlichkeiten und dem Vogelsbergkreis, der den Bustransport der Kinder vom Tennisplatz \u00fcbernimmt.<br \/>\n\t<div class=\"ngg-albumoverview default-view\">\n\t\t\t\t\t<div class=\"ngg-album\">\n\t\t\t\t<div class=\"ngg-albumcontent\">\n\t\t\t\t\t\t\t\t\t\t\t<div class=\"ngg-thumbnail\">\n\t\t\t\t\t\t\t<a class='gallery_link' href='https:\/\/grundschule-homberg.de\/wp\/index.php\/nggallery\/sportfest-2015\/bundesjugendspiele-2015?p=219561'>\n\t\t\t\t\t\t\t\t<img class=\"Thumb\"\n\t\t\t\t\t\t\t\t\talt=\"Bundesjugendspiele 2015\"\n\t\t\t\t\t\t\t\t\tsrc=\"https:\/\/grundschule-homberg.de\/wp\/wp-content\/gallery\/bundesjugendspiele-2015\/cache\/WP_20150626_062.jpg-nggid03379-ngg0dyn-91x68-00f0w010c011r110f110r010t010.jpg\"\/>\n\t\t\t\t\t\t\t<\/a>\n\t\t\t\t\t\t<\/div>\n\t\t\t\t\t\t\t\t\t\t<div class=\"ngg-albumtitle\">\n\t\t\t\t\t\t<a class='gallery_link' href='https:\/\/grundschule-homberg.de\/wp\/index.php\/nggallery\/sportfest-2015\/bundesjugendspiele-2015?p=219561'>Bundesjugendspiele 2015<\/a>\n\t\t\t\t\t<\/div>\n\t\t\t\t\t<div class=\"ngg-description\">\n\t\t\t\t\t\t<p><\/p>\n\t\t\t\t\t\t\t\t\t\t\t\t\t<p class=\"ngg-album-gallery-image-counter\">\n\t\t\t\t\t\t\t\t<strong>15<\/strong>&nbsp;Fotos<\/p>\n\t\t\t\t\t\t\t\t\t\t\t<\/div>\n\t\t\t\t<\/div>\n\t\t\t<\/div>\n\t\t\t\t\t<div class=\"ngg-album\">\n\t\t\t\t<div class=\"ngg-albumcontent\">\n\t\t\t\t\t\t\t\t\t\t\t<div class=\"ngg-thumbnail\">\n\t\t\t\t\t\t\t<a class='gallery_link' href='https:\/\/grundschule-homberg.de\/wp\/index.php\/nggallery\/sportfest-2015\/handball-2015?p=219561'>\n\t\t\t\t\t\t\t\t<img class=\"Thumb\"\n\t\t\t\t\t\t\t\t\talt=\"Handball 2015\"\n\t\t\t\t\t\t\t\t\tsrc=\"https:\/\/grundschule-homberg.de\/wp\/wp-content\/gallery\/handball-2015\/cache\/WP_20150625_022.jpg-nggid03372-ngg0dyn-91x68-00f0w010c011r110f110r010t010.jpg\"\/>\n\t\t\t\t\t\t\t<\/a>\n\t\t\t\t\t\t<\/div>\n\t\t\t\t\t\t\t\t\t\t<div class=\"ngg-albumtitle\">\n\t\t\t\t\t\t<a class='gallery_link' href='https:\/\/grundschule-homberg.de\/wp\/index.php\/nggallery\/sportfest-2015\/handball-2015?p=219561'>Handball 2015<\/a>\n\t\t\t\t\t<\/div>\n\t\t\t\t\t<div class=\"ngg-description\">\n\t\t\t\t\t\t<p><\/p>\n\t\t\t\t\t\t\t\t\t\t\t\t\t<p class=\"ngg-album-gallery-image-counter\">\n\t\t\t\t\t\t\t\t<strong>7<\/strong>&nbsp;Fotos<\/p>\n\t\t\t\t\t\t\t\t\t\t\t<\/div>\n\t\t\t\t<\/div>\n\t\t\t<\/div>\n\t\t\t\t\t<div class=\"ngg-album\">\n\t\t\t\t<div class=\"ngg-albumcontent\">\n\t\t\t\t\t\t\t\t\t\t\t<div class=\"ngg-thumbnail\">\n\t\t\t\t\t\t\t<a class='gallery_link' href='https:\/\/grundschule-homberg.de\/wp\/index.php\/nggallery\/sportfest-2015\/geschicklichkeitsparcours-1?p=219561'>\n\t\t\t\t\t\t\t\t<img class=\"Thumb\"\n\t\t\t\t\t\t\t\t\talt=\"Geschicklichkeitsparcours 2015\"\n\t\t\t\t\t\t\t\t\tsrc=\"https:\/\/grundschule-homberg.de\/wp\/wp-content\/gallery\/geschicklichkeitsparcours-1\/cache\/WP_20150623_013.jpg-nggid03394-ngg0dyn-91x68-00f0w010c011r110f110r010t010.jpg\"\/>\n\t\t\t\t\t\t\t<\/a>\n\t\t\t\t\t\t<\/div>\n\t\t\t\t\t\t\t\t\t\t<div class=\"ngg-albumtitle\">\n\t\t\t\t\t\t<a class='gallery_link' href='https:\/\/grundschule-homberg.de\/wp\/index.php\/nggallery\/sportfest-2015\/geschicklichkeitsparcours-1?p=219561'>Geschicklichkeitsparcours 2015<\/a>\n\t\t\t\t\t<\/div>\n\t\t\t\t\t<div class=\"ngg-description\">\n\t\t\t\t\t\t<p><\/p>\n\t\t\t\t\t\t\t\t\t\t\t\t\t<p class=\"ngg-album-gallery-image-counter\">\n\t\t\t\t\t\t\t\t<strong>6<\/strong>&nbsp;Fotos<\/p>\n\t\t\t\t\t\t\t\t\t\t\t<\/div>\n\t\t\t\t<\/div>\n\t\t\t<\/div>\n\t\t\t\t\t<div class=\"ngg-album\">\n\t\t\t\t<div class=\"ngg-albumcontent\">\n\t\t\t\t\t\t\t\t\t\t\t<div class=\"ngg-thumbnail\">\n\t\t\t\t\t\t\t<a class='gallery_link' href='https:\/\/grundschule-homberg.de\/wp\/index.php\/nggallery\/sportfest-2015\/entspannungs-und-rueckengymnastik?p=219561'>\n\t\t\t\t\t\t\t\t<img class=\"Thumb\"\n\t\t\t\t\t\t\t\t\talt=\"Entspannungs-und-Rueckengymnastik 2015\"\n\t\t\t\t\t\t\t\t\tsrc=\"https:\/\/grundschule-homberg.de\/wp\/wp-content\/gallery\/entspannungs-und-rueckengymnastik\/cache\/IMG-20150624-WA0025.jpg-nggid03400-ngg0dyn-91x68-00f0w010c011r110f110r010t010.jpg\"\/>\n\t\t\t\t\t\t\t<\/a>\n\t\t\t\t\t\t<\/div>\n\t\t\t\t\t\t\t\t\t\t<div class=\"ngg-albumtitle\">\n\t\t\t\t\t\t<a class='gallery_link' href='https:\/\/grundschule-homberg.de\/wp\/index.php\/nggallery\/sportfest-2015\/entspannungs-und-rueckengymnastik?p=219561'>Entspannungs-und-Rueckengymnastik 2015<\/a>\n\t\t\t\t\t<\/div>\n\t\t\t\t\t<div class=\"ngg-description\">\n\t\t\t\t\t\t<p><\/p>\n\t\t\t\t\t\t\t\t\t\t\t\t\t<p class=\"ngg-album-gallery-image-counter\">\n\t\t\t\t\t\t\t\t<strong>3<\/strong>&nbsp;Fotos<\/p>\n\t\t\t\t\t\t\t\t\t\t\t<\/div>\n\t\t\t\t<\/div>\n\t\t\t<\/div>\n\t\t\t\t\t<div class=\"ngg-album\">\n\t\t\t\t<div class=\"ngg-albumcontent\">\n\t\t\t\t\t\t\t\t\t\t\t<div class=\"ngg-thumbnail\">\n\t\t\t\t\t\t\t<a class='gallery_link' href='https:\/\/grundschule-homberg.de\/wp\/?page_id=219733'>\n\t\t\t\t\t\t\t\t<img class=\"Thumb\"\n\t\t\t\t\t\t\t\t\talt=\"Geschicklichkeitsparcours 2015\"\n\t\t\t\t\t\t\t\t\tsrc=\"https:\/\/grundschule-homberg.de\/wp\/wp-content\/gallery\/geschicklichkeitsparcours\/cache\/WP_20150623_013.jpg-nggid03353-ngg0dyn-91x68-00f0w010c011r110f110r010t010.jpg\"\/>\n\t\t\t\t\t\t\t<\/a>\n\t\t\t\t\t\t<\/div>\n\t\t\t\t\t\t\t\t\t\t<div class=\"ngg-albumtitle\">\n\t\t\t\t\t\t<a class='gallery_link' href='https:\/\/grundschule-homberg.de\/wp\/?page_id=219733'>Geschicklichkeitsparcours 2015<\/a>\n\t\t\t\t\t<\/div>\n\t\t\t\t\t<div class=\"ngg-description\">\n\t\t\t\t\t\t<p><\/p>\n\t\t\t\t\t\t\t\t\t\t\t\t\t<p class=\"ngg-album-gallery-image-counter\">\n\t\t\t\t\t\t\t\t<strong>6<\/strong>&nbsp;Fotos<\/p>\n\t\t\t\t\t\t\t\t\t\t\t<\/div>\n\t\t\t\t<\/div>\n\t\t\t<\/div>\n\t\t\t\t\t<div class=\"ngg-album\">\n\t\t\t\t<div class=\"ngg-albumcontent\">\n\t\t\t\t\t\t\t\t\t\t\t<div class=\"ngg-thumbnail\">\n\t\t\t\t\t\t\t<a class='gallery_link' href='https:\/\/grundschule-homberg.de\/wp\/index.php\/nggallery\/sportfest-2015\/rhoenrad?p=219561'>\n\t\t\t\t\t\t\t\t<img class=\"Thumb\"\n\t\t\t\t\t\t\t\t\talt=\"Rh\u00f6nrad 2015\"\n\t\t\t\t\t\t\t\t\tsrc=\"https:\/\/grundschule-homberg.de\/wp\/wp-content\/gallery\/rhoenrad\/cache\/WP_20150623_004.jpg-nggid03349-ngg0dyn-91x68-00f0w010c011r110f110r010t010.jpg\"\/>\n\t\t\t\t\t\t\t<\/a>\n\t\t\t\t\t\t<\/div>\n\t\t\t\t\t\t\t\t\t\t<div class=\"ngg-albumtitle\">\n\t\t\t\t\t\t<a class='gallery_link' href='https:\/\/grundschule-homberg.de\/wp\/index.php\/nggallery\/sportfest-2015\/rhoenrad?p=219561'>Rh\u00f6nrad 2015<\/a>\n\t\t\t\t\t<\/div>\n\t\t\t\t\t<div class=\"ngg-description\">\n\t\t\t\t\t\t<p><\/p>\n\t\t\t\t\t\t\t\t\t\t\t\t\t<p class=\"ngg-album-gallery-image-counter\">\n\t\t\t\t\t\t\t\t<strong>14<\/strong>&nbsp;Fotos<\/p>\n\t\t\t\t\t\t\t\t\t\t\t<\/div>\n\t\t\t\t<\/div>\n\t\t\t<\/div>\n\t\t\t\t\t<div class=\"ngg-album\">\n\t\t\t\t<div class=\"ngg-albumcontent\">\n\t\t\t\t\t\t\t\t\t\t\t<div class=\"ngg-thumbnail\">\n\t\t\t\t\t\t\t<a class='gallery_link' href='https:\/\/grundschule-homberg.de\/wp\/?page_id=219675'>\n\t\t\t\t\t\t\t\t<img class=\"Thumb\"\n\t\t\t\t\t\t\t\t\talt=\"Aerialgymnastik 2015\"\n\t\t\t\t\t\t\t\t\tsrc=\"https:\/\/grundschule-homberg.de\/wp\/wp-content\/gallery\/tuechergymnastik\/cache\/IMG-20150622-WA0012.jpg-nggid03331-ngg0dyn-91x68-00f0w010c011r110f110r010t010.jpg\"\/>\n\t\t\t\t\t\t\t<\/a>\n\t\t\t\t\t\t<\/div>\n\t\t\t\t\t\t\t\t\t\t<div class=\"ngg-albumtitle\">\n\t\t\t\t\t\t<a class='gallery_link' href='https:\/\/grundschule-homberg.de\/wp\/?page_id=219675'>Aerialgymnastik 2015<\/a>\n\t\t\t\t\t<\/div>\n\t\t\t\t\t<div class=\"ngg-description\">\n\t\t\t\t\t\t<p><\/p>\n\t\t\t\t\t\t\t\t\t\t\t\t\t<p class=\"ngg-album-gallery-image-counter\">\n\t\t\t\t\t\t\t\t<strong>5<\/strong>&nbsp;Fotos<\/p>\n\t\t\t\t\t\t\t\t\t\t\t<\/div>\n\t\t\t\t<\/div>\n\t\t\t<\/div>\n\t\t\t\t\t<div class=\"ngg-album\">\n\t\t\t\t<div class=\"ngg-albumcontent\">\n\t\t\t\t\t\t\t\t\t\t\t<div class=\"ngg-thumbnail\">\n\t\t\t\t\t\t\t<a class='gallery_link' href='https:\/\/grundschule-homberg.de\/wp\/?page_id=219676'>\n\t\t\t\t\t\t\t\t<img class=\"Thumb\"\n\t\t\t\t\t\t\t\t\talt=\"Sepp Herberger Tag 2015\"\n\t\t\t\t\t\t\t\t\tsrc=\"https:\/\/grundschule-homberg.de\/wp\/wp-content\/gallery\/sepp-herberger-tag\/cache\/IMG-20150622-WA0016.jpg-nggid03342-ngg0dyn-91x68-00f0w010c011r110f110r010t010.jpg\"\/>\n\t\t\t\t\t\t\t<\/a>\n\t\t\t\t\t\t<\/div>\n\t\t\t\t\t\t\t\t\t\t<div class=\"ngg-albumtitle\">\n\t\t\t\t\t\t<a class='gallery_link' href='https:\/\/grundschule-homberg.de\/wp\/?page_id=219676'>Sepp Herberger Tag 2015<\/a>\n\t\t\t\t\t<\/div>\n\t\t\t\t\t<div class=\"ngg-description\">\n\t\t\t\t\t\t<p><\/p>\n\t\t\t\t\t\t\t\t\t\t\t\t\t<p class=\"ngg-album-gallery-image-counter\">\n\t\t\t\t\t\t\t\t<strong>6<\/strong>&nbsp;Fotos<\/p>\n\t\t\t\t\t\t\t\t\t\t\t<\/div>\n\t\t\t\t<\/div>\n\t\t\t<\/div>\n\t\t\t\t\t<div class=\"ngg-album\">\n\t\t\t\t<div class=\"ngg-albumcontent\">\n\t\t\t\t\t\t\t\t\t\t\t<div class=\"ngg-thumbnail\">\n\t\t\t\t\t\t\t<a class='gallery_link' href='https:\/\/grundschule-homberg.de\/wp\/?page_id=219671'>\n\t\t\t\t\t\t\t\t<img class=\"Thumb\"\n\t\t\t\t\t\t\t\t\talt=\"Judo 2015\"\n\t\t\t\t\t\t\t\t\tsrc=\"https:\/\/grundschule-homberg.de\/wp\/wp-content\/gallery\/sportfest-2015\/cache\/small_WP_20150622_032.jpg-nggid03326-ngg0dyn-91x68-00f0w010c011r110f110r010t010.jpg\"\/>\n\t\t\t\t\t\t\t<\/a>\n\t\t\t\t\t\t<\/div>\n\t\t\t\t\t\t\t\t\t\t<div class=\"ngg-albumtitle\">\n\t\t\t\t\t\t<a class='gallery_link' href='https:\/\/grundschule-homberg.de\/wp\/?page_id=219671'>Judo 2015<\/a>\n\t\t\t\t\t<\/div>\n\t\t\t\t\t<div class=\"ngg-description\">\n\t\t\t\t\t\t<p><\/p>\n\t\t\t\t\t\t\t\t\t\t\t\t\t<p class=\"ngg-album-gallery-image-counter\">\n\t\t\t\t\t\t\t\t<strong>5<\/strong>&nbsp;Fotos<\/p>\n\t\t\t\t\t\t\t\t\t\t\t<\/div>\n\t\t\t\t<\/div>\n\t\t\t<\/div>\n\t\t\t\t\t<div class=\"ngg-album\">\n\t\t\t\t<div class=\"ngg-albumcontent\">\n\t\t\t\t\t\t\t\t\t\t\t<div class=\"ngg-thumbnail\">\n\t\t\t\t\t\t\t<a class='gallery_link' href='https:\/\/grundschule-homberg.de\/wp\/?page_id=219674'>\n\t\t\t\t\t\t\t\t<img class=\"Thumb\"\n\t\t\t\t\t\t\t\t\talt=\"Badminton 2015\"\n\t\t\t\t\t\t\t\t\tsrc=\"https:\/\/grundschule-homberg.de\/wp\/wp-content\/gallery\/badminton\/cache\/IMG-20150622-WA0009.jpg-nggid03335-ngg0dyn-91x68-00f0w010c011r110f110r010t010.jpg\"\/>\n\t\t\t\t\t\t\t<\/a>\n\t\t\t\t\t\t<\/div>\n\t\t\t\t\t\t\t\t\t\t<div class=\"ngg-albumtitle\">\n\t\t\t\t\t\t<a class='gallery_link' href='https:\/\/grundschule-homberg.de\/wp\/?page_id=219674'>Badminton 2015<\/a>\n\t\t\t\t\t<\/div>\n\t\t\t\t\t<div class=\"ngg-description\">\n\t\t\t\t\t\t<p><\/p>\n\t\t\t\t\t\t\t\t\t\t\t\t\t<p class=\"ngg-album-gallery-image-counter\">\n\t\t\t\t\t\t\t\t<strong>7<\/strong>&nbsp;Fotos<\/p>\n\t\t\t\t\t\t\t\t\t\t\t<\/div>\n\t\t\t\t<\/div>\n\t\t\t<\/div>\n\t\t\t\t\t<div class=\"ngg-album\">\n\t\t\t\t<div class=\"ngg-albumcontent\">\n\t\t\t\t\t\t\t\t\t\t\t<div class=\"ngg-thumbnail\">\n\t\t\t\t\t\t\t<a class='gallery_link' href='https:\/\/grundschule-homberg.de\/wp\/?page_id=219735'>\n\t\t\t\t\t\t\t\t<img class=\"Thumb\"\n\t\t\t\t\t\t\t\t\talt=\"Tennis 2015\"\n\t\t\t\t\t\t\t\t\tsrc=\"https:\/\/grundschule-homberg.de\/wp\/wp-content\/gallery\/tennis\/cache\/IMG-20150623-WA0005.jpg-nggid03360-ngg0dyn-91x68-00f0w010c011r110f110r010t010.jpg\"\/>\n\t\t\t\t\t\t\t<\/a>\n\t\t\t\t\t\t<\/div>\n\t\t\t\t\t\t\t\t\t\t<div class=\"ngg-albumtitle\">\n\t\t\t\t\t\t<a class='gallery_link' href='https:\/\/grundschule-homberg.de\/wp\/?page_id=219735'>Tennis 2015<\/a>\n\t\t\t\t\t<\/div>\n\t\t\t\t\t<div class=\"ngg-description\">\n\t\t\t\t\t\t<p><\/p>\n\t\t\t\t\t\t\t\t\t\t\t\t\t<p class=\"ngg-album-gallery-image-counter\">\n\t\t\t\t\t\t\t\t<strong>14<\/strong>&nbsp;Fotos<\/p>\n\t\t\t\t\t\t\t\t\t\t\t<\/div>\n\t\t\t\t<\/div>\n\t\t\t<\/div>\n\t\t\t\t\t<div class=\"ngg-album\">\n\t\t\t\t<div class=\"ngg-albumcontent\">\n\t\t\t\t\t\t\t\t\t\t\t<div class=\"ngg-thumbnail\">\n\t\t\t\t\t\t\t<a class='gallery_link' href='https:\/\/grundschule-homberg.de\/wp\/?page_id=219734'>\n\t\t\t\t\t\t\t\t<img class=\"Thumb\"\n\t\t\t\t\t\t\t\t\talt=\"Tanzen 2015\"\n\t\t\t\t\t\t\t\t\tsrc=\"https:\/\/grundschule-homberg.de\/wp\/wp-content\/gallery\/tanzen\/cache\/WP_20150623_005.jpg-nggid03359-ngg0dyn-91x68-00f0w010c011r110f110r010t010.jpg\"\/>\n\t\t\t\t\t\t\t<\/a>\n\t\t\t\t\t\t<\/div>\n\t\t\t\t\t\t\t\t\t\t<div class=\"ngg-albumtitle\">\n\t\t\t\t\t\t<a class='gallery_link' href='https:\/\/grundschule-homberg.de\/wp\/?page_id=219734'>Tanzen 2015<\/a>\n\t\t\t\t\t<\/div>\n\t\t\t\t\t<div class=\"ngg-description\">\n\t\t\t\t\t\t<p><\/p>\n\t\t\t\t\t\t\t\t\t\t\t\t\t<p class=\"ngg-album-gallery-image-counter\">\n\t\t\t\t\t\t\t\t<strong>1<\/strong>&nbsp;Fotos<\/p>\n\t\t\t\t\t\t\t\t\t\t\t<\/div>\n\t\t\t\t<\/div>\n\t\t\t<\/div>\n\t\t\t\t\t<div class=\"ngg-album\">\n\t\t\t\t<div class=\"ngg-albumcontent\">\n\t\t\t\t\t\t\t\t\t\t\t<div class=\"ngg-thumbnail\">\n\t\t\t\t\t\t\t<a class='gallery_link' href='https:\/\/grundschule-homberg.de\/wp\/?page_id=219673'>\n\t\t\t\t\t\t\t\t<img class=\"Thumb\"\n\t\t\t\t\t\t\t\t\talt=\"Bambini-Mobil 2015\"\n\t\t\t\t\t\t\t\t\tsrc=\"https:\/\/grundschule-homberg.de\/wp\/wp-content\/gallery\/bambini-mobil\/cache\/small_WP_20150622_017.jpg-nggid03315-ngg0dyn-91x68-00f0w010c011r110f110r010t010.jpg\"\/>\n\t\t\t\t\t\t\t<\/a>\n\t\t\t\t\t\t<\/div>\n\t\t\t\t\t\t\t\t\t\t<div class=\"ngg-albumtitle\">\n\t\t\t\t\t\t<a class='gallery_link' href='https:\/\/grundschule-homberg.de\/wp\/?page_id=219673'>Bambini-Mobil 2015<\/a>\n\t\t\t\t\t<\/div>\n\t\t\t\t\t<div class=\"ngg-description\">\n\t\t\t\t\t\t<p><\/p>\n\t\t\t\t\t\t\t\t\t\t\t\t\t<p class=\"ngg-album-gallery-image-counter\">\n\t\t\t\t\t\t\t\t<strong>10<\/strong>&nbsp;Fotos<\/p>\n\t\t\t\t\t\t\t\t\t\t\t<\/div>\n\t\t\t\t<\/div>\n\t\t\t<\/div>\n\t\t\t\t<div class='ngg-clear'><\/div>\t<\/div>\n<\/p>\n","protected":false},"excerpt":{"rendered":"<p>[28.06.15 neue Bilder] In der Woche vom 22. \u2013 26.Juni 2015 findet an unserer Schule eine Projektwoche zum Thema Sport treiben \u2013 sich bewegen \u2013 gesund bleiben statt. Die Sch\u00fclerinnen und Sch\u00fcler hatten sich dieses Thema f\u00fcr die Projektwoche gew\u00fcnscht.\u00a0\u00a0 Zum Album&gt;&gt; Nun ist es soweit. Von Montag bis Donnerstag k\u00f6nnen die Klassen verschiedene Sportarten &hellip; <a href=\"https:\/\/grundschule-homberg.de\/wp\/?p=219561\" class=\"more-link\"><span class=\"screen-reader-text\">Sportwoche an der Grundschule<\/span> weiterlesen <span class=\"meta-nav\">&rarr;<\/span><\/a><\/p>\n","protected":false},"author":1,"featured_media":219737,"comment_status":"closed","ping_status":"closed","sticky":false,"template":"","format":"standard","meta":{"ngg_post_thumbnail":0,"_jetpack_memberships_contains_paid_content":false,"footnotes":""},"categories":[1,24,20],"tags":[],"class_list":["post-219561","post","type-post","status-publish","format-standard","has-post-thumbnail","hentry","category-allgemein","category-projekte","category-schulleben"],"jetpack_featured_media_url":"https:\/\/i0.wp.com\/grundschule-homberg.de\/wp\/wp-content\/uploads\/2015\/06\/rr1.jpg?fit=816%2C612&ssl=1","jetpack_shortlink":"https:\/\/wp.me\/p3XuEZ-V7j","jetpack-related-posts":[],"jetpack_sharing_enabled":true,"_links":{"self":[{"href":"https:\/\/grundschule-homberg.de\/wp\/index.php?rest_route=\/wp\/v2\/posts\/219561","targetHints":{"allow":["GET"]}}],"collection":[{"href":"https:\/\/grundschule-homberg.de\/wp\/index.php?rest_route=\/wp\/v2\/posts"}],"about":[{"href":"https:\/\/grundschule-homberg.de\/wp\/index.php?rest_route=\/wp\/v2\/types\/post"}],"author":[{"embeddable":true,"href":"https:\/\/grundschule-homberg.de\/wp\/index.php?rest_route=\/wp\/v2\/users\/1"}],"replies":[{"embeddable":true,"href":"https:\/\/grundschule-homberg.de\/wp\/index.php?rest_route=%2Fwp%2Fv2%2Fcomments&post=219561"}],"version-history":[{"count":12,"href":"https:\/\/grundschule-homberg.de\/wp\/index.php?rest_route=\/wp\/v2\/posts\/219561\/revisions"}],"predecessor-version":[{"id":219851,"href":"https:\/\/grundschule-homberg.de\/wp\/index.php?rest_route=\/wp\/v2\/posts\/219561\/revisions\/219851"}],"wp:featuredmedia":[{"embeddable":true,"href":"https:\/\/grundschule-homberg.de\/wp\/index.php?rest_route=\/wp\/v2\/media\/219737"}],"wp:attachment":[{"href":"https:\/\/grundschule-homberg.de\/wp\/index.php?rest_route=%2Fwp%2Fv2%2Fmedia&parent=219561"}],"wp:term":[{"taxonomy":"category","embeddable":true,"href":"https:\/\/grundschule-homberg.de\/wp\/index.php?rest_route=%2Fwp%2Fv2%2Fcategories&post=219561"},{"taxonomy":"post_tag","embeddable":true,"href":"https:\/\/grundschule-homberg.de\/wp\/index.php?rest_route=%2Fwp%2Fv2%2Ftags&post=219561"}],"curies":[{"name":"wp","href":"https:\/\/api.w.org\/{rel}","templated":true}]}}