{"id":219950,"date":"2015-07-22T09:47:20","date_gmt":"2015-07-22T07:47:20","guid":{"rendered":"http:\/\/grundschule-homberg.de\/wp\/?p=219950"},"modified":"2015-07-22T15:50:08","modified_gmt":"2015-07-22T13:50:08","slug":"1-preis-beim-gestaltungswettbewerb","status":"publish","type":"post","link":"https:\/\/grundschule-homberg.de\/wp\/?p=219950","title":{"rendered":"1. Preis beim Gestaltungswettbewerb"},"content":{"rendered":"<p>Die Kinder der Grundschulbetreuung hatten bereits zu Beginn des Schuljahres zwei Projekte beim Gestaltungswettbewerb des Vogelsbergkreises abgemeldet.<\/p>\n<p>Zusammen mit Betreuungskr\u00e4ften und der Schul- Jugendsozialarbeiterin Nicole Gr\u00fcn wurde der Lego-Raum durch gro\u00dfformatige Bilder gestaltet. Die Lego-Motive wurden von den Kindern selbst ausgew\u00e4hlt und gemalt.<\/p>\n<p>Als weiteres Projekt w\u00fcnschten sich die Kinder eine Kugelbahn. Hier entwickelten die Sch\u00fclerinnen und Sch\u00fcler selbst die Idee und Planung. Bei der Umsetzung wurden sie von Erwachsenen unterst\u00fctzt.<\/p>\n<p>Gro\u00dfer Jubel herrschte am Mittwoch, als die Bewertungskommission angef\u00fchrt von Schuldezernent Zielinski f\u00fcr diese gelungene Arbeit den 1. Preis (250 \u20ac) \u00fcbergab.<\/p>\n","protected":false},"excerpt":{"rendered":"<p>Die Kinder der Grundschulbetreuung hatten bereits zu Beginn des Schuljahres zwei Projekte beim Gestaltungswettbewerb des Vogelsbergkreises abgemeldet. Zusammen mit Betreuungskr\u00e4ften und der Schul- Jugendsozialarbeiterin Nicole Gr\u00fcn wurde der Lego-Raum durch gro\u00dfformatige Bilder gestaltet. Die Lego-Motive wurden von den Kindern selbst ausgew\u00e4hlt und gemalt. Als weiteres Projekt w\u00fcnschten sich die Kinder eine Kugelbahn. Hier entwickelten die &hellip; <a href=\"https:\/\/grundschule-homberg.de\/wp\/?p=219950\" class=\"more-link\"><span class=\"screen-reader-text\">1. Preis beim Gestaltungswettbewerb<\/span> weiterlesen <span class=\"meta-nav\">&rarr;<\/span><\/a><\/p>\n","protected":false},"author":1,"featured_media":4576,"comment_status":"closed","ping_status":"closed","sticky":false,"template":"","format":"standard","meta":{"ngg_post_thumbnail":0,"_jetpack_memberships_contains_paid_content":false,"footnotes":""},"categories":[1,24],"tags":[],"class_list":["post-219950","post","type-post","status-publish","format-standard","has-post-thumbnail","hentry","category-allgemein","category-projekte"],"jetpack_featured_media_url":"https:\/\/i0.wp.com\/grundschule-homberg.de\/wp\/wp-content\/uploads\/gruschu-h1-e1498232700138.png?fit=185%2C163&ssl=1","jetpack_shortlink":"https:\/\/wp.me\/p3XuEZ-VdA","jetpack-related-posts":[],"jetpack_sharing_enabled":true,"_links":{"self":[{"href":"https:\/\/grundschule-homberg.de\/wp\/index.php?rest_route=\/wp\/v2\/posts\/219950","targetHints":{"allow":["GET"]}}],"collection":[{"href":"https:\/\/grundschule-homberg.de\/wp\/index.php?rest_route=\/wp\/v2\/posts"}],"about":[{"href":"https:\/\/grundschule-homberg.de\/wp\/index.php?rest_route=\/wp\/v2\/types\/post"}],"author":[{"embeddable":true,"href":"https:\/\/grundschule-homberg.de\/wp\/index.php?rest_route=\/wp\/v2\/users\/1"}],"replies":[{"embeddable":true,"href":"https:\/\/grundschule-homberg.de\/wp\/index.php?rest_route=%2Fwp%2Fv2%2Fcomments&post=219950"}],"version-history":[{"count":1,"href":"https:\/\/grundschule-homberg.de\/wp\/index.php?rest_route=\/wp\/v2\/posts\/219950\/revisions"}],"predecessor-version":[{"id":219951,"href":"https:\/\/grundschule-homberg.de\/wp\/index.php?rest_route=\/wp\/v2\/posts\/219950\/revisions\/219951"}],"wp:featuredmedia":[{"embeddable":true,"href":"https:\/\/grundschule-homberg.de\/wp\/index.php?rest_route=\/wp\/v2\/media\/4576"}],"wp:attachment":[{"href":"https:\/\/grundschule-homberg.de\/wp\/index.php?rest_route=%2Fwp%2Fv2%2Fmedia&parent=219950"}],"wp:term":[{"taxonomy":"category","embeddable":true,"href":"https:\/\/grundschule-homberg.de\/wp\/index.php?rest_route=%2Fwp%2Fv2%2Fcategories&post=219950"},{"taxonomy":"post_tag","embeddable":true,"href":"https:\/\/grundschule-homberg.de\/wp\/index.php?rest_route=%2Fwp%2Fv2%2Ftags&post=219950"}],"curies":[{"name":"wp","href":"https:\/\/api.w.org\/{rel}","templated":true}]}}