{"id":219956,"date":"2015-09-05T13:04:03","date_gmt":"2015-09-05T11:04:03","guid":{"rendered":"http:\/\/grundschule-homberg.de\/wp\/?p=219956"},"modified":"2015-09-06T18:07:45","modified_gmt":"2015-09-06T16:07:45","slug":"herzlich-willkommen-im-neuen-schuljahr","status":"publish","type":"post","link":"https:\/\/grundschule-homberg.de\/wp\/?p=219956","title":{"rendered":"Herzlich Willkommen im neuen Schuljahr"},"content":{"rendered":"<p>Der Unterricht an der Grundschule Homberg beginnt am Montag, den 07.09.2015 f\u00fcr die Klassen 2 bis 4 um 8:50 Uhr und endet f\u00fcr alle um 11:25 Uhr.<\/p>\n<p>Am Dienstag, den 08.09.2015 werden unsere neuen Erstkl\u00e4ssler eingeschult. Um 9:30 Uhr feiern wir in der katholischen Kirche einen \u00f6kumenischen Gottesdienst.<\/p>\n<p>Im Anschluss daran (ca. 10:30 Uhr) beginnt die Einschulungsfeier auf dem Schulhof.<\/p>\n<p>An diesem Tag wird auch das Einschulungsfoto gemacht. Der Schultag endet f\u00fcr die Erstkl\u00e4ssler\/Innen um 12:25 Uhr.<\/p>\n<p>Die Eltern und G\u00e4ste k\u00f6nne die Wartezeit im Elternkaffee, organisiert durch die Eltern der 2.\u00a0 Klassen, \u00fcberbr\u00fccken.<br \/>\nHier werden Kaffee, Kuchen und kalte Getr\u00e4nke gegen Spende (Erl\u00f6s geht in die Klassenkassen der 2. Klassen) angeboten.<\/p>\n<p>Um M\u00fcll zu vermeiden sollte eigenes Geschirr mitgebracht werden.<\/p>\n<p><span style=\"font-size: 10pt;\"><a href=\"http:\/\/grundschule-homberg.de\/wp\/?page_id=152\" target=\"_blank\">zum Leitfaden Schulbeginn &gt;&gt;<\/a><\/span><\/p>\n","protected":false},"excerpt":{"rendered":"<p>Der Unterricht an der Grundschule Homberg beginnt am Montag, den 07.09.2015 f\u00fcr die Klassen 2 bis 4 um 8:50 Uhr und endet f\u00fcr alle um 11:25 Uhr. Am Dienstag, den 08.09.2015 werden unsere neuen Erstkl\u00e4ssler eingeschult. Um 9:30 Uhr feiern wir in der katholischen Kirche einen \u00f6kumenischen Gottesdienst. Im Anschluss daran (ca. 10:30 Uhr) beginnt &hellip; <a href=\"https:\/\/grundschule-homberg.de\/wp\/?p=219956\" class=\"more-link\"><span class=\"screen-reader-text\">Herzlich Willkommen im neuen Schuljahr<\/span> weiterlesen <span class=\"meta-nav\">&rarr;<\/span><\/a><\/p>\n","protected":false},"author":1,"featured_media":4576,"comment_status":"closed","ping_status":"closed","sticky":false,"template":"","format":"standard","meta":{"ngg_post_thumbnail":0,"_jetpack_memberships_contains_paid_content":false,"footnotes":""},"categories":[1,14],"tags":[],"class_list":["post-219956","post","type-post","status-publish","format-standard","has-post-thumbnail","hentry","category-allgemein","category-elternbeirat"],"jetpack_featured_media_url":"https:\/\/i0.wp.com\/grundschule-homberg.de\/wp\/wp-content\/uploads\/gruschu-h1-e1498232700138.png?fit=185%2C163&ssl=1","jetpack_shortlink":"https:\/\/wp.me\/p3XuEZ-VdG","jetpack-related-posts":[],"jetpack_sharing_enabled":true,"_links":{"self":[{"href":"https:\/\/grundschule-homberg.de\/wp\/index.php?rest_route=\/wp\/v2\/posts\/219956","targetHints":{"allow":["GET"]}}],"collection":[{"href":"https:\/\/grundschule-homberg.de\/wp\/index.php?rest_route=\/wp\/v2\/posts"}],"about":[{"href":"https:\/\/grundschule-homberg.de\/wp\/index.php?rest_route=\/wp\/v2\/types\/post"}],"author":[{"embeddable":true,"href":"https:\/\/grundschule-homberg.de\/wp\/index.php?rest_route=\/wp\/v2\/users\/1"}],"replies":[{"embeddable":true,"href":"https:\/\/grundschule-homberg.de\/wp\/index.php?rest_route=%2Fwp%2Fv2%2Fcomments&post=219956"}],"version-history":[{"count":4,"href":"https:\/\/grundschule-homberg.de\/wp\/index.php?rest_route=\/wp\/v2\/posts\/219956\/revisions"}],"predecessor-version":[{"id":219984,"href":"https:\/\/grundschule-homberg.de\/wp\/index.php?rest_route=\/wp\/v2\/posts\/219956\/revisions\/219984"}],"wp:featuredmedia":[{"embeddable":true,"href":"https:\/\/grundschule-homberg.de\/wp\/index.php?rest_route=\/wp\/v2\/media\/4576"}],"wp:attachment":[{"href":"https:\/\/grundschule-homberg.de\/wp\/index.php?rest_route=%2Fwp%2Fv2%2Fmedia&parent=219956"}],"wp:term":[{"taxonomy":"category","embeddable":true,"href":"https:\/\/grundschule-homberg.de\/wp\/index.php?rest_route=%2Fwp%2Fv2%2Fcategories&post=219956"},{"taxonomy":"post_tag","embeddable":true,"href":"https:\/\/grundschule-homberg.de\/wp\/index.php?rest_route=%2Fwp%2Fv2%2Ftags&post=219956"}],"curies":[{"name":"wp","href":"https:\/\/api.w.org\/{rel}","templated":true}]}}