{"id":219985,"date":"2015-09-14T21:41:17","date_gmt":"2015-09-14T19:41:17","guid":{"rendered":"http:\/\/grundschule-homberg.de\/wp\/?p=219985"},"modified":"2015-09-14T21:41:17","modified_gmt":"2015-09-14T19:41:17","slug":"einschulungsfeier-2015","status":"publish","type":"post","link":"https:\/\/grundschule-homberg.de\/wp\/?p=219985","title":{"rendered":"Einschulungsfeier 2015"},"content":{"rendered":"<p><span style=\"color: #000000; font-family: Calibri;\">Am Dienstag, den 8. September wurden an der Grundschule Homberg 67 neue Schulkinder eingeschult. Der aufregende Tag begann um 9.30 Uhr mit einem \u00f6kumenischen Gottesdienst in der katholischen Kirche. Im Anschluss daran hie\u00dfen die Grundschulkinder und Lehrkr\u00e4fte ihre \u201eNeuen\u201c in einer kleinen Einschulungsfeier auf dem Schulhof willkommen. Nach einem Willkommenslied der 2. Klassen unter der Leitung von Daniela Staubitz begr\u00fc\u00dfte Schulleiterin Eva Sartorius die neuen Schulkinder, deren Eltern und die zahlreichen G\u00e4ste. In einem Spielst\u00fcck der 2. Klassen zeigten die Kinder, wie aufregend so ein Schulanfang sein kann. Zuletzt sang der Schulchor das Lied vom Fabeltier. Danach folgten die Klassen ihren Lehrerinnen zu den Klassenr\u00e4umen durch ein Spalier, das die Kinder des 3. und 4. Jahrgangs stellten. <\/span><\/p>\n<p><span style=\"color: #000000; font-family: Calibri;\">Die Eltern und G\u00e4ste konnten die Wartezeit bis zum Schulschluss im Elterncafe in der Aula und im Innenhof verbringen. Hier boten die Eltern des 2. Schuljahres und der Schulelternbeirat Kaffee, Kuchen und kalte Getr\u00e4nke an. <\/span><\/p>\n<p><span style=\"color: #000000; font-family: Calibri;\">Der Spendenerl\u00f6s geht in die Klassenkassen der 2. Klassen.<\/span><\/p>\n<p><!-- default-view.php -->\n<div\n\tclass=\"ngg-galleryoverview default-view\n\t ngg-ajax-pagination-none\t\"\n\tid=\"ngg-gallery-9f177c6925b47dcb5c4e398e149057be-1\">\n\n\t\t<!-- Thumbnails -->\n\t\t\t\t<div id=\"ngg-image-0\" class=\"ngg-gallery-thumbnail-box\n\t\t\t\t\t\t\t\tngg-05-columns\t\t\t\"\n\t\t\t>\n\t\t\t\t\t\t<div class=\"ngg-gallery-thumbnail\">\n\t\t\t<a href=\"https:\/\/grundschule-homberg.de\/wp\/wp-content\/gallery\/einschulung-2015\/IMG-20150913-WA0001.jpg\"\n\t\t\t\ttitle=\"\"\n\t\t\t\tdata-src=\"https:\/\/grundschule-homberg.de\/wp\/wp-content\/gallery\/einschulung-2015\/IMG-20150913-WA0001.jpg\"\n\t\t\t\tdata-thumbnail=\"https:\/\/grundschule-homberg.de\/wp\/wp-content\/gallery\/einschulung-2015\/thumbs\/thumbs_IMG-20150913-WA0001.jpg\"\n\t\t\t\tdata-image-id=\"439\"\n\t\t\t\tdata-title=\"IMG-20150913-WA0001\"\n\t\t\t\tdata-description=\"\"\n\t\t\t\tdata-image-slug=\"img-20150913-wa0001\"\n\t\t\t\tclass=\"ngg-fancybox\" rel=\"9f177c6925b47dcb5c4e398e149057be\">\n\t\t\t\t<img\n\t\t\t\t\ttitle=\"IMG-20150913-WA0001\"\n\t\t\t\t\talt=\"IMG-20150913-WA0001\"\n\t\t\t\t\tsrc=\"https:\/\/grundschule-homberg.de\/wp\/wp-content\/gallery\/einschulung-2015\/thumbs\/thumbs_IMG-20150913-WA0001.jpg\"\n\t\t\t\t\twidth=\"120\"\n\t\t\t\t\theight=\"90\"\n\t\t\t\t\tstyle=\"max-width:100%;\"\n\t\t\t\t\/>\n\t\t\t<\/a>\n\t\t<\/div>\n\t\t\t\t\t\t\t<\/div>\n\t\t\t\n\t\t\t\t<div id=\"ngg-image-1\" class=\"ngg-gallery-thumbnail-box\n\t\t\t\t\t\t\t\tngg-05-columns\t\t\t\"\n\t\t\t>\n\t\t\t\t\t\t<div class=\"ngg-gallery-thumbnail\">\n\t\t\t<a href=\"https:\/\/grundschule-homberg.de\/wp\/wp-content\/gallery\/einschulung-2015\/IMG-20150913-WA0002.jpg\"\n\t\t\t\ttitle=\"\"\n\t\t\t\tdata-src=\"https:\/\/grundschule-homberg.de\/wp\/wp-content\/gallery\/einschulung-2015\/IMG-20150913-WA0002.jpg\"\n\t\t\t\tdata-thumbnail=\"https:\/\/grundschule-homberg.de\/wp\/wp-content\/gallery\/einschulung-2015\/thumbs\/thumbs_IMG-20150913-WA0002.jpg\"\n\t\t\t\tdata-image-id=\"440\"\n\t\t\t\tdata-title=\"IMG-20150913-WA0002\"\n\t\t\t\tdata-description=\"\"\n\t\t\t\tdata-image-slug=\"img-20150913-wa0002\"\n\t\t\t\tclass=\"ngg-fancybox\" rel=\"9f177c6925b47dcb5c4e398e149057be\">\n\t\t\t\t<img\n\t\t\t\t\ttitle=\"IMG-20150913-WA0002\"\n\t\t\t\t\talt=\"IMG-20150913-WA0002\"\n\t\t\t\t\tsrc=\"https:\/\/grundschule-homberg.de\/wp\/wp-content\/gallery\/einschulung-2015\/thumbs\/thumbs_IMG-20150913-WA0002.jpg\"\n\t\t\t\t\twidth=\"120\"\n\t\t\t\t\theight=\"90\"\n\t\t\t\t\tstyle=\"max-width:100%;\"\n\t\t\t\t\/>\n\t\t\t<\/a>\n\t\t<\/div>\n\t\t\t\t\t\t\t<\/div>\n\t\t\t\n\t\t\t\t<div id=\"ngg-image-2\" class=\"ngg-gallery-thumbnail-box\n\t\t\t\t\t\t\t\tngg-05-columns\t\t\t\"\n\t\t\t>\n\t\t\t\t\t\t<div class=\"ngg-gallery-thumbnail\">\n\t\t\t<a href=\"https:\/\/grundschule-homberg.de\/wp\/wp-content\/gallery\/einschulung-2015\/IMG-20150913-WA0003.jpg\"\n\t\t\t\ttitle=\"\"\n\t\t\t\tdata-src=\"https:\/\/grundschule-homberg.de\/wp\/wp-content\/gallery\/einschulung-2015\/IMG-20150913-WA0003.jpg\"\n\t\t\t\tdata-thumbnail=\"https:\/\/grundschule-homberg.de\/wp\/wp-content\/gallery\/einschulung-2015\/thumbs\/thumbs_IMG-20150913-WA0003.jpg\"\n\t\t\t\tdata-image-id=\"441\"\n\t\t\t\tdata-title=\"IMG-20150913-WA0003\"\n\t\t\t\tdata-description=\"\"\n\t\t\t\tdata-image-slug=\"img-20150913-wa0003\"\n\t\t\t\tclass=\"ngg-fancybox\" rel=\"9f177c6925b47dcb5c4e398e149057be\">\n\t\t\t\t<img\n\t\t\t\t\ttitle=\"IMG-20150913-WA0003\"\n\t\t\t\t\talt=\"IMG-20150913-WA0003\"\n\t\t\t\t\tsrc=\"https:\/\/grundschule-homberg.de\/wp\/wp-content\/gallery\/einschulung-2015\/thumbs\/thumbs_IMG-20150913-WA0003.jpg\"\n\t\t\t\t\twidth=\"120\"\n\t\t\t\t\theight=\"90\"\n\t\t\t\t\tstyle=\"max-width:100%;\"\n\t\t\t\t\/>\n\t\t\t<\/a>\n\t\t<\/div>\n\t\t\t\t\t\t\t<\/div>\n\t\t\t\n\t\t\t\t<div id=\"ngg-image-3\" class=\"ngg-gallery-thumbnail-box\n\t\t\t\t\t\t\t\tngg-05-columns\t\t\t\"\n\t\t\t>\n\t\t\t\t\t\t<div class=\"ngg-gallery-thumbnail\">\n\t\t\t<a href=\"https:\/\/grundschule-homberg.de\/wp\/wp-content\/gallery\/einschulung-2015\/IMG-20150913-WA0004.jpg\"\n\t\t\t\ttitle=\"\"\n\t\t\t\tdata-src=\"https:\/\/grundschule-homberg.de\/wp\/wp-content\/gallery\/einschulung-2015\/IMG-20150913-WA0004.jpg\"\n\t\t\t\tdata-thumbnail=\"https:\/\/grundschule-homberg.de\/wp\/wp-content\/gallery\/einschulung-2015\/thumbs\/thumbs_IMG-20150913-WA0004.jpg\"\n\t\t\t\tdata-image-id=\"442\"\n\t\t\t\tdata-title=\"IMG-20150913-WA0004\"\n\t\t\t\tdata-description=\"\"\n\t\t\t\tdata-image-slug=\"img-20150913-wa0004\"\n\t\t\t\tclass=\"ngg-fancybox\" rel=\"9f177c6925b47dcb5c4e398e149057be\">\n\t\t\t\t<img\n\t\t\t\t\ttitle=\"IMG-20150913-WA0004\"\n\t\t\t\t\talt=\"IMG-20150913-WA0004\"\n\t\t\t\t\tsrc=\"https:\/\/grundschule-homberg.de\/wp\/wp-content\/gallery\/einschulung-2015\/thumbs\/thumbs_IMG-20150913-WA0004.jpg\"\n\t\t\t\t\twidth=\"68\"\n\t\t\t\t\theight=\"90\"\n\t\t\t\t\tstyle=\"max-width:100%;\"\n\t\t\t\t\/>\n\t\t\t<\/a>\n\t\t<\/div>\n\t\t\t\t\t\t\t<\/div>\n\t\t\t\n\t\t\t\t<div id=\"ngg-image-4\" class=\"ngg-gallery-thumbnail-box\n\t\t\t\t\t\t\t\tngg-05-columns\t\t\t\"\n\t\t\t>\n\t\t\t\t\t\t<div class=\"ngg-gallery-thumbnail\">\n\t\t\t<a href=\"https:\/\/grundschule-homberg.de\/wp\/wp-content\/gallery\/einschulung-2015\/IMG-20150913-WA0005.jpg\"\n\t\t\t\ttitle=\"\"\n\t\t\t\tdata-src=\"https:\/\/grundschule-homberg.de\/wp\/wp-content\/gallery\/einschulung-2015\/IMG-20150913-WA0005.jpg\"\n\t\t\t\tdata-thumbnail=\"https:\/\/grundschule-homberg.de\/wp\/wp-content\/gallery\/einschulung-2015\/thumbs\/thumbs_IMG-20150913-WA0005.jpg\"\n\t\t\t\tdata-image-id=\"443\"\n\t\t\t\tdata-title=\"IMG-20150913-WA0005\"\n\t\t\t\tdata-description=\"\"\n\t\t\t\tdata-image-slug=\"img-20150913-wa0005\"\n\t\t\t\tclass=\"ngg-fancybox\" rel=\"9f177c6925b47dcb5c4e398e149057be\">\n\t\t\t\t<img\n\t\t\t\t\ttitle=\"IMG-20150913-WA0005\"\n\t\t\t\t\talt=\"IMG-20150913-WA0005\"\n\t\t\t\t\tsrc=\"https:\/\/grundschule-homberg.de\/wp\/wp-content\/gallery\/einschulung-2015\/thumbs\/thumbs_IMG-20150913-WA0005.jpg\"\n\t\t\t\t\twidth=\"68\"\n\t\t\t\t\theight=\"90\"\n\t\t\t\t\tstyle=\"max-width:100%;\"\n\t\t\t\t\/>\n\t\t\t<\/a>\n\t\t<\/div>\n\t\t\t\t\t\t\t<\/div>\n\t\t\t\n\t\t\t\t<div id=\"ngg-image-5\" class=\"ngg-gallery-thumbnail-box\n\t\t\t\t\t\t\t\tngg-05-columns\t\t\t\"\n\t\t\t>\n\t\t\t\t\t\t<div class=\"ngg-gallery-thumbnail\">\n\t\t\t<a href=\"https:\/\/grundschule-homberg.de\/wp\/wp-content\/gallery\/einschulung-2015\/IMG-20150913-WA0006.jpg\"\n\t\t\t\ttitle=\"\"\n\t\t\t\tdata-src=\"https:\/\/grundschule-homberg.de\/wp\/wp-content\/gallery\/einschulung-2015\/IMG-20150913-WA0006.jpg\"\n\t\t\t\tdata-thumbnail=\"https:\/\/grundschule-homberg.de\/wp\/wp-content\/gallery\/einschulung-2015\/thumbs\/thumbs_IMG-20150913-WA0006.jpg\"\n\t\t\t\tdata-image-id=\"444\"\n\t\t\t\tdata-title=\"IMG-20150913-WA0006\"\n\t\t\t\tdata-description=\"\"\n\t\t\t\tdata-image-slug=\"img-20150913-wa0006\"\n\t\t\t\tclass=\"ngg-fancybox\" rel=\"9f177c6925b47dcb5c4e398e149057be\">\n\t\t\t\t<img\n\t\t\t\t\ttitle=\"IMG-20150913-WA0006\"\n\t\t\t\t\talt=\"IMG-20150913-WA0006\"\n\t\t\t\t\tsrc=\"https:\/\/grundschule-homberg.de\/wp\/wp-content\/gallery\/einschulung-2015\/thumbs\/thumbs_IMG-20150913-WA0006.jpg\"\n\t\t\t\t\twidth=\"120\"\n\t\t\t\t\theight=\"90\"\n\t\t\t\t\tstyle=\"max-width:100%;\"\n\t\t\t\t\/>\n\t\t\t<\/a>\n\t\t<\/div>\n\t\t\t\t\t\t\t<\/div>\n\t\t\t\n\t\t\t\t<div id=\"ngg-image-6\" class=\"ngg-gallery-thumbnail-box\n\t\t\t\t\t\t\t\tngg-05-columns\t\t\t\"\n\t\t\t>\n\t\t\t\t\t\t<div class=\"ngg-gallery-thumbnail\">\n\t\t\t<a href=\"https:\/\/grundschule-homberg.de\/wp\/wp-content\/gallery\/einschulung-2015\/IMG-20150913-WA0007.jpg\"\n\t\t\t\ttitle=\"\"\n\t\t\t\tdata-src=\"https:\/\/grundschule-homberg.de\/wp\/wp-content\/gallery\/einschulung-2015\/IMG-20150913-WA0007.jpg\"\n\t\t\t\tdata-thumbnail=\"https:\/\/grundschule-homberg.de\/wp\/wp-content\/gallery\/einschulung-2015\/thumbs\/thumbs_IMG-20150913-WA0007.jpg\"\n\t\t\t\tdata-image-id=\"445\"\n\t\t\t\tdata-title=\"IMG-20150913-WA0007\"\n\t\t\t\tdata-description=\"\"\n\t\t\t\tdata-image-slug=\"img-20150913-wa0007\"\n\t\t\t\tclass=\"ngg-fancybox\" rel=\"9f177c6925b47dcb5c4e398e149057be\">\n\t\t\t\t<img\n\t\t\t\t\ttitle=\"IMG-20150913-WA0007\"\n\t\t\t\t\talt=\"IMG-20150913-WA0007\"\n\t\t\t\t\tsrc=\"https:\/\/grundschule-homberg.de\/wp\/wp-content\/gallery\/einschulung-2015\/thumbs\/thumbs_IMG-20150913-WA0007.jpg\"\n\t\t\t\t\twidth=\"120\"\n\t\t\t\t\theight=\"90\"\n\t\t\t\t\tstyle=\"max-width:100%;\"\n\t\t\t\t\/>\n\t\t\t<\/a>\n\t\t<\/div>\n\t\t\t\t\t\t\t<\/div>\n\t\t\t\n\t\t\t\t<div id=\"ngg-image-7\" class=\"ngg-gallery-thumbnail-box\n\t\t\t\t\t\t\t\tngg-05-columns\t\t\t\"\n\t\t\t>\n\t\t\t\t\t\t<div class=\"ngg-gallery-thumbnail\">\n\t\t\t<a href=\"https:\/\/grundschule-homberg.de\/wp\/wp-content\/gallery\/einschulung-2015\/IMG-20150913-WA0008.jpg\"\n\t\t\t\ttitle=\"\"\n\t\t\t\tdata-src=\"https:\/\/grundschule-homberg.de\/wp\/wp-content\/gallery\/einschulung-2015\/IMG-20150913-WA0008.jpg\"\n\t\t\t\tdata-thumbnail=\"https:\/\/grundschule-homberg.de\/wp\/wp-content\/gallery\/einschulung-2015\/thumbs\/thumbs_IMG-20150913-WA0008.jpg\"\n\t\t\t\tdata-image-id=\"446\"\n\t\t\t\tdata-title=\"IMG-20150913-WA0008\"\n\t\t\t\tdata-description=\"\"\n\t\t\t\tdata-image-slug=\"img-20150913-wa0008\"\n\t\t\t\tclass=\"ngg-fancybox\" rel=\"9f177c6925b47dcb5c4e398e149057be\">\n\t\t\t\t<img\n\t\t\t\t\ttitle=\"IMG-20150913-WA0008\"\n\t\t\t\t\talt=\"IMG-20150913-WA0008\"\n\t\t\t\t\tsrc=\"https:\/\/grundschule-homberg.de\/wp\/wp-content\/gallery\/einschulung-2015\/thumbs\/thumbs_IMG-20150913-WA0008.jpg\"\n\t\t\t\t\twidth=\"120\"\n\t\t\t\t\theight=\"90\"\n\t\t\t\t\tstyle=\"max-width:100%;\"\n\t\t\t\t\/>\n\t\t\t<\/a>\n\t\t<\/div>\n\t\t\t\t\t\t\t<\/div>\n\t\t\t\n\t\t\t\t<div id=\"ngg-image-8\" class=\"ngg-gallery-thumbnail-box\n\t\t\t\t\t\t\t\tngg-05-columns\t\t\t\"\n\t\t\t>\n\t\t\t\t\t\t<div class=\"ngg-gallery-thumbnail\">\n\t\t\t<a href=\"https:\/\/grundschule-homberg.de\/wp\/wp-content\/gallery\/einschulung-2015\/IMG-20150913-WA0009.jpg\"\n\t\t\t\ttitle=\"\"\n\t\t\t\tdata-src=\"https:\/\/grundschule-homberg.de\/wp\/wp-content\/gallery\/einschulung-2015\/IMG-20150913-WA0009.jpg\"\n\t\t\t\tdata-thumbnail=\"https:\/\/grundschule-homberg.de\/wp\/wp-content\/gallery\/einschulung-2015\/thumbs\/thumbs_IMG-20150913-WA0009.jpg\"\n\t\t\t\tdata-image-id=\"447\"\n\t\t\t\tdata-title=\"IMG-20150913-WA0009\"\n\t\t\t\tdata-description=\"\"\n\t\t\t\tdata-image-slug=\"img-20150913-wa0009\"\n\t\t\t\tclass=\"ngg-fancybox\" rel=\"9f177c6925b47dcb5c4e398e149057be\">\n\t\t\t\t<img\n\t\t\t\t\ttitle=\"IMG-20150913-WA0009\"\n\t\t\t\t\talt=\"IMG-20150913-WA0009\"\n\t\t\t\t\tsrc=\"https:\/\/grundschule-homberg.de\/wp\/wp-content\/gallery\/einschulung-2015\/thumbs\/thumbs_IMG-20150913-WA0009.jpg\"\n\t\t\t\t\twidth=\"120\"\n\t\t\t\t\theight=\"90\"\n\t\t\t\t\tstyle=\"max-width:100%;\"\n\t\t\t\t\/>\n\t\t\t<\/a>\n\t\t<\/div>\n\t\t\t\t\t\t\t<\/div>\n\t\t\t\n\t\t\t\t<div id=\"ngg-image-9\" class=\"ngg-gallery-thumbnail-box\n\t\t\t\t\t\t\t\tngg-05-columns\t\t\t\"\n\t\t\t>\n\t\t\t\t\t\t<div class=\"ngg-gallery-thumbnail\">\n\t\t\t<a href=\"https:\/\/grundschule-homberg.de\/wp\/wp-content\/gallery\/einschulung-2015\/IMG-20150913-WA0010.jpg\"\n\t\t\t\ttitle=\"\"\n\t\t\t\tdata-src=\"https:\/\/grundschule-homberg.de\/wp\/wp-content\/gallery\/einschulung-2015\/IMG-20150913-WA0010.jpg\"\n\t\t\t\tdata-thumbnail=\"https:\/\/grundschule-homberg.de\/wp\/wp-content\/gallery\/einschulung-2015\/thumbs\/thumbs_IMG-20150913-WA0010.jpg\"\n\t\t\t\tdata-image-id=\"448\"\n\t\t\t\tdata-title=\"IMG-20150913-WA0010\"\n\t\t\t\tdata-description=\"\"\n\t\t\t\tdata-image-slug=\"img-20150913-wa0010\"\n\t\t\t\tclass=\"ngg-fancybox\" rel=\"9f177c6925b47dcb5c4e398e149057be\">\n\t\t\t\t<img\n\t\t\t\t\ttitle=\"IMG-20150913-WA0010\"\n\t\t\t\t\talt=\"IMG-20150913-WA0010\"\n\t\t\t\t\tsrc=\"https:\/\/grundschule-homberg.de\/wp\/wp-content\/gallery\/einschulung-2015\/thumbs\/thumbs_IMG-20150913-WA0010.jpg\"\n\t\t\t\t\twidth=\"120\"\n\t\t\t\t\theight=\"90\"\n\t\t\t\t\tstyle=\"max-width:100%;\"\n\t\t\t\t\/>\n\t\t\t<\/a>\n\t\t<\/div>\n\t\t\t\t\t\t\t<\/div>\n\t\t\t\n\t\t\t\t<div id=\"ngg-image-10\" class=\"ngg-gallery-thumbnail-box\n\t\t\t\t\t\t\t\tngg-05-columns\t\t\t\"\n\t\t\t>\n\t\t\t\t\t\t<div class=\"ngg-gallery-thumbnail\">\n\t\t\t<a href=\"https:\/\/grundschule-homberg.de\/wp\/wp-content\/gallery\/einschulung-2015\/IMG-20150913-WA0011.jpg\"\n\t\t\t\ttitle=\"\"\n\t\t\t\tdata-src=\"https:\/\/grundschule-homberg.de\/wp\/wp-content\/gallery\/einschulung-2015\/IMG-20150913-WA0011.jpg\"\n\t\t\t\tdata-thumbnail=\"https:\/\/grundschule-homberg.de\/wp\/wp-content\/gallery\/einschulung-2015\/thumbs\/thumbs_IMG-20150913-WA0011.jpg\"\n\t\t\t\tdata-image-id=\"449\"\n\t\t\t\tdata-title=\"IMG-20150913-WA0011\"\n\t\t\t\tdata-description=\"\"\n\t\t\t\tdata-image-slug=\"img-20150913-wa0011\"\n\t\t\t\tclass=\"ngg-fancybox\" rel=\"9f177c6925b47dcb5c4e398e149057be\">\n\t\t\t\t<img\n\t\t\t\t\ttitle=\"IMG-20150913-WA0011\"\n\t\t\t\t\talt=\"IMG-20150913-WA0011\"\n\t\t\t\t\tsrc=\"https:\/\/grundschule-homberg.de\/wp\/wp-content\/gallery\/einschulung-2015\/thumbs\/thumbs_IMG-20150913-WA0011.jpg\"\n\t\t\t\t\twidth=\"120\"\n\t\t\t\t\theight=\"90\"\n\t\t\t\t\tstyle=\"max-width:100%;\"\n\t\t\t\t\/>\n\t\t\t<\/a>\n\t\t<\/div>\n\t\t\t\t\t\t\t<\/div>\n\t\t\t\n\t\t\t\t<div id=\"ngg-image-11\" class=\"ngg-gallery-thumbnail-box\n\t\t\t\t\t\t\t\tngg-05-columns\t\t\t\"\n\t\t\t>\n\t\t\t\t\t\t<div class=\"ngg-gallery-thumbnail\">\n\t\t\t<a href=\"https:\/\/grundschule-homberg.de\/wp\/wp-content\/gallery\/einschulung-2015\/IMG-20150913-WA0012.jpg\"\n\t\t\t\ttitle=\"\"\n\t\t\t\tdata-src=\"https:\/\/grundschule-homberg.de\/wp\/wp-content\/gallery\/einschulung-2015\/IMG-20150913-WA0012.jpg\"\n\t\t\t\tdata-thumbnail=\"https:\/\/grundschule-homberg.de\/wp\/wp-content\/gallery\/einschulung-2015\/thumbs\/thumbs_IMG-20150913-WA0012.jpg\"\n\t\t\t\tdata-image-id=\"450\"\n\t\t\t\tdata-title=\"IMG-20150913-WA0012\"\n\t\t\t\tdata-description=\"\"\n\t\t\t\tdata-image-slug=\"img-20150913-wa0012\"\n\t\t\t\tclass=\"ngg-fancybox\" rel=\"9f177c6925b47dcb5c4e398e149057be\">\n\t\t\t\t<img\n\t\t\t\t\ttitle=\"IMG-20150913-WA0012\"\n\t\t\t\t\talt=\"IMG-20150913-WA0012\"\n\t\t\t\t\tsrc=\"https:\/\/grundschule-homberg.de\/wp\/wp-content\/gallery\/einschulung-2015\/thumbs\/thumbs_IMG-20150913-WA0012.jpg\"\n\t\t\t\t\twidth=\"120\"\n\t\t\t\t\theight=\"90\"\n\t\t\t\t\tstyle=\"max-width:100%;\"\n\t\t\t\t\/>\n\t\t\t<\/a>\n\t\t<\/div>\n\t\t\t\t\t\t\t<\/div>\n\t\t\t\n\t\t\t\t<div id=\"ngg-image-12\" class=\"ngg-gallery-thumbnail-box\n\t\t\t\t\t\t\t\tngg-05-columns\t\t\t\"\n\t\t\t>\n\t\t\t\t\t\t<div class=\"ngg-gallery-thumbnail\">\n\t\t\t<a href=\"https:\/\/grundschule-homberg.de\/wp\/wp-content\/gallery\/einschulung-2015\/IMG-20150913-WA0013.jpg\"\n\t\t\t\ttitle=\"\"\n\t\t\t\tdata-src=\"https:\/\/grundschule-homberg.de\/wp\/wp-content\/gallery\/einschulung-2015\/IMG-20150913-WA0013.jpg\"\n\t\t\t\tdata-thumbnail=\"https:\/\/grundschule-homberg.de\/wp\/wp-content\/gallery\/einschulung-2015\/thumbs\/thumbs_IMG-20150913-WA0013.jpg\"\n\t\t\t\tdata-image-id=\"451\"\n\t\t\t\tdata-title=\"IMG-20150913-WA0013\"\n\t\t\t\tdata-description=\"\"\n\t\t\t\tdata-image-slug=\"img-20150913-wa0013\"\n\t\t\t\tclass=\"ngg-fancybox\" rel=\"9f177c6925b47dcb5c4e398e149057be\">\n\t\t\t\t<img\n\t\t\t\t\ttitle=\"IMG-20150913-WA0013\"\n\t\t\t\t\talt=\"IMG-20150913-WA0013\"\n\t\t\t\t\tsrc=\"https:\/\/grundschule-homberg.de\/wp\/wp-content\/gallery\/einschulung-2015\/thumbs\/thumbs_IMG-20150913-WA0013.jpg\"\n\t\t\t\t\twidth=\"120\"\n\t\t\t\t\theight=\"90\"\n\t\t\t\t\tstyle=\"max-width:100%;\"\n\t\t\t\t\/>\n\t\t\t<\/a>\n\t\t<\/div>\n\t\t\t\t\t\t\t<\/div>\n\t\t\t\n\t\n\t<br style=\"clear: both\" \/>\n\n\t\t<div class=\"slideshowlink\">\n\t\t<a href='https:\/\/grundschule-homberg.de\/wp\/index.php\/nggallery\/slideshow?p=219985'>[Show slideshow]<\/a>\n\n\t<\/div>\n\t\n\t\t<!-- Pagination -->\n\t\t<div class='ngg-clear'><\/div>\t<\/div>\n<\/p>\n<p>&nbsp;<\/p>\n","protected":false},"excerpt":{"rendered":"<p>Am Dienstag, den 8. September wurden an der Grundschule Homberg 67 neue Schulkinder eingeschult. Der aufregende Tag begann um 9.30 Uhr mit einem \u00f6kumenischen Gottesdienst in der katholischen Kirche. Im Anschluss daran hie\u00dfen die Grundschulkinder und Lehrkr\u00e4fte ihre \u201eNeuen\u201c in einer kleinen Einschulungsfeier auf dem Schulhof willkommen. Nach einem Willkommenslied der 2. Klassen unter der &hellip; <a href=\"https:\/\/grundschule-homberg.de\/wp\/?p=219985\" class=\"more-link\"><span class=\"screen-reader-text\">Einschulungsfeier 2015<\/span> weiterlesen <span class=\"meta-nav\">&rarr;<\/span><\/a><\/p>\n","protected":false},"author":1,"featured_media":220018,"comment_status":"closed","ping_status":"closed","sticky":false,"template":"","format":"standard","meta":{"ngg_post_thumbnail":0,"_jetpack_memberships_contains_paid_content":false,"footnotes":""},"categories":[1,20],"tags":[],"class_list":["post-219985","post","type-post","status-publish","format-standard","has-post-thumbnail","hentry","category-allgemein","category-schulleben"],"jetpack_featured_media_url":"https:\/\/i0.wp.com\/grundschule-homberg.de\/wp\/wp-content\/uploads\/2015\/09\/k-IMG-20150913-WA0009.jpg?fit=800%2C600&ssl=1","jetpack_shortlink":"https:\/\/wp.me\/p3XuEZ-Ve9","jetpack-related-posts":[],"jetpack_sharing_enabled":true,"_links":{"self":[{"href":"https:\/\/grundschule-homberg.de\/wp\/index.php?rest_route=\/wp\/v2\/posts\/219985","targetHints":{"allow":["GET"]}}],"collection":[{"href":"https:\/\/grundschule-homberg.de\/wp\/index.php?rest_route=\/wp\/v2\/posts"}],"about":[{"href":"https:\/\/grundschule-homberg.de\/wp\/index.php?rest_route=\/wp\/v2\/types\/post"}],"author":[{"embeddable":true,"href":"https:\/\/grundschule-homberg.de\/wp\/index.php?rest_route=\/wp\/v2\/users\/1"}],"replies":[{"embeddable":true,"href":"https:\/\/grundschule-homberg.de\/wp\/index.php?rest_route=%2Fwp%2Fv2%2Fcomments&post=219985"}],"version-history":[{"count":2,"href":"https:\/\/grundschule-homberg.de\/wp\/index.php?rest_route=\/wp\/v2\/posts\/219985\/revisions"}],"predecessor-version":[{"id":220016,"href":"https:\/\/grundschule-homberg.de\/wp\/index.php?rest_route=\/wp\/v2\/posts\/219985\/revisions\/220016"}],"wp:featuredmedia":[{"embeddable":true,"href":"https:\/\/grundschule-homberg.de\/wp\/index.php?rest_route=\/wp\/v2\/media\/220018"}],"wp:attachment":[{"href":"https:\/\/grundschule-homberg.de\/wp\/index.php?rest_route=%2Fwp%2Fv2%2Fmedia&parent=219985"}],"wp:term":[{"taxonomy":"category","embeddable":true,"href":"https:\/\/grundschule-homberg.de\/wp\/index.php?rest_route=%2Fwp%2Fv2%2Fcategories&post=219985"},{"taxonomy":"post_tag","embeddable":true,"href":"https:\/\/grundschule-homberg.de\/wp\/index.php?rest_route=%2Fwp%2Fv2%2Ftags&post=219985"}],"curies":[{"name":"wp","href":"https:\/\/api.w.org\/{rel}","templated":true}]}}