{"id":220061,"date":"2015-10-09T13:54:21","date_gmt":"2015-10-09T11:54:21","guid":{"rendered":"http:\/\/grundschule-homberg.de\/wp\/?p=220061"},"modified":"2015-10-09T13:55:41","modified_gmt":"2015-10-09T11:55:41","slug":"grosssporthalle-gesperrt","status":"publish","type":"post","link":"https:\/\/grundschule-homberg.de\/wp\/?p=220061","title":{"rendered":"Gro\u00dfsporthalle gesperrt"},"content":{"rendered":"<p>Die Schulleitungen der Grundschule und der Ohmtalschule in Homberg wurden vom Landrat dar\u00fcber informiert, dass der Vogelsbergkreis kurzfristig 1000 Fl\u00fcchtlinge aufnehmen wird. Diese sollen auf vier Gro\u00dfsporthallen im Kreisgebiet verteilt werden.\u00a0 Im Zuge dessen wird die Homberger Gro\u00dfsporthalle zur Au\u00dfenstelle der Hessischen Erstaufnahmeeinrichtung.<\/p>\n<p>Der Unterricht wird grunds\u00e4tzlich nach Plan erteilt. Da f\u00fcr den Sportunterricht zuk\u00fcnftig zun\u00e4chst nur die kleine Turnhalle zur Verf\u00fcgung steht, werden Ausweichr\u00e4ume gesucht bzw. alternative Formen des Sportunterrichts angeboten.<\/p>\n<p>Aufgrund der beschriebenen Situation und dem damit verbundenen Verkehrsaufkommen bitten wir Sie, darauf zu verzichten, Ihre Kinder mit dem privaten Pkw zur Schule zu bringen bzw. abzuholen.<\/p>\n","protected":false},"excerpt":{"rendered":"<p>Die Schulleitungen der Grundschule und der Ohmtalschule in Homberg wurden vom Landrat dar\u00fcber informiert, dass der Vogelsbergkreis kurzfristig 1000 Fl\u00fcchtlinge aufnehmen wird. Diese sollen auf vier Gro\u00dfsporthallen im Kreisgebiet verteilt werden.\u00a0 Im Zuge dessen wird die Homberger Gro\u00dfsporthalle zur Au\u00dfenstelle der Hessischen Erstaufnahmeeinrichtung. Der Unterricht wird grunds\u00e4tzlich nach Plan erteilt. Da f\u00fcr den Sportunterricht zuk\u00fcnftig &hellip; <a href=\"https:\/\/grundschule-homberg.de\/wp\/?p=220061\" class=\"more-link\"><span class=\"screen-reader-text\">Gro\u00dfsporthalle gesperrt<\/span> weiterlesen <span class=\"meta-nav\">&rarr;<\/span><\/a><\/p>\n","protected":false},"author":1,"featured_media":4576,"comment_status":"closed","ping_status":"closed","sticky":false,"template":"","format":"standard","meta":{"ngg_post_thumbnail":0,"_jetpack_memberships_contains_paid_content":false,"footnotes":""},"categories":[1],"tags":[],"class_list":["post-220061","post","type-post","status-publish","format-standard","has-post-thumbnail","hentry","category-allgemein"],"jetpack_featured_media_url":"https:\/\/i0.wp.com\/grundschule-homberg.de\/wp\/wp-content\/uploads\/gruschu-h1-e1498232700138.png?fit=185%2C163&ssl=1","jetpack_shortlink":"https:\/\/wp.me\/p3XuEZ-Vfn","jetpack-related-posts":[],"jetpack_sharing_enabled":true,"_links":{"self":[{"href":"https:\/\/grundschule-homberg.de\/wp\/index.php?rest_route=\/wp\/v2\/posts\/220061","targetHints":{"allow":["GET"]}}],"collection":[{"href":"https:\/\/grundschule-homberg.de\/wp\/index.php?rest_route=\/wp\/v2\/posts"}],"about":[{"href":"https:\/\/grundschule-homberg.de\/wp\/index.php?rest_route=\/wp\/v2\/types\/post"}],"author":[{"embeddable":true,"href":"https:\/\/grundschule-homberg.de\/wp\/index.php?rest_route=\/wp\/v2\/users\/1"}],"replies":[{"embeddable":true,"href":"https:\/\/grundschule-homberg.de\/wp\/index.php?rest_route=%2Fwp%2Fv2%2Fcomments&post=220061"}],"version-history":[{"count":1,"href":"https:\/\/grundschule-homberg.de\/wp\/index.php?rest_route=\/wp\/v2\/posts\/220061\/revisions"}],"predecessor-version":[{"id":220062,"href":"https:\/\/grundschule-homberg.de\/wp\/index.php?rest_route=\/wp\/v2\/posts\/220061\/revisions\/220062"}],"wp:featuredmedia":[{"embeddable":true,"href":"https:\/\/grundschule-homberg.de\/wp\/index.php?rest_route=\/wp\/v2\/media\/4576"}],"wp:attachment":[{"href":"https:\/\/grundschule-homberg.de\/wp\/index.php?rest_route=%2Fwp%2Fv2%2Fmedia&parent=220061"}],"wp:term":[{"taxonomy":"category","embeddable":true,"href":"https:\/\/grundschule-homberg.de\/wp\/index.php?rest_route=%2Fwp%2Fv2%2Fcategories&post=220061"},{"taxonomy":"post_tag","embeddable":true,"href":"https:\/\/grundschule-homberg.de\/wp\/index.php?rest_route=%2Fwp%2Fv2%2Ftags&post=220061"}],"curies":[{"name":"wp","href":"https:\/\/api.w.org\/{rel}","templated":true}]}}