{"id":220172,"date":"2015-11-29T23:34:02","date_gmt":"2015-11-29T22:34:02","guid":{"rendered":"http:\/\/grundschule-homberg.de\/wp\/?p=220172"},"modified":"2015-11-29T23:34:02","modified_gmt":"2015-11-29T22:34:02","slug":"erstklaessler-erhalten-lesetueten","status":"publish","type":"post","link":"https:\/\/grundschule-homberg.de\/wp\/?p=220172","title":{"rendered":"Erstkl\u00e4ssler erhalten Leset\u00fcten"},"content":{"rendered":"<p>Am Mittwoch, dem 25. November 2015, \u00fcbergaben die Schulpaten der dritten Klasse selbst gestaltete Leset\u00fcten an ihre &#8222;Patenkinder&#8220; aus der ersten Klasse.<br \/>\nDie T\u00fcten waren gef\u00fcllt mit B\u00fcchern, Lesezeichen, Lesetipps uns auch einer kleinen S\u00fc\u00dfigkeit\u00a0\u00a0\u00a0\u00a0 damit die ABC- Sch\u00fctzen richtig Lust auf&#8217;s Lesenlernen bekommen.<br \/>\nInitiiert wurde diese Aktion von Frau Ulrike Sowa vom <a href=\"http:\/\/www.buchhomberg.de\/\" target=\"_blank\">Homberger Buchladen<\/a>, die ebenfalls zu diesem Termin erschienen war.<br \/>\nIm Anschluss las Frau Sowa aus Kinderb\u00fcchern vor und zeigte neue Bilderb\u00fccher.<br \/>\nDie Kinder freuten sich sehr \u00fcber die Geschenke und die Grundschule Homberg bedankt sich herzlich bei Frau Sowa f\u00fcr diesen Lese-Motivationsschub.<\/p>\n<p>\n<div class=\"ngg-galleryoverview ngg-slideshow\"\n\tid=\"ngg-slideshow-1ce811ea501af231bb2f464818b06770-5552440870\"\n\tdata-gallery-id=\"1ce811ea501af231bb2f464818b06770\"\n\tstyle=\"max-width: 600px;\n\t\t\tmax-height: 400px;\n\t\t\tdisplay: none;\">\n\n\t\n\t\t<a href=\"https:\/\/grundschule-homberg.de\/wp\/wp-content\/gallery\/eerstklaessler-erhalten-lesetueten-2015\/k-IMG-20151129-WA0003.jpg\"\n\t\t\ttitle=\"\"\n\t\t\tdata-src=\"https:\/\/grundschule-homberg.de\/wp\/wp-content\/gallery\/eerstklaessler-erhalten-lesetueten-2015\/k-IMG-20151129-WA0003.jpg\"\n\t\t\tdata-thumbnail=\"https:\/\/grundschule-homberg.de\/wp\/wp-content\/gallery\/eerstklaessler-erhalten-lesetueten-2015\/thumbs\/thumbs_k-IMG-20151129-WA0003.jpg\"\n\t\t\tdata-image-id=\"466\"\n\t\t\tdata-title=\"k-IMG-20151129-WA0003\"\n\t\t\tdata-description=\"\"\n\t\t\tclass=\"ngg-fancybox\" rel=\"1ce811ea501af231bb2f464818b06770\">\n\n\t\t\t<img data-image-id='466'\n\t\t\t\ttitle=\"\"\n\t\t\t\talt=\"k-IMG-20151129-WA0003\"\n\t\t\t\tsrc=\"https:\/\/grundschule-homberg.de\/wp\/wp-content\/gallery\/eerstklaessler-erhalten-lesetueten-2015\/k-IMG-20151129-WA0003.jpg\"\n\t\t\t\tstyle=\"max-height: 380px;\"\/>\n\t\t<\/a>\n\n\t\t\n\t\t<a href=\"https:\/\/grundschule-homberg.de\/wp\/wp-content\/gallery\/eerstklaessler-erhalten-lesetueten-2015\/k-IMG-20151129-WA0004.jpg\"\n\t\t\ttitle=\"\"\n\t\t\tdata-src=\"https:\/\/grundschule-homberg.de\/wp\/wp-content\/gallery\/eerstklaessler-erhalten-lesetueten-2015\/k-IMG-20151129-WA0004.jpg\"\n\t\t\tdata-thumbnail=\"https:\/\/grundschule-homberg.de\/wp\/wp-content\/gallery\/eerstklaessler-erhalten-lesetueten-2015\/thumbs\/thumbs_k-IMG-20151129-WA0004.jpg\"\n\t\t\tdata-image-id=\"467\"\n\t\t\tdata-title=\"k-IMG-20151129-WA0004\"\n\t\t\tdata-description=\"\"\n\t\t\tclass=\"ngg-fancybox\" rel=\"1ce811ea501af231bb2f464818b06770\">\n\n\t\t\t<img data-image-id='467'\n\t\t\t\ttitle=\"\"\n\t\t\t\talt=\"k-IMG-20151129-WA0004\"\n\t\t\t\tsrc=\"https:\/\/grundschule-homberg.de\/wp\/wp-content\/gallery\/eerstklaessler-erhalten-lesetueten-2015\/k-IMG-20151129-WA0004.jpg\"\n\t\t\t\tstyle=\"max-height: 380px;\"\/>\n\t\t<\/a>\n\n\t\t\n\t\t<a href=\"https:\/\/grundschule-homberg.de\/wp\/wp-content\/gallery\/eerstklaessler-erhalten-lesetueten-2015\/k-IMG-20151129-WA0005.jpg\"\n\t\t\ttitle=\"\"\n\t\t\tdata-src=\"https:\/\/grundschule-homberg.de\/wp\/wp-content\/gallery\/eerstklaessler-erhalten-lesetueten-2015\/k-IMG-20151129-WA0005.jpg\"\n\t\t\tdata-thumbnail=\"https:\/\/grundschule-homberg.de\/wp\/wp-content\/gallery\/eerstklaessler-erhalten-lesetueten-2015\/thumbs\/thumbs_k-IMG-20151129-WA0005.jpg\"\n\t\t\tdata-image-id=\"468\"\n\t\t\tdata-title=\"k-IMG-20151129-WA0005\"\n\t\t\tdata-description=\"\"\n\t\t\tclass=\"ngg-fancybox\" rel=\"1ce811ea501af231bb2f464818b06770\">\n\n\t\t\t<img data-image-id='468'\n\t\t\t\ttitle=\"\"\n\t\t\t\talt=\"k-IMG-20151129-WA0005\"\n\t\t\t\tsrc=\"https:\/\/grundschule-homberg.de\/wp\/wp-content\/gallery\/eerstklaessler-erhalten-lesetueten-2015\/k-IMG-20151129-WA0005.jpg\"\n\t\t\t\tstyle=\"max-height: 380px;\"\/>\n\t\t<\/a>\n\n\t\t\n\t\t<a href=\"https:\/\/grundschule-homberg.de\/wp\/wp-content\/gallery\/eerstklaessler-erhalten-lesetueten-2015\/k-IMG-20151129-WA0007.jpg\"\n\t\t\ttitle=\"\"\n\t\t\tdata-src=\"https:\/\/grundschule-homberg.de\/wp\/wp-content\/gallery\/eerstklaessler-erhalten-lesetueten-2015\/k-IMG-20151129-WA0007.jpg\"\n\t\t\tdata-thumbnail=\"https:\/\/grundschule-homberg.de\/wp\/wp-content\/gallery\/eerstklaessler-erhalten-lesetueten-2015\/thumbs\/thumbs_k-IMG-20151129-WA0007.jpg\"\n\t\t\tdata-image-id=\"469\"\n\t\t\tdata-title=\"k-IMG-20151129-WA0007\"\n\t\t\tdata-description=\"\"\n\t\t\tclass=\"ngg-fancybox\" rel=\"1ce811ea501af231bb2f464818b06770\">\n\n\t\t\t<img data-image-id='469'\n\t\t\t\ttitle=\"\"\n\t\t\t\talt=\"k-IMG-20151129-WA0007\"\n\t\t\t\tsrc=\"https:\/\/grundschule-homberg.de\/wp\/wp-content\/gallery\/eerstklaessler-erhalten-lesetueten-2015\/k-IMG-20151129-WA0007.jpg\"\n\t\t\t\tstyle=\"max-height: 380px;\"\/>\n\t\t<\/a>\n\n\t\t\n\t\t<a href=\"https:\/\/grundschule-homberg.de\/wp\/wp-content\/gallery\/eerstklaessler-erhalten-lesetueten-2015\/k-IMG-20151129-WA0008.jpg\"\n\t\t\ttitle=\"\"\n\t\t\tdata-src=\"https:\/\/grundschule-homberg.de\/wp\/wp-content\/gallery\/eerstklaessler-erhalten-lesetueten-2015\/k-IMG-20151129-WA0008.jpg\"\n\t\t\tdata-thumbnail=\"https:\/\/grundschule-homberg.de\/wp\/wp-content\/gallery\/eerstklaessler-erhalten-lesetueten-2015\/thumbs\/thumbs_k-IMG-20151129-WA0008.jpg\"\n\t\t\tdata-image-id=\"470\"\n\t\t\tdata-title=\"k-IMG-20151129-WA0008\"\n\t\t\tdata-description=\"\"\n\t\t\tclass=\"ngg-fancybox\" rel=\"1ce811ea501af231bb2f464818b06770\">\n\n\t\t\t<img data-image-id='470'\n\t\t\t\ttitle=\"\"\n\t\t\t\talt=\"k-IMG-20151129-WA0008\"\n\t\t\t\tsrc=\"https:\/\/grundschule-homberg.de\/wp\/wp-content\/gallery\/eerstklaessler-erhalten-lesetueten-2015\/k-IMG-20151129-WA0008.jpg\"\n\t\t\t\tstyle=\"max-height: 380px;\"\/>\n\t\t<\/a>\n\n\t\t\n\t\t<a href=\"https:\/\/grundschule-homberg.de\/wp\/wp-content\/gallery\/eerstklaessler-erhalten-lesetueten-2015\/k-IMG-20151129-WA0011.jpg\"\n\t\t\ttitle=\"\"\n\t\t\tdata-src=\"https:\/\/grundschule-homberg.de\/wp\/wp-content\/gallery\/eerstklaessler-erhalten-lesetueten-2015\/k-IMG-20151129-WA0011.jpg\"\n\t\t\tdata-thumbnail=\"https:\/\/grundschule-homberg.de\/wp\/wp-content\/gallery\/eerstklaessler-erhalten-lesetueten-2015\/thumbs\/thumbs_k-IMG-20151129-WA0011.jpg\"\n\t\t\tdata-image-id=\"471\"\n\t\t\tdata-title=\"k-IMG-20151129-WA0011\"\n\t\t\tdata-description=\"\"\n\t\t\tclass=\"ngg-fancybox\" rel=\"1ce811ea501af231bb2f464818b06770\">\n\n\t\t\t<img data-image-id='471'\n\t\t\t\ttitle=\"\"\n\t\t\t\talt=\"k-IMG-20151129-WA0011\"\n\t\t\t\tsrc=\"https:\/\/grundschule-homberg.de\/wp\/wp-content\/gallery\/eerstklaessler-erhalten-lesetueten-2015\/k-IMG-20151129-WA0011.jpg\"\n\t\t\t\tstyle=\"max-height: 380px;\"\/>\n\t\t<\/a>\n\n\t\t\n\t\t<a href=\"https:\/\/grundschule-homberg.de\/wp\/wp-content\/gallery\/eerstklaessler-erhalten-lesetueten-2015\/k-IMG-20151129-WA0013.jpg\"\n\t\t\ttitle=\"\"\n\t\t\tdata-src=\"https:\/\/grundschule-homberg.de\/wp\/wp-content\/gallery\/eerstklaessler-erhalten-lesetueten-2015\/k-IMG-20151129-WA0013.jpg\"\n\t\t\tdata-thumbnail=\"https:\/\/grundschule-homberg.de\/wp\/wp-content\/gallery\/eerstklaessler-erhalten-lesetueten-2015\/thumbs\/thumbs_k-IMG-20151129-WA0013.jpg\"\n\t\t\tdata-image-id=\"472\"\n\t\t\tdata-title=\"k-IMG-20151129-WA0013\"\n\t\t\tdata-description=\"\"\n\t\t\tclass=\"ngg-fancybox\" rel=\"1ce811ea501af231bb2f464818b06770\">\n\n\t\t\t<img data-image-id='472'\n\t\t\t\ttitle=\"\"\n\t\t\t\talt=\"k-IMG-20151129-WA0013\"\n\t\t\t\tsrc=\"https:\/\/grundschule-homberg.de\/wp\/wp-content\/gallery\/eerstklaessler-erhalten-lesetueten-2015\/k-IMG-20151129-WA0013.jpg\"\n\t\t\t\tstyle=\"max-height: 380px;\"\/>\n\t\t<\/a>\n\n\t\t\n\t\t<a href=\"https:\/\/grundschule-homberg.de\/wp\/wp-content\/gallery\/eerstklaessler-erhalten-lesetueten-2015\/k-IMG-20151129-WA0015.jpg\"\n\t\t\ttitle=\"\"\n\t\t\tdata-src=\"https:\/\/grundschule-homberg.de\/wp\/wp-content\/gallery\/eerstklaessler-erhalten-lesetueten-2015\/k-IMG-20151129-WA0015.jpg\"\n\t\t\tdata-thumbnail=\"https:\/\/grundschule-homberg.de\/wp\/wp-content\/gallery\/eerstklaessler-erhalten-lesetueten-2015\/thumbs\/thumbs_k-IMG-20151129-WA0015.jpg\"\n\t\t\tdata-image-id=\"473\"\n\t\t\tdata-title=\"k-IMG-20151129-WA0015\"\n\t\t\tdata-description=\"\"\n\t\t\tclass=\"ngg-fancybox\" rel=\"1ce811ea501af231bb2f464818b06770\">\n\n\t\t\t<img data-image-id='473'\n\t\t\t\ttitle=\"\"\n\t\t\t\talt=\"k-IMG-20151129-WA0015\"\n\t\t\t\tsrc=\"https:\/\/grundschule-homberg.de\/wp\/wp-content\/gallery\/eerstklaessler-erhalten-lesetueten-2015\/k-IMG-20151129-WA0015.jpg\"\n\t\t\t\tstyle=\"max-height: 380px;\"\/>\n\t\t<\/a>\n\n\t\t\n\t\t<a href=\"https:\/\/grundschule-homberg.de\/wp\/wp-content\/gallery\/eerstklaessler-erhalten-lesetueten-2015\/k-IMG-20151129-WA0016.jpg\"\n\t\t\ttitle=\"\"\n\t\t\tdata-src=\"https:\/\/grundschule-homberg.de\/wp\/wp-content\/gallery\/eerstklaessler-erhalten-lesetueten-2015\/k-IMG-20151129-WA0016.jpg\"\n\t\t\tdata-thumbnail=\"https:\/\/grundschule-homberg.de\/wp\/wp-content\/gallery\/eerstklaessler-erhalten-lesetueten-2015\/thumbs\/thumbs_k-IMG-20151129-WA0016.jpg\"\n\t\t\tdata-image-id=\"474\"\n\t\t\tdata-title=\"k-IMG-20151129-WA0016\"\n\t\t\tdata-description=\"\"\n\t\t\tclass=\"ngg-fancybox\" rel=\"1ce811ea501af231bb2f464818b06770\">\n\n\t\t\t<img data-image-id='474'\n\t\t\t\ttitle=\"\"\n\t\t\t\talt=\"k-IMG-20151129-WA0016\"\n\t\t\t\tsrc=\"https:\/\/grundschule-homberg.de\/wp\/wp-content\/gallery\/eerstklaessler-erhalten-lesetueten-2015\/k-IMG-20151129-WA0016.jpg\"\n\t\t\t\tstyle=\"max-height: 380px;\"\/>\n\t\t<\/a>\n\n\t\t\n\t\t<a href=\"https:\/\/grundschule-homberg.de\/wp\/wp-content\/gallery\/eerstklaessler-erhalten-lesetueten-2015\/k-IMG-20151129-WA0017.jpg\"\n\t\t\ttitle=\"\"\n\t\t\tdata-src=\"https:\/\/grundschule-homberg.de\/wp\/wp-content\/gallery\/eerstklaessler-erhalten-lesetueten-2015\/k-IMG-20151129-WA0017.jpg\"\n\t\t\tdata-thumbnail=\"https:\/\/grundschule-homberg.de\/wp\/wp-content\/gallery\/eerstklaessler-erhalten-lesetueten-2015\/thumbs\/thumbs_k-IMG-20151129-WA0017.jpg\"\n\t\t\tdata-image-id=\"475\"\n\t\t\tdata-title=\"k-IMG-20151129-WA0017\"\n\t\t\tdata-description=\"\"\n\t\t\tclass=\"ngg-fancybox\" rel=\"1ce811ea501af231bb2f464818b06770\">\n\n\t\t\t<img data-image-id='475'\n\t\t\t\ttitle=\"\"\n\t\t\t\talt=\"k-IMG-20151129-WA0017\"\n\t\t\t\tsrc=\"https:\/\/grundschule-homberg.de\/wp\/wp-content\/gallery\/eerstklaessler-erhalten-lesetueten-2015\/k-IMG-20151129-WA0017.jpg\"\n\t\t\t\tstyle=\"max-height: 380px;\"\/>\n\t\t<\/a>\n\n\t\t\n\t\t<a href=\"https:\/\/grundschule-homberg.de\/wp\/wp-content\/gallery\/eerstklaessler-erhalten-lesetueten-2015\/k-IMG-20151129-WA0019.jpg\"\n\t\t\ttitle=\"\"\n\t\t\tdata-src=\"https:\/\/grundschule-homberg.de\/wp\/wp-content\/gallery\/eerstklaessler-erhalten-lesetueten-2015\/k-IMG-20151129-WA0019.jpg\"\n\t\t\tdata-thumbnail=\"https:\/\/grundschule-homberg.de\/wp\/wp-content\/gallery\/eerstklaessler-erhalten-lesetueten-2015\/thumbs\/thumbs_k-IMG-20151129-WA0019.jpg\"\n\t\t\tdata-image-id=\"476\"\n\t\t\tdata-title=\"k-IMG-20151129-WA0019\"\n\t\t\tdata-description=\"\"\n\t\t\tclass=\"ngg-fancybox\" rel=\"1ce811ea501af231bb2f464818b06770\">\n\n\t\t\t<img data-image-id='476'\n\t\t\t\ttitle=\"\"\n\t\t\t\talt=\"k-IMG-20151129-WA0019\"\n\t\t\t\tsrc=\"https:\/\/grundschule-homberg.de\/wp\/wp-content\/gallery\/eerstklaessler-erhalten-lesetueten-2015\/k-IMG-20151129-WA0019.jpg\"\n\t\t\t\tstyle=\"max-height: 380px;\"\/>\n\t\t<\/a>\n\n\t\t\n\t\t<a href=\"https:\/\/grundschule-homberg.de\/wp\/wp-content\/gallery\/eerstklaessler-erhalten-lesetueten-2015\/k-IMG-20151129-WA0020.jpg\"\n\t\t\ttitle=\"\"\n\t\t\tdata-src=\"https:\/\/grundschule-homberg.de\/wp\/wp-content\/gallery\/eerstklaessler-erhalten-lesetueten-2015\/k-IMG-20151129-WA0020.jpg\"\n\t\t\tdata-thumbnail=\"https:\/\/grundschule-homberg.de\/wp\/wp-content\/gallery\/eerstklaessler-erhalten-lesetueten-2015\/thumbs\/thumbs_k-IMG-20151129-WA0020.jpg\"\n\t\t\tdata-image-id=\"477\"\n\t\t\tdata-title=\"k-IMG-20151129-WA0020\"\n\t\t\tdata-description=\"\"\n\t\t\tclass=\"ngg-fancybox\" rel=\"1ce811ea501af231bb2f464818b06770\">\n\n\t\t\t<img data-image-id='477'\n\t\t\t\ttitle=\"\"\n\t\t\t\talt=\"k-IMG-20151129-WA0020\"\n\t\t\t\tsrc=\"https:\/\/grundschule-homberg.de\/wp\/wp-content\/gallery\/eerstklaessler-erhalten-lesetueten-2015\/k-IMG-20151129-WA0020.jpg\"\n\t\t\t\tstyle=\"max-height: 380px;\"\/>\n\t\t<\/a>\n\n\t\t\n\t\t<a href=\"https:\/\/grundschule-homberg.de\/wp\/wp-content\/gallery\/eerstklaessler-erhalten-lesetueten-2015\/k-IMG-20151129-WA0021.jpg\"\n\t\t\ttitle=\"\"\n\t\t\tdata-src=\"https:\/\/grundschule-homberg.de\/wp\/wp-content\/gallery\/eerstklaessler-erhalten-lesetueten-2015\/k-IMG-20151129-WA0021.jpg\"\n\t\t\tdata-thumbnail=\"https:\/\/grundschule-homberg.de\/wp\/wp-content\/gallery\/eerstklaessler-erhalten-lesetueten-2015\/thumbs\/thumbs_k-IMG-20151129-WA0021.jpg\"\n\t\t\tdata-image-id=\"478\"\n\t\t\tdata-title=\"k-IMG-20151129-WA0021\"\n\t\t\tdata-description=\"\"\n\t\t\tclass=\"ngg-fancybox\" rel=\"1ce811ea501af231bb2f464818b06770\">\n\n\t\t\t<img data-image-id='478'\n\t\t\t\ttitle=\"\"\n\t\t\t\talt=\"k-IMG-20151129-WA0021\"\n\t\t\t\tsrc=\"https:\/\/grundschule-homberg.de\/wp\/wp-content\/gallery\/eerstklaessler-erhalten-lesetueten-2015\/k-IMG-20151129-WA0021.jpg\"\n\t\t\t\tstyle=\"max-height: 380px;\"\/>\n\t\t<\/a>\n\n\t\t\n\t\t<a href=\"https:\/\/grundschule-homberg.de\/wp\/wp-content\/gallery\/eerstklaessler-erhalten-lesetueten-2015\/k-IMG-20151129-WA0025.jpg\"\n\t\t\ttitle=\"\"\n\t\t\tdata-src=\"https:\/\/grundschule-homberg.de\/wp\/wp-content\/gallery\/eerstklaessler-erhalten-lesetueten-2015\/k-IMG-20151129-WA0025.jpg\"\n\t\t\tdata-thumbnail=\"https:\/\/grundschule-homberg.de\/wp\/wp-content\/gallery\/eerstklaessler-erhalten-lesetueten-2015\/thumbs\/thumbs_k-IMG-20151129-WA0025.jpg\"\n\t\t\tdata-image-id=\"479\"\n\t\t\tdata-title=\"k-IMG-20151129-WA0025\"\n\t\t\tdata-description=\"\"\n\t\t\tclass=\"ngg-fancybox\" rel=\"1ce811ea501af231bb2f464818b06770\">\n\n\t\t\t<img data-image-id='479'\n\t\t\t\ttitle=\"\"\n\t\t\t\talt=\"k-IMG-20151129-WA0025\"\n\t\t\t\tsrc=\"https:\/\/grundschule-homberg.de\/wp\/wp-content\/gallery\/eerstklaessler-erhalten-lesetueten-2015\/k-IMG-20151129-WA0025.jpg\"\n\t\t\t\tstyle=\"max-height: 380px;\"\/>\n\t\t<\/a>\n\n\t\t\n\t\t<a href=\"https:\/\/grundschule-homberg.de\/wp\/wp-content\/gallery\/eerstklaessler-erhalten-lesetueten-2015\/k-WP_20151125_001.jpg\"\n\t\t\ttitle=\"\"\n\t\t\tdata-src=\"https:\/\/grundschule-homberg.de\/wp\/wp-content\/gallery\/eerstklaessler-erhalten-lesetueten-2015\/k-WP_20151125_001.jpg\"\n\t\t\tdata-thumbnail=\"https:\/\/grundschule-homberg.de\/wp\/wp-content\/gallery\/eerstklaessler-erhalten-lesetueten-2015\/thumbs\/thumbs_k-WP_20151125_001.jpg\"\n\t\t\tdata-image-id=\"480\"\n\t\t\tdata-title=\"k-WP_20151125_001\"\n\t\t\tdata-description=\"\"\n\t\t\tclass=\"ngg-fancybox\" rel=\"1ce811ea501af231bb2f464818b06770\">\n\n\t\t\t<img data-image-id='480'\n\t\t\t\ttitle=\"\"\n\t\t\t\talt=\"k-WP_20151125_001\"\n\t\t\t\tsrc=\"https:\/\/grundschule-homberg.de\/wp\/wp-content\/gallery\/eerstklaessler-erhalten-lesetueten-2015\/k-WP_20151125_001.jpg\"\n\t\t\t\tstyle=\"max-height: 380px;\"\/>\n\t\t<\/a>\n\n\t\t\n\t\t<a href=\"https:\/\/grundschule-homberg.de\/wp\/wp-content\/gallery\/eerstklaessler-erhalten-lesetueten-2015\/k-WP_20151125_002.jpg\"\n\t\t\ttitle=\"\"\n\t\t\tdata-src=\"https:\/\/grundschule-homberg.de\/wp\/wp-content\/gallery\/eerstklaessler-erhalten-lesetueten-2015\/k-WP_20151125_002.jpg\"\n\t\t\tdata-thumbnail=\"https:\/\/grundschule-homberg.de\/wp\/wp-content\/gallery\/eerstklaessler-erhalten-lesetueten-2015\/thumbs\/thumbs_k-WP_20151125_002.jpg\"\n\t\t\tdata-image-id=\"481\"\n\t\t\tdata-title=\"k-WP_20151125_002\"\n\t\t\tdata-description=\"\"\n\t\t\tclass=\"ngg-fancybox\" rel=\"1ce811ea501af231bb2f464818b06770\">\n\n\t\t\t<img data-image-id='481'\n\t\t\t\ttitle=\"\"\n\t\t\t\talt=\"k-WP_20151125_002\"\n\t\t\t\tsrc=\"https:\/\/grundschule-homberg.de\/wp\/wp-content\/gallery\/eerstklaessler-erhalten-lesetueten-2015\/k-WP_20151125_002.jpg\"\n\t\t\t\tstyle=\"max-height: 380px;\"\/>\n\t\t<\/a>\n\n\t\t\n\t\t<a href=\"https:\/\/grundschule-homberg.de\/wp\/wp-content\/gallery\/eerstklaessler-erhalten-lesetueten-2015\/k-WP_20151125_004.jpg\"\n\t\t\ttitle=\"\"\n\t\t\tdata-src=\"https:\/\/grundschule-homberg.de\/wp\/wp-content\/gallery\/eerstklaessler-erhalten-lesetueten-2015\/k-WP_20151125_004.jpg\"\n\t\t\tdata-thumbnail=\"https:\/\/grundschule-homberg.de\/wp\/wp-content\/gallery\/eerstklaessler-erhalten-lesetueten-2015\/thumbs\/thumbs_k-WP_20151125_004.jpg\"\n\t\t\tdata-image-id=\"482\"\n\t\t\tdata-title=\"k-WP_20151125_004\"\n\t\t\tdata-description=\"\"\n\t\t\tclass=\"ngg-fancybox\" rel=\"1ce811ea501af231bb2f464818b06770\">\n\n\t\t\t<img data-image-id='482'\n\t\t\t\ttitle=\"\"\n\t\t\t\talt=\"k-WP_20151125_004\"\n\t\t\t\tsrc=\"https:\/\/grundschule-homberg.de\/wp\/wp-content\/gallery\/eerstklaessler-erhalten-lesetueten-2015\/k-WP_20151125_004.jpg\"\n\t\t\t\tstyle=\"max-height: 380px;\"\/>\n\t\t<\/a>\n\n\t\t\n\t\t<a href=\"https:\/\/grundschule-homberg.de\/wp\/wp-content\/gallery\/eerstklaessler-erhalten-lesetueten-2015\/k-WP_20151125_006.jpg\"\n\t\t\ttitle=\"\"\n\t\t\tdata-src=\"https:\/\/grundschule-homberg.de\/wp\/wp-content\/gallery\/eerstklaessler-erhalten-lesetueten-2015\/k-WP_20151125_006.jpg\"\n\t\t\tdata-thumbnail=\"https:\/\/grundschule-homberg.de\/wp\/wp-content\/gallery\/eerstklaessler-erhalten-lesetueten-2015\/thumbs\/thumbs_k-WP_20151125_006.jpg\"\n\t\t\tdata-image-id=\"483\"\n\t\t\tdata-title=\"k-WP_20151125_006\"\n\t\t\tdata-description=\"\"\n\t\t\tclass=\"ngg-fancybox\" rel=\"1ce811ea501af231bb2f464818b06770\">\n\n\t\t\t<img data-image-id='483'\n\t\t\t\ttitle=\"\"\n\t\t\t\talt=\"k-WP_20151125_006\"\n\t\t\t\tsrc=\"https:\/\/grundschule-homberg.de\/wp\/wp-content\/gallery\/eerstklaessler-erhalten-lesetueten-2015\/k-WP_20151125_006.jpg\"\n\t\t\t\tstyle=\"max-height: 380px;\"\/>\n\t\t<\/a>\n\n\t\t<\/div>\n\n\t\t<!-- Thumbnails Link -->\n\t<div class=\"slideshowlink\" style=\"max-width: 600px;\">\n\t\t<a href='https:\/\/grundschule-homberg.de\/wp\/index.php\/nggallery\/thumbnails?p=220172'>[Show thumbnails]<\/a>\n\t<\/div>\n\n<\/p>\n","protected":false},"excerpt":{"rendered":"<p>Am Mittwoch, dem 25. November 2015, \u00fcbergaben die Schulpaten der dritten Klasse selbst gestaltete Leset\u00fcten an ihre &#8222;Patenkinder&#8220; aus der ersten Klasse. Die T\u00fcten waren gef\u00fcllt mit B\u00fcchern, Lesezeichen, Lesetipps uns auch einer kleinen S\u00fc\u00dfigkeit\u00a0\u00a0\u00a0\u00a0 damit die ABC- Sch\u00fctzen richtig Lust auf&#8217;s Lesenlernen bekommen. Initiiert wurde diese Aktion von Frau Ulrike Sowa vom Homberger Buchladen, &hellip; <a href=\"https:\/\/grundschule-homberg.de\/wp\/?p=220172\" class=\"more-link\"><span class=\"screen-reader-text\">Erstkl\u00e4ssler erhalten Leset\u00fcten<\/span> weiterlesen <span class=\"meta-nav\">&rarr;<\/span><\/a><\/p>\n","protected":false},"author":1,"featured_media":220175,"comment_status":"closed","ping_status":"closed","sticky":false,"template":"","format":"standard","meta":{"ngg_post_thumbnail":0,"_jetpack_memberships_contains_paid_content":false,"footnotes":""},"categories":[1,20],"tags":[],"class_list":["post-220172","post","type-post","status-publish","format-standard","has-post-thumbnail","hentry","category-allgemein","category-schulleben"],"jetpack_featured_media_url":"https:\/\/i0.wp.com\/grundschule-homberg.de\/wp\/wp-content\/uploads\/2015\/11\/k-WP_20151125_001.jpg?fit=1024%2C768&ssl=1","jetpack_shortlink":"https:\/\/wp.me\/p3XuEZ-Vha","jetpack-related-posts":[],"jetpack_sharing_enabled":true,"_links":{"self":[{"href":"https:\/\/grundschule-homberg.de\/wp\/index.php?rest_route=\/wp\/v2\/posts\/220172","targetHints":{"allow":["GET"]}}],"collection":[{"href":"https:\/\/grundschule-homberg.de\/wp\/index.php?rest_route=\/wp\/v2\/posts"}],"about":[{"href":"https:\/\/grundschule-homberg.de\/wp\/index.php?rest_route=\/wp\/v2\/types\/post"}],"author":[{"embeddable":true,"href":"https:\/\/grundschule-homberg.de\/wp\/index.php?rest_route=\/wp\/v2\/users\/1"}],"replies":[{"embeddable":true,"href":"https:\/\/grundschule-homberg.de\/wp\/index.php?rest_route=%2Fwp%2Fv2%2Fcomments&post=220172"}],"version-history":[{"count":1,"href":"https:\/\/grundschule-homberg.de\/wp\/index.php?rest_route=\/wp\/v2\/posts\/220172\/revisions"}],"predecessor-version":[{"id":220176,"href":"https:\/\/grundschule-homberg.de\/wp\/index.php?rest_route=\/wp\/v2\/posts\/220172\/revisions\/220176"}],"wp:featuredmedia":[{"embeddable":true,"href":"https:\/\/grundschule-homberg.de\/wp\/index.php?rest_route=\/wp\/v2\/media\/220175"}],"wp:attachment":[{"href":"https:\/\/grundschule-homberg.de\/wp\/index.php?rest_route=%2Fwp%2Fv2%2Fmedia&parent=220172"}],"wp:term":[{"taxonomy":"category","embeddable":true,"href":"https:\/\/grundschule-homberg.de\/wp\/index.php?rest_route=%2Fwp%2Fv2%2Fcategories&post=220172"},{"taxonomy":"post_tag","embeddable":true,"href":"https:\/\/grundschule-homberg.de\/wp\/index.php?rest_route=%2Fwp%2Fv2%2Ftags&post=220172"}],"curies":[{"name":"wp","href":"https:\/\/api.w.org\/{rel}","templated":true}]}}