{"id":220203,"date":"2015-12-15T22:02:27","date_gmt":"2015-12-15T21:02:27","guid":{"rendered":"http:\/\/grundschule-homberg.de\/wp\/?p=220203"},"modified":"2015-12-22T13:24:21","modified_gmt":"2015-12-22T12:24:21","slug":"voelkerballturnier-der-4-klassen","status":"publish","type":"post","link":"https:\/\/grundschule-homberg.de\/wp\/?p=220203","title":{"rendered":"V\u00f6lkerballturnier der 4. Klassen"},"content":{"rendered":"<p><strong>V\u00f6lkerballturnier der Grundschule Homberg\/Ohm<br \/>\n<\/strong>Am 9. Dezember fand in der Sporthalle der Grundschule Homberg\/Ohm das traditionsreiche V\u00f6lkerballturnier statt. F\u00fcr dieses Ereignis trainierten die Kinder bereits flei\u00dfig im Sportunterricht. Die Klassen 4a mit Frau Elisabeth Pfeffer, 4b mit Frau Cornelia Fr\u00f6mmel und 4c mit Herrn Stefan Trautmann traten gegeneinander im stets \u00fcberaus fairen Wettkampf an. Nach hochspannenden Spielen, bei denen sich erst im letzten Spiel der Turniersieg entschied, gewann die 4a dieses Turnier. Auf den Pl\u00e4tzen folgten die 4c und die 4b. Die Siegerehrung nahmen die Turnierleiter Herr Rene Frank und Herr Stefan Trautmann zum Abschluss vor.<\/p>\n<p>\n<div class=\"ngg-galleryoverview ngg-slideshow\"\n\tid=\"ngg-slideshow-df3c3b9d5807b3edad30d7fb6f84c7f4-13599252920\"\n\tdata-gallery-id=\"df3c3b9d5807b3edad30d7fb6f84c7f4\"\n\tstyle=\"max-width: 800px;\n\t\t\tmax-height: 600px;\n\t\t\tdisplay: none;\">\n\n\t\n\t\t<a href=\"https:\/\/grundschule-homberg.de\/wp\/wp-content\/gallery\/voelkerballturnier-2015\/IMG-20151209-WA0001.jpg\"\n\t\t\ttitle=\"\"\n\t\t\tdata-src=\"https:\/\/grundschule-homberg.de\/wp\/wp-content\/gallery\/voelkerballturnier-2015\/IMG-20151209-WA0001.jpg\"\n\t\t\tdata-thumbnail=\"https:\/\/grundschule-homberg.de\/wp\/wp-content\/gallery\/voelkerballturnier-2015\/thumbs\/thumbs_IMG-20151209-WA0001.jpg\"\n\t\t\tdata-image-id=\"484\"\n\t\t\tdata-title=\"IMG-20151209-WA0001\"\n\t\t\tdata-description=\"\"\n\t\t\tclass=\"ngg-fancybox\" rel=\"df3c3b9d5807b3edad30d7fb6f84c7f4\">\n\n\t\t\t<img data-image-id='484'\n\t\t\t\ttitle=\"\"\n\t\t\t\talt=\"IMG-20151209-WA0001\"\n\t\t\t\tsrc=\"https:\/\/grundschule-homberg.de\/wp\/wp-content\/gallery\/voelkerballturnier-2015\/IMG-20151209-WA0001.jpg\"\n\t\t\t\tstyle=\"max-height: 580px;\"\/>\n\t\t<\/a>\n\n\t\t\n\t\t<a href=\"https:\/\/grundschule-homberg.de\/wp\/wp-content\/gallery\/voelkerballturnier-2015\/IMG-20151209-WA0002.jpg\"\n\t\t\ttitle=\"\"\n\t\t\tdata-src=\"https:\/\/grundschule-homberg.de\/wp\/wp-content\/gallery\/voelkerballturnier-2015\/IMG-20151209-WA0002.jpg\"\n\t\t\tdata-thumbnail=\"https:\/\/grundschule-homberg.de\/wp\/wp-content\/gallery\/voelkerballturnier-2015\/thumbs\/thumbs_IMG-20151209-WA0002.jpg\"\n\t\t\tdata-image-id=\"485\"\n\t\t\tdata-title=\"IMG-20151209-WA0002\"\n\t\t\tdata-description=\"\"\n\t\t\tclass=\"ngg-fancybox\" rel=\"df3c3b9d5807b3edad30d7fb6f84c7f4\">\n\n\t\t\t<img data-image-id='485'\n\t\t\t\ttitle=\"\"\n\t\t\t\talt=\"IMG-20151209-WA0002\"\n\t\t\t\tsrc=\"https:\/\/grundschule-homberg.de\/wp\/wp-content\/gallery\/voelkerballturnier-2015\/IMG-20151209-WA0002.jpg\"\n\t\t\t\tstyle=\"max-height: 580px;\"\/>\n\t\t<\/a>\n\n\t\t\n\t\t<a href=\"https:\/\/grundschule-homberg.de\/wp\/wp-content\/gallery\/voelkerballturnier-2015\/IMG-20151209-WA0003.jpg\"\n\t\t\ttitle=\"\"\n\t\t\tdata-src=\"https:\/\/grundschule-homberg.de\/wp\/wp-content\/gallery\/voelkerballturnier-2015\/IMG-20151209-WA0003.jpg\"\n\t\t\tdata-thumbnail=\"https:\/\/grundschule-homberg.de\/wp\/wp-content\/gallery\/voelkerballturnier-2015\/thumbs\/thumbs_IMG-20151209-WA0003.jpg\"\n\t\t\tdata-image-id=\"486\"\n\t\t\tdata-title=\"IMG-20151209-WA0003\"\n\t\t\tdata-description=\"\"\n\t\t\tclass=\"ngg-fancybox\" rel=\"df3c3b9d5807b3edad30d7fb6f84c7f4\">\n\n\t\t\t<img data-image-id='486'\n\t\t\t\ttitle=\"\"\n\t\t\t\talt=\"IMG-20151209-WA0003\"\n\t\t\t\tsrc=\"https:\/\/grundschule-homberg.de\/wp\/wp-content\/gallery\/voelkerballturnier-2015\/IMG-20151209-WA0003.jpg\"\n\t\t\t\tstyle=\"max-height: 580px;\"\/>\n\t\t<\/a>\n\n\t\t\n\t\t<a href=\"https:\/\/grundschule-homberg.de\/wp\/wp-content\/gallery\/voelkerballturnier-2015\/IMG-20151209-WA0004.jpg\"\n\t\t\ttitle=\"\"\n\t\t\tdata-src=\"https:\/\/grundschule-homberg.de\/wp\/wp-content\/gallery\/voelkerballturnier-2015\/IMG-20151209-WA0004.jpg\"\n\t\t\tdata-thumbnail=\"https:\/\/grundschule-homberg.de\/wp\/wp-content\/gallery\/voelkerballturnier-2015\/thumbs\/thumbs_IMG-20151209-WA0004.jpg\"\n\t\t\tdata-image-id=\"487\"\n\t\t\tdata-title=\"IMG-20151209-WA0004\"\n\t\t\tdata-description=\"\"\n\t\t\tclass=\"ngg-fancybox\" rel=\"df3c3b9d5807b3edad30d7fb6f84c7f4\">\n\n\t\t\t<img data-image-id='487'\n\t\t\t\ttitle=\"\"\n\t\t\t\talt=\"IMG-20151209-WA0004\"\n\t\t\t\tsrc=\"https:\/\/grundschule-homberg.de\/wp\/wp-content\/gallery\/voelkerballturnier-2015\/IMG-20151209-WA0004.jpg\"\n\t\t\t\tstyle=\"max-height: 580px;\"\/>\n\t\t<\/a>\n\n\t\t\n\t\t<a href=\"https:\/\/grundschule-homberg.de\/wp\/wp-content\/gallery\/voelkerballturnier-2015\/IMG-20151209-WA0005.jpg\"\n\t\t\ttitle=\"\"\n\t\t\tdata-src=\"https:\/\/grundschule-homberg.de\/wp\/wp-content\/gallery\/voelkerballturnier-2015\/IMG-20151209-WA0005.jpg\"\n\t\t\tdata-thumbnail=\"https:\/\/grundschule-homberg.de\/wp\/wp-content\/gallery\/voelkerballturnier-2015\/thumbs\/thumbs_IMG-20151209-WA0005.jpg\"\n\t\t\tdata-image-id=\"488\"\n\t\t\tdata-title=\"IMG-20151209-WA0005\"\n\t\t\tdata-description=\"\"\n\t\t\tclass=\"ngg-fancybox\" rel=\"df3c3b9d5807b3edad30d7fb6f84c7f4\">\n\n\t\t\t<img data-image-id='488'\n\t\t\t\ttitle=\"\"\n\t\t\t\talt=\"IMG-20151209-WA0005\"\n\t\t\t\tsrc=\"https:\/\/grundschule-homberg.de\/wp\/wp-content\/gallery\/voelkerballturnier-2015\/IMG-20151209-WA0005.jpg\"\n\t\t\t\tstyle=\"max-height: 580px;\"\/>\n\t\t<\/a>\n\n\t\t<\/div>\n\n\t\t<!-- Thumbnails Link -->\n\t<div class=\"slideshowlink\" style=\"max-width: 800px;\">\n\t\t<a href='https:\/\/grundschule-homberg.de\/wp\/index.php\/nggallery\/thumbnails?p=220203'>[Show thumbnails]<\/a>\n\t<\/div>\n\n<\/p>\n","protected":false},"excerpt":{"rendered":"<p>V\u00f6lkerballturnier der Grundschule Homberg\/Ohm Am 9. Dezember fand in der Sporthalle der Grundschule Homberg\/Ohm das traditionsreiche V\u00f6lkerballturnier statt. F\u00fcr dieses Ereignis trainierten die Kinder bereits flei\u00dfig im Sportunterricht. Die Klassen 4a mit Frau Elisabeth Pfeffer, 4b mit Frau Cornelia Fr\u00f6mmel und 4c mit Herrn Stefan Trautmann traten gegeneinander im stets \u00fcberaus fairen Wettkampf an. Nach &hellip; <a href=\"https:\/\/grundschule-homberg.de\/wp\/?p=220203\" class=\"more-link\"><span class=\"screen-reader-text\">V\u00f6lkerballturnier der 4. Klassen<\/span> weiterlesen <span class=\"meta-nav\">&rarr;<\/span><\/a><\/p>\n","protected":false},"author":1,"featured_media":4576,"comment_status":"closed","ping_status":"closed","sticky":false,"template":"","format":"standard","meta":{"ngg_post_thumbnail":0,"_jetpack_memberships_contains_paid_content":false,"footnotes":""},"categories":[20],"tags":[],"class_list":["post-220203","post","type-post","status-publish","format-standard","has-post-thumbnail","hentry","category-schulleben"],"jetpack_featured_media_url":"https:\/\/i0.wp.com\/grundschule-homberg.de\/wp\/wp-content\/uploads\/gruschu-h1-e1498232700138.png?fit=185%2C163&ssl=1","jetpack_shortlink":"https:\/\/wp.me\/p3XuEZ-VhF","jetpack-related-posts":[],"jetpack_sharing_enabled":true,"_links":{"self":[{"href":"https:\/\/grundschule-homberg.de\/wp\/index.php?rest_route=\/wp\/v2\/posts\/220203","targetHints":{"allow":["GET"]}}],"collection":[{"href":"https:\/\/grundschule-homberg.de\/wp\/index.php?rest_route=\/wp\/v2\/posts"}],"about":[{"href":"https:\/\/grundschule-homberg.de\/wp\/index.php?rest_route=\/wp\/v2\/types\/post"}],"author":[{"embeddable":true,"href":"https:\/\/grundschule-homberg.de\/wp\/index.php?rest_route=\/wp\/v2\/users\/1"}],"replies":[{"embeddable":true,"href":"https:\/\/grundschule-homberg.de\/wp\/index.php?rest_route=%2Fwp%2Fv2%2Fcomments&post=220203"}],"version-history":[{"count":2,"href":"https:\/\/grundschule-homberg.de\/wp\/index.php?rest_route=\/wp\/v2\/posts\/220203\/revisions"}],"predecessor-version":[{"id":220248,"href":"https:\/\/grundschule-homberg.de\/wp\/index.php?rest_route=\/wp\/v2\/posts\/220203\/revisions\/220248"}],"wp:featuredmedia":[{"embeddable":true,"href":"https:\/\/grundschule-homberg.de\/wp\/index.php?rest_route=\/wp\/v2\/media\/4576"}],"wp:attachment":[{"href":"https:\/\/grundschule-homberg.de\/wp\/index.php?rest_route=%2Fwp%2Fv2%2Fmedia&parent=220203"}],"wp:term":[{"taxonomy":"category","embeddable":true,"href":"https:\/\/grundschule-homberg.de\/wp\/index.php?rest_route=%2Fwp%2Fv2%2Fcategories&post=220203"},{"taxonomy":"post_tag","embeddable":true,"href":"https:\/\/grundschule-homberg.de\/wp\/index.php?rest_route=%2Fwp%2Fv2%2Ftags&post=220203"}],"curies":[{"name":"wp","href":"https:\/\/api.w.org\/{rel}","templated":true}]}}