{"id":220229,"date":"2015-12-22T13:34:36","date_gmt":"2015-12-22T12:34:36","guid":{"rendered":"http:\/\/grundschule-homberg.de\/wp\/?p=220229"},"modified":"2015-12-22T14:36:44","modified_gmt":"2015-12-22T13:36:44","slug":"fluechtlingen-ueberraschen-grundschule","status":"publish","type":"post","link":"https:\/\/grundschule-homberg.de\/wp\/?p=220229","title":{"rendered":"Fl\u00fcchtlinge \u00fcberraschen Grundschule"},"content":{"rendered":"<p>Am Montag vor Weihnachten \u00fcberraschten Bewohner der Erstaufnahmeeinrichtung in Homberg die benachbarte Grundschule mit einem Besuch.<\/p>\n<p>Junge Menschen und Familien aus Syrien und Afghanistan brachten den Grundschulkindern, Betreuerinnen und Lehrkr\u00e4ften bunte Rosen als Zeichen der Dankbarkeit.<\/p>\n<p>Auf einem gro\u00dfen Plakat bedankten sie sich f\u00fcr die gute Aufnahme hier in Deutschland und w\u00fcnschten allen frohe Feiertage und gute W\u00fcnsche f\u00fcr das neue Jahr. Die Schulkinder und ihre Lehrerinnen freuten sich sehr \u00fcber dieses Zeichen, das sicher auch stellvertretend an alle Homberger gerichtet war.<\/p>\n<p>&nbsp;<\/p>\n<p>\n<div class=\"ngg-galleryoverview ngg-slideshow\"\n\tid=\"ngg-slideshow-552189138959869d88b78bfd4904aeb3-1256513130\"\n\tdata-gallery-id=\"552189138959869d88b78bfd4904aeb3\"\n\tstyle=\"max-width: 800px;\n\t\t\tmax-height: 600px;\n\t\t\tdisplay: none;\">\n\n\t\n\t\t<a href=\"https:\/\/grundschule-homberg.de\/wp\/wp-content\/gallery\/fluechtlinge-ueberraschen-grundschule\/WP_20151221_031.jpg\"\n\t\t\ttitle=\"\"\n\t\t\tdata-src=\"https:\/\/grundschule-homberg.de\/wp\/wp-content\/gallery\/fluechtlinge-ueberraschen-grundschule\/WP_20151221_031.jpg\"\n\t\t\tdata-thumbnail=\"https:\/\/grundschule-homberg.de\/wp\/wp-content\/gallery\/fluechtlinge-ueberraschen-grundschule\/thumbs\/thumbs_WP_20151221_031.jpg\"\n\t\t\tdata-image-id=\"489\"\n\t\t\tdata-title=\"WP_20151221_031\"\n\t\t\tdata-description=\"\"\n\t\t\tclass=\"ngg-fancybox\" rel=\"552189138959869d88b78bfd4904aeb3\">\n\n\t\t\t<img data-image-id='489'\n\t\t\t\ttitle=\"\"\n\t\t\t\talt=\"WP_20151221_031\"\n\t\t\t\tsrc=\"https:\/\/grundschule-homberg.de\/wp\/wp-content\/gallery\/fluechtlinge-ueberraschen-grundschule\/WP_20151221_031.jpg\"\n\t\t\t\tstyle=\"max-height: 580px;\"\/>\n\t\t<\/a>\n\n\t\t\n\t\t<a href=\"https:\/\/grundschule-homberg.de\/wp\/wp-content\/gallery\/fluechtlinge-ueberraschen-grundschule\/WP_20151221_032.jpg\"\n\t\t\ttitle=\"\"\n\t\t\tdata-src=\"https:\/\/grundschule-homberg.de\/wp\/wp-content\/gallery\/fluechtlinge-ueberraschen-grundschule\/WP_20151221_032.jpg\"\n\t\t\tdata-thumbnail=\"https:\/\/grundschule-homberg.de\/wp\/wp-content\/gallery\/fluechtlinge-ueberraschen-grundschule\/thumbs\/thumbs_WP_20151221_032.jpg\"\n\t\t\tdata-image-id=\"490\"\n\t\t\tdata-title=\"WP_20151221_032\"\n\t\t\tdata-description=\"\"\n\t\t\tclass=\"ngg-fancybox\" rel=\"552189138959869d88b78bfd4904aeb3\">\n\n\t\t\t<img data-image-id='490'\n\t\t\t\ttitle=\"\"\n\t\t\t\talt=\"WP_20151221_032\"\n\t\t\t\tsrc=\"https:\/\/grundschule-homberg.de\/wp\/wp-content\/gallery\/fluechtlinge-ueberraschen-grundschule\/WP_20151221_032.jpg\"\n\t\t\t\tstyle=\"max-height: 580px;\"\/>\n\t\t<\/a>\n\n\t\t\n\t\t<a href=\"https:\/\/grundschule-homberg.de\/wp\/wp-content\/gallery\/fluechtlinge-ueberraschen-grundschule\/WP_20151221_033.jpg\"\n\t\t\ttitle=\"\"\n\t\t\tdata-src=\"https:\/\/grundschule-homberg.de\/wp\/wp-content\/gallery\/fluechtlinge-ueberraschen-grundschule\/WP_20151221_033.jpg\"\n\t\t\tdata-thumbnail=\"https:\/\/grundschule-homberg.de\/wp\/wp-content\/gallery\/fluechtlinge-ueberraschen-grundschule\/thumbs\/thumbs_WP_20151221_033.jpg\"\n\t\t\tdata-image-id=\"491\"\n\t\t\tdata-title=\"WP_20151221_033\"\n\t\t\tdata-description=\"\"\n\t\t\tclass=\"ngg-fancybox\" rel=\"552189138959869d88b78bfd4904aeb3\">\n\n\t\t\t<img data-image-id='491'\n\t\t\t\ttitle=\"\"\n\t\t\t\talt=\"WP_20151221_033\"\n\t\t\t\tsrc=\"https:\/\/grundschule-homberg.de\/wp\/wp-content\/gallery\/fluechtlinge-ueberraschen-grundschule\/WP_20151221_033.jpg\"\n\t\t\t\tstyle=\"max-height: 580px;\"\/>\n\t\t<\/a>\n\n\t\t\n\t\t<a href=\"https:\/\/grundschule-homberg.de\/wp\/wp-content\/gallery\/fluechtlinge-ueberraschen-grundschule\/WP_20151221_025.jpg\"\n\t\t\ttitle=\"\"\n\t\t\tdata-src=\"https:\/\/grundschule-homberg.de\/wp\/wp-content\/gallery\/fluechtlinge-ueberraschen-grundschule\/WP_20151221_025.jpg\"\n\t\t\tdata-thumbnail=\"https:\/\/grundschule-homberg.de\/wp\/wp-content\/gallery\/fluechtlinge-ueberraschen-grundschule\/thumbs\/thumbs_WP_20151221_025.jpg\"\n\t\t\tdata-image-id=\"492\"\n\t\t\tdata-title=\"WP_20151221_025\"\n\t\t\tdata-description=\"\"\n\t\t\tclass=\"ngg-fancybox\" rel=\"552189138959869d88b78bfd4904aeb3\">\n\n\t\t\t<img data-image-id='492'\n\t\t\t\ttitle=\"\"\n\t\t\t\talt=\"WP_20151221_025\"\n\t\t\t\tsrc=\"https:\/\/grundschule-homberg.de\/wp\/wp-content\/gallery\/fluechtlinge-ueberraschen-grundschule\/WP_20151221_025.jpg\"\n\t\t\t\tstyle=\"max-height: 580px;\"\/>\n\t\t<\/a>\n\n\t\t\n\t\t<a href=\"https:\/\/grundschule-homberg.de\/wp\/wp-content\/gallery\/fluechtlinge-ueberraschen-grundschule\/WP_20151221_028.jpg\"\n\t\t\ttitle=\"\"\n\t\t\tdata-src=\"https:\/\/grundschule-homberg.de\/wp\/wp-content\/gallery\/fluechtlinge-ueberraschen-grundschule\/WP_20151221_028.jpg\"\n\t\t\tdata-thumbnail=\"https:\/\/grundschule-homberg.de\/wp\/wp-content\/gallery\/fluechtlinge-ueberraschen-grundschule\/thumbs\/thumbs_WP_20151221_028.jpg\"\n\t\t\tdata-image-id=\"493\"\n\t\t\tdata-title=\"WP_20151221_028\"\n\t\t\tdata-description=\"\"\n\t\t\tclass=\"ngg-fancybox\" rel=\"552189138959869d88b78bfd4904aeb3\">\n\n\t\t\t<img data-image-id='493'\n\t\t\t\ttitle=\"\"\n\t\t\t\talt=\"WP_20151221_028\"\n\t\t\t\tsrc=\"https:\/\/grundschule-homberg.de\/wp\/wp-content\/gallery\/fluechtlinge-ueberraschen-grundschule\/WP_20151221_028.jpg\"\n\t\t\t\tstyle=\"max-height: 580px;\"\/>\n\t\t<\/a>\n\n\t\t\n\t\t<a href=\"https:\/\/grundschule-homberg.de\/wp\/wp-content\/gallery\/fluechtlinge-ueberraschen-grundschule\/WP_20151221_030.jpg\"\n\t\t\ttitle=\"\"\n\t\t\tdata-src=\"https:\/\/grundschule-homberg.de\/wp\/wp-content\/gallery\/fluechtlinge-ueberraschen-grundschule\/WP_20151221_030.jpg\"\n\t\t\tdata-thumbnail=\"https:\/\/grundschule-homberg.de\/wp\/wp-content\/gallery\/fluechtlinge-ueberraschen-grundschule\/thumbs\/thumbs_WP_20151221_030.jpg\"\n\t\t\tdata-image-id=\"494\"\n\t\t\tdata-title=\"WP_20151221_030\"\n\t\t\tdata-description=\"\"\n\t\t\tclass=\"ngg-fancybox\" rel=\"552189138959869d88b78bfd4904aeb3\">\n\n\t\t\t<img data-image-id='494'\n\t\t\t\ttitle=\"\"\n\t\t\t\talt=\"WP_20151221_030\"\n\t\t\t\tsrc=\"https:\/\/grundschule-homberg.de\/wp\/wp-content\/gallery\/fluechtlinge-ueberraschen-grundschule\/WP_20151221_030.jpg\"\n\t\t\t\tstyle=\"max-height: 580px;\"\/>\n\t\t<\/a>\n\n\t\t<\/div>\n\n\t\t<!-- Thumbnails Link -->\n\t<div class=\"slideshowlink\" style=\"max-width: 800px;\">\n\t\t<a href='https:\/\/grundschule-homberg.de\/wp\/index.php\/nggallery\/thumbnails?p=220229'>[Show thumbnails]<\/a>\n\t<\/div>\n\n<\/p>\n","protected":false},"excerpt":{"rendered":"<p>Am Montag vor Weihnachten \u00fcberraschten Bewohner der Erstaufnahmeeinrichtung in Homberg die benachbarte Grundschule mit einem Besuch. Junge Menschen und Familien aus Syrien und Afghanistan brachten den Grundschulkindern, Betreuerinnen und Lehrkr\u00e4ften bunte Rosen als Zeichen der Dankbarkeit. Auf einem gro\u00dfen Plakat bedankten sie sich f\u00fcr die gute Aufnahme hier in Deutschland und w\u00fcnschten allen frohe Feiertage &hellip; <a href=\"https:\/\/grundschule-homberg.de\/wp\/?p=220229\" class=\"more-link\"><span class=\"screen-reader-text\">Fl\u00fcchtlinge \u00fcberraschen Grundschule<\/span> weiterlesen <span class=\"meta-nav\">&rarr;<\/span><\/a><\/p>\n","protected":false},"author":1,"featured_media":220249,"comment_status":"closed","ping_status":"closed","sticky":false,"template":"","format":"standard","meta":{"ngg_post_thumbnail":0,"_jetpack_memberships_contains_paid_content":false,"footnotes":""},"categories":[1],"tags":[],"class_list":["post-220229","post","type-post","status-publish","format-standard","has-post-thumbnail","hentry","category-allgemein"],"jetpack_featured_media_url":"https:\/\/i0.wp.com\/grundschule-homberg.de\/wp\/wp-content\/uploads\/2015\/12\/WP_20151221_025.jpg?fit=800%2C600&ssl=1","jetpack_shortlink":"https:\/\/wp.me\/p3XuEZ-Vi5","jetpack-related-posts":[],"jetpack_sharing_enabled":true,"_links":{"self":[{"href":"https:\/\/grundschule-homberg.de\/wp\/index.php?rest_route=\/wp\/v2\/posts\/220229","targetHints":{"allow":["GET"]}}],"collection":[{"href":"https:\/\/grundschule-homberg.de\/wp\/index.php?rest_route=\/wp\/v2\/posts"}],"about":[{"href":"https:\/\/grundschule-homberg.de\/wp\/index.php?rest_route=\/wp\/v2\/types\/post"}],"author":[{"embeddable":true,"href":"https:\/\/grundschule-homberg.de\/wp\/index.php?rest_route=\/wp\/v2\/users\/1"}],"replies":[{"embeddable":true,"href":"https:\/\/grundschule-homberg.de\/wp\/index.php?rest_route=%2Fwp%2Fv2%2Fcomments&post=220229"}],"version-history":[{"count":4,"href":"https:\/\/grundschule-homberg.de\/wp\/index.php?rest_route=\/wp\/v2\/posts\/220229\/revisions"}],"predecessor-version":[{"id":220251,"href":"https:\/\/grundschule-homberg.de\/wp\/index.php?rest_route=\/wp\/v2\/posts\/220229\/revisions\/220251"}],"wp:featuredmedia":[{"embeddable":true,"href":"https:\/\/grundschule-homberg.de\/wp\/index.php?rest_route=\/wp\/v2\/media\/220249"}],"wp:attachment":[{"href":"https:\/\/grundschule-homberg.de\/wp\/index.php?rest_route=%2Fwp%2Fv2%2Fmedia&parent=220229"}],"wp:term":[{"taxonomy":"category","embeddable":true,"href":"https:\/\/grundschule-homberg.de\/wp\/index.php?rest_route=%2Fwp%2Fv2%2Fcategories&post=220229"},{"taxonomy":"post_tag","embeddable":true,"href":"https:\/\/grundschule-homberg.de\/wp\/index.php?rest_route=%2Fwp%2Fv2%2Ftags&post=220229"}],"curies":[{"name":"wp","href":"https:\/\/api.w.org\/{rel}","templated":true}]}}