{"id":220274,"date":"2016-02-11T21:22:50","date_gmt":"2016-02-11T20:22:50","guid":{"rendered":"http:\/\/grundschule-homberg.de\/wp\/?p=220274"},"modified":"2016-02-11T21:32:45","modified_gmt":"2016-02-11T20:32:45","slug":"schulfasching-2016","status":"publish","type":"post","link":"https:\/\/grundschule-homberg.de\/wp\/?p=220274","title":{"rendered":"Schulfasching 2016"},"content":{"rendered":"<p>Am Dienstag, dem 9.2.2016, fand wieder die gro\u00dfe Schulfaschingsparty in der Turnhalle statt.<\/p>\n<p>Die Grundschulkinder hatten viel Spa\u00df bei Musik, Tanz und Vortr\u00e4gen.<\/p>\n<p>Zu sehen und zu h\u00f6ren gab es die Boomwhacker- AG, T\u00e4nze der HSC Minis und der Teenie-Garde, die Fl\u00f6tengruppe der Viertkl\u00e4ssler, den Chor, die Garde aus Maulbach und das Tanzmariechen Laura.<\/p>\n<p>Durch das Programm f\u00fchrte Carmen H\u00fchnergarth. Sie sorgte f\u00fcr Musik und gute Stimmung!<\/p>\n<p><!-- default-view.php -->\n<div\n\tclass=\"ngg-galleryoverview default-view\n\t ngg-ajax-pagination-none\t\"\n\tid=\"ngg-gallery-69219459e2999c9a0f75a5e3983043d4-1\">\n\n\t\t<!-- Thumbnails -->\n\t\t\t\t<div id=\"ngg-image-0\" class=\"ngg-gallery-thumbnail-box\n\t\t\t\t\t\t\t\t\t\t\t\"\n\t\t\t>\n\t\t\t\t\t\t<div class=\"ngg-gallery-thumbnail\">\n\t\t\t<a href=\"https:\/\/grundschule-homberg.de\/wp\/wp-content\/gallery\/schulfasching-2016\/WP_20160209_002.jpg\"\n\t\t\t\ttitle=\"\"\n\t\t\t\tdata-src=\"https:\/\/grundschule-homberg.de\/wp\/wp-content\/gallery\/schulfasching-2016\/WP_20160209_002.jpg\"\n\t\t\t\tdata-thumbnail=\"https:\/\/grundschule-homberg.de\/wp\/wp-content\/gallery\/schulfasching-2016\/thumbs\/thumbs_WP_20160209_002.jpg\"\n\t\t\t\tdata-image-id=\"495\"\n\t\t\t\tdata-title=\"WP_20160209_002\"\n\t\t\t\tdata-description=\"\"\n\t\t\t\tdata-image-slug=\"wp_20160209_002\"\n\t\t\t\tclass=\"ngg-fancybox\" rel=\"69219459e2999c9a0f75a5e3983043d4\">\n\t\t\t\t<img\n\t\t\t\t\ttitle=\"WP_20160209_002\"\n\t\t\t\t\talt=\"WP_20160209_002\"\n\t\t\t\t\tsrc=\"https:\/\/grundschule-homberg.de\/wp\/wp-content\/gallery\/schulfasching-2016\/thumbs\/thumbs_WP_20160209_002.jpg\"\n\t\t\t\t\twidth=\"120\"\n\t\t\t\t\theight=\"90\"\n\t\t\t\t\tstyle=\"max-width:100%;\"\n\t\t\t\t\/>\n\t\t\t<\/a>\n\t\t<\/div>\n\t\t\t\t\t\t\t<\/div>\n\t\t\t\n\t\t\t\t<div id=\"ngg-image-1\" class=\"ngg-gallery-thumbnail-box\n\t\t\t\t\t\t\t\t\t\t\t\"\n\t\t\t>\n\t\t\t\t\t\t<div class=\"ngg-gallery-thumbnail\">\n\t\t\t<a href=\"https:\/\/grundschule-homberg.de\/wp\/wp-content\/gallery\/schulfasching-2016\/WP_20160209_004.jpg\"\n\t\t\t\ttitle=\"\"\n\t\t\t\tdata-src=\"https:\/\/grundschule-homberg.de\/wp\/wp-content\/gallery\/schulfasching-2016\/WP_20160209_004.jpg\"\n\t\t\t\tdata-thumbnail=\"https:\/\/grundschule-homberg.de\/wp\/wp-content\/gallery\/schulfasching-2016\/thumbs\/thumbs_WP_20160209_004.jpg\"\n\t\t\t\tdata-image-id=\"496\"\n\t\t\t\tdata-title=\"WP_20160209_004\"\n\t\t\t\tdata-description=\"\"\n\t\t\t\tdata-image-slug=\"wp_20160209_004\"\n\t\t\t\tclass=\"ngg-fancybox\" rel=\"69219459e2999c9a0f75a5e3983043d4\">\n\t\t\t\t<img\n\t\t\t\t\ttitle=\"WP_20160209_004\"\n\t\t\t\t\talt=\"WP_20160209_004\"\n\t\t\t\t\tsrc=\"https:\/\/grundschule-homberg.de\/wp\/wp-content\/gallery\/schulfasching-2016\/thumbs\/thumbs_WP_20160209_004.jpg\"\n\t\t\t\t\twidth=\"120\"\n\t\t\t\t\theight=\"90\"\n\t\t\t\t\tstyle=\"max-width:100%;\"\n\t\t\t\t\/>\n\t\t\t<\/a>\n\t\t<\/div>\n\t\t\t\t\t\t\t<\/div>\n\t\t\t\n\t\t\t\t<div id=\"ngg-image-2\" class=\"ngg-gallery-thumbnail-box\n\t\t\t\t\t\t\t\t\t\t\t\"\n\t\t\t>\n\t\t\t\t\t\t<div class=\"ngg-gallery-thumbnail\">\n\t\t\t<a href=\"https:\/\/grundschule-homberg.de\/wp\/wp-content\/gallery\/schulfasching-2016\/WP_20160209_010.jpg\"\n\t\t\t\ttitle=\"\"\n\t\t\t\tdata-src=\"https:\/\/grundschule-homberg.de\/wp\/wp-content\/gallery\/schulfasching-2016\/WP_20160209_010.jpg\"\n\t\t\t\tdata-thumbnail=\"https:\/\/grundschule-homberg.de\/wp\/wp-content\/gallery\/schulfasching-2016\/thumbs\/thumbs_WP_20160209_010.jpg\"\n\t\t\t\tdata-image-id=\"497\"\n\t\t\t\tdata-title=\"WP_20160209_010\"\n\t\t\t\tdata-description=\"\"\n\t\t\t\tdata-image-slug=\"wp_20160209_010\"\n\t\t\t\tclass=\"ngg-fancybox\" rel=\"69219459e2999c9a0f75a5e3983043d4\">\n\t\t\t\t<img\n\t\t\t\t\ttitle=\"WP_20160209_010\"\n\t\t\t\t\talt=\"WP_20160209_010\"\n\t\t\t\t\tsrc=\"https:\/\/grundschule-homberg.de\/wp\/wp-content\/gallery\/schulfasching-2016\/thumbs\/thumbs_WP_20160209_010.jpg\"\n\t\t\t\t\twidth=\"120\"\n\t\t\t\t\theight=\"90\"\n\t\t\t\t\tstyle=\"max-width:100%;\"\n\t\t\t\t\/>\n\t\t\t<\/a>\n\t\t<\/div>\n\t\t\t\t\t\t\t<\/div>\n\t\t\t\n\t\t\t\t<div id=\"ngg-image-3\" class=\"ngg-gallery-thumbnail-box\n\t\t\t\t\t\t\t\t\t\t\t\"\n\t\t\t>\n\t\t\t\t\t\t<div class=\"ngg-gallery-thumbnail\">\n\t\t\t<a href=\"https:\/\/grundschule-homberg.de\/wp\/wp-content\/gallery\/schulfasching-2016\/WP_20160209_013.jpg\"\n\t\t\t\ttitle=\"\"\n\t\t\t\tdata-src=\"https:\/\/grundschule-homberg.de\/wp\/wp-content\/gallery\/schulfasching-2016\/WP_20160209_013.jpg\"\n\t\t\t\tdata-thumbnail=\"https:\/\/grundschule-homberg.de\/wp\/wp-content\/gallery\/schulfasching-2016\/thumbs\/thumbs_WP_20160209_013.jpg\"\n\t\t\t\tdata-image-id=\"498\"\n\t\t\t\tdata-title=\"WP_20160209_013\"\n\t\t\t\tdata-description=\"\"\n\t\t\t\tdata-image-slug=\"wp_20160209_013\"\n\t\t\t\tclass=\"ngg-fancybox\" rel=\"69219459e2999c9a0f75a5e3983043d4\">\n\t\t\t\t<img\n\t\t\t\t\ttitle=\"WP_20160209_013\"\n\t\t\t\t\talt=\"WP_20160209_013\"\n\t\t\t\t\tsrc=\"https:\/\/grundschule-homberg.de\/wp\/wp-content\/gallery\/schulfasching-2016\/thumbs\/thumbs_WP_20160209_013.jpg\"\n\t\t\t\t\twidth=\"120\"\n\t\t\t\t\theight=\"90\"\n\t\t\t\t\tstyle=\"max-width:100%;\"\n\t\t\t\t\/>\n\t\t\t<\/a>\n\t\t<\/div>\n\t\t\t\t\t\t\t<\/div>\n\t\t\t\n\t\t\t\t<div id=\"ngg-image-4\" class=\"ngg-gallery-thumbnail-box\n\t\t\t\t\t\t\t\t\t\t\t\"\n\t\t\t>\n\t\t\t\t\t\t<div class=\"ngg-gallery-thumbnail\">\n\t\t\t<a href=\"https:\/\/grundschule-homberg.de\/wp\/wp-content\/gallery\/schulfasching-2016\/WP_20160209_015.jpg\"\n\t\t\t\ttitle=\"\"\n\t\t\t\tdata-src=\"https:\/\/grundschule-homberg.de\/wp\/wp-content\/gallery\/schulfasching-2016\/WP_20160209_015.jpg\"\n\t\t\t\tdata-thumbnail=\"https:\/\/grundschule-homberg.de\/wp\/wp-content\/gallery\/schulfasching-2016\/thumbs\/thumbs_WP_20160209_015.jpg\"\n\t\t\t\tdata-image-id=\"499\"\n\t\t\t\tdata-title=\"WP_20160209_015\"\n\t\t\t\tdata-description=\"\"\n\t\t\t\tdata-image-slug=\"wp_20160209_015\"\n\t\t\t\tclass=\"ngg-fancybox\" rel=\"69219459e2999c9a0f75a5e3983043d4\">\n\t\t\t\t<img\n\t\t\t\t\ttitle=\"WP_20160209_015\"\n\t\t\t\t\talt=\"WP_20160209_015\"\n\t\t\t\t\tsrc=\"https:\/\/grundschule-homberg.de\/wp\/wp-content\/gallery\/schulfasching-2016\/thumbs\/thumbs_WP_20160209_015.jpg\"\n\t\t\t\t\twidth=\"120\"\n\t\t\t\t\theight=\"90\"\n\t\t\t\t\tstyle=\"max-width:100%;\"\n\t\t\t\t\/>\n\t\t\t<\/a>\n\t\t<\/div>\n\t\t\t\t\t\t\t<\/div>\n\t\t\t\n\t\t\t\t<div id=\"ngg-image-5\" class=\"ngg-gallery-thumbnail-box\n\t\t\t\t\t\t\t\t\t\t\t\"\n\t\t\t>\n\t\t\t\t\t\t<div class=\"ngg-gallery-thumbnail\">\n\t\t\t<a href=\"https:\/\/grundschule-homberg.de\/wp\/wp-content\/gallery\/schulfasching-2016\/WP_20160209_016.jpg\"\n\t\t\t\ttitle=\"\"\n\t\t\t\tdata-src=\"https:\/\/grundschule-homberg.de\/wp\/wp-content\/gallery\/schulfasching-2016\/WP_20160209_016.jpg\"\n\t\t\t\tdata-thumbnail=\"https:\/\/grundschule-homberg.de\/wp\/wp-content\/gallery\/schulfasching-2016\/thumbs\/thumbs_WP_20160209_016.jpg\"\n\t\t\t\tdata-image-id=\"500\"\n\t\t\t\tdata-title=\"WP_20160209_016\"\n\t\t\t\tdata-description=\"\"\n\t\t\t\tdata-image-slug=\"wp_20160209_016\"\n\t\t\t\tclass=\"ngg-fancybox\" rel=\"69219459e2999c9a0f75a5e3983043d4\">\n\t\t\t\t<img\n\t\t\t\t\ttitle=\"WP_20160209_016\"\n\t\t\t\t\talt=\"WP_20160209_016\"\n\t\t\t\t\tsrc=\"https:\/\/grundschule-homberg.de\/wp\/wp-content\/gallery\/schulfasching-2016\/thumbs\/thumbs_WP_20160209_016.jpg\"\n\t\t\t\t\twidth=\"120\"\n\t\t\t\t\theight=\"90\"\n\t\t\t\t\tstyle=\"max-width:100%;\"\n\t\t\t\t\/>\n\t\t\t<\/a>\n\t\t<\/div>\n\t\t\t\t\t\t\t<\/div>\n\t\t\t\n\t\t\t\t<div id=\"ngg-image-6\" class=\"ngg-gallery-thumbnail-box\n\t\t\t\t\t\t\t\t\t\t\t\"\n\t\t\t>\n\t\t\t\t\t\t<div class=\"ngg-gallery-thumbnail\">\n\t\t\t<a href=\"https:\/\/grundschule-homberg.de\/wp\/wp-content\/gallery\/schulfasching-2016\/WP_20160209_019.jpg\"\n\t\t\t\ttitle=\"\"\n\t\t\t\tdata-src=\"https:\/\/grundschule-homberg.de\/wp\/wp-content\/gallery\/schulfasching-2016\/WP_20160209_019.jpg\"\n\t\t\t\tdata-thumbnail=\"https:\/\/grundschule-homberg.de\/wp\/wp-content\/gallery\/schulfasching-2016\/thumbs\/thumbs_WP_20160209_019.jpg\"\n\t\t\t\tdata-image-id=\"501\"\n\t\t\t\tdata-title=\"WP_20160209_019\"\n\t\t\t\tdata-description=\"\"\n\t\t\t\tdata-image-slug=\"wp_20160209_019\"\n\t\t\t\tclass=\"ngg-fancybox\" rel=\"69219459e2999c9a0f75a5e3983043d4\">\n\t\t\t\t<img\n\t\t\t\t\ttitle=\"WP_20160209_019\"\n\t\t\t\t\talt=\"WP_20160209_019\"\n\t\t\t\t\tsrc=\"https:\/\/grundschule-homberg.de\/wp\/wp-content\/gallery\/schulfasching-2016\/thumbs\/thumbs_WP_20160209_019.jpg\"\n\t\t\t\t\twidth=\"120\"\n\t\t\t\t\theight=\"90\"\n\t\t\t\t\tstyle=\"max-width:100%;\"\n\t\t\t\t\/>\n\t\t\t<\/a>\n\t\t<\/div>\n\t\t\t\t\t\t\t<\/div>\n\t\t\t\n\t\t\t\t<div id=\"ngg-image-7\" class=\"ngg-gallery-thumbnail-box\n\t\t\t\t\t\t\t\t\t\t\t\"\n\t\t\t>\n\t\t\t\t\t\t<div class=\"ngg-gallery-thumbnail\">\n\t\t\t<a href=\"https:\/\/grundschule-homberg.de\/wp\/wp-content\/gallery\/schulfasching-2016\/WP_20160209_022.jpg\"\n\t\t\t\ttitle=\"\"\n\t\t\t\tdata-src=\"https:\/\/grundschule-homberg.de\/wp\/wp-content\/gallery\/schulfasching-2016\/WP_20160209_022.jpg\"\n\t\t\t\tdata-thumbnail=\"https:\/\/grundschule-homberg.de\/wp\/wp-content\/gallery\/schulfasching-2016\/thumbs\/thumbs_WP_20160209_022.jpg\"\n\t\t\t\tdata-image-id=\"502\"\n\t\t\t\tdata-title=\"WP_20160209_022\"\n\t\t\t\tdata-description=\"\"\n\t\t\t\tdata-image-slug=\"wp_20160209_022\"\n\t\t\t\tclass=\"ngg-fancybox\" rel=\"69219459e2999c9a0f75a5e3983043d4\">\n\t\t\t\t<img\n\t\t\t\t\ttitle=\"WP_20160209_022\"\n\t\t\t\t\talt=\"WP_20160209_022\"\n\t\t\t\t\tsrc=\"https:\/\/grundschule-homberg.de\/wp\/wp-content\/gallery\/schulfasching-2016\/thumbs\/thumbs_WP_20160209_022.jpg\"\n\t\t\t\t\twidth=\"120\"\n\t\t\t\t\theight=\"90\"\n\t\t\t\t\tstyle=\"max-width:100%;\"\n\t\t\t\t\/>\n\t\t\t<\/a>\n\t\t<\/div>\n\t\t\t\t\t\t\t<\/div>\n\t\t\t\n\t\t\t\t<div id=\"ngg-image-8\" class=\"ngg-gallery-thumbnail-box\n\t\t\t\t\t\t\t\t\t\t\t\"\n\t\t\t>\n\t\t\t\t\t\t<div class=\"ngg-gallery-thumbnail\">\n\t\t\t<a href=\"https:\/\/grundschule-homberg.de\/wp\/wp-content\/gallery\/schulfasching-2016\/WP_20160209_029.jpg\"\n\t\t\t\ttitle=\"\"\n\t\t\t\tdata-src=\"https:\/\/grundschule-homberg.de\/wp\/wp-content\/gallery\/schulfasching-2016\/WP_20160209_029.jpg\"\n\t\t\t\tdata-thumbnail=\"https:\/\/grundschule-homberg.de\/wp\/wp-content\/gallery\/schulfasching-2016\/thumbs\/thumbs_WP_20160209_029.jpg\"\n\t\t\t\tdata-image-id=\"503\"\n\t\t\t\tdata-title=\"WP_20160209_029\"\n\t\t\t\tdata-description=\"\"\n\t\t\t\tdata-image-slug=\"wp_20160209_029\"\n\t\t\t\tclass=\"ngg-fancybox\" rel=\"69219459e2999c9a0f75a5e3983043d4\">\n\t\t\t\t<img\n\t\t\t\t\ttitle=\"WP_20160209_029\"\n\t\t\t\t\talt=\"WP_20160209_029\"\n\t\t\t\t\tsrc=\"https:\/\/grundschule-homberg.de\/wp\/wp-content\/gallery\/schulfasching-2016\/thumbs\/thumbs_WP_20160209_029.jpg\"\n\t\t\t\t\twidth=\"120\"\n\t\t\t\t\theight=\"90\"\n\t\t\t\t\tstyle=\"max-width:100%;\"\n\t\t\t\t\/>\n\t\t\t<\/a>\n\t\t<\/div>\n\t\t\t\t\t\t\t<\/div>\n\t\t\t\n\t\t\t\t<div id=\"ngg-image-9\" class=\"ngg-gallery-thumbnail-box\n\t\t\t\t\t\t\t\t\t\t\t\"\n\t\t\t>\n\t\t\t\t\t\t<div class=\"ngg-gallery-thumbnail\">\n\t\t\t<a href=\"https:\/\/grundschule-homberg.de\/wp\/wp-content\/gallery\/schulfasching-2016\/WP_20160209_031.jpg\"\n\t\t\t\ttitle=\"\"\n\t\t\t\tdata-src=\"https:\/\/grundschule-homberg.de\/wp\/wp-content\/gallery\/schulfasching-2016\/WP_20160209_031.jpg\"\n\t\t\t\tdata-thumbnail=\"https:\/\/grundschule-homberg.de\/wp\/wp-content\/gallery\/schulfasching-2016\/thumbs\/thumbs_WP_20160209_031.jpg\"\n\t\t\t\tdata-image-id=\"504\"\n\t\t\t\tdata-title=\"WP_20160209_031\"\n\t\t\t\tdata-description=\"\"\n\t\t\t\tdata-image-slug=\"wp_20160209_031\"\n\t\t\t\tclass=\"ngg-fancybox\" rel=\"69219459e2999c9a0f75a5e3983043d4\">\n\t\t\t\t<img\n\t\t\t\t\ttitle=\"WP_20160209_031\"\n\t\t\t\t\talt=\"WP_20160209_031\"\n\t\t\t\t\tsrc=\"https:\/\/grundschule-homberg.de\/wp\/wp-content\/gallery\/schulfasching-2016\/thumbs\/thumbs_WP_20160209_031.jpg\"\n\t\t\t\t\twidth=\"120\"\n\t\t\t\t\theight=\"90\"\n\t\t\t\t\tstyle=\"max-width:100%;\"\n\t\t\t\t\/>\n\t\t\t<\/a>\n\t\t<\/div>\n\t\t\t\t\t\t\t<\/div>\n\t\t\t\n\t\t\t\t<div id=\"ngg-image-10\" class=\"ngg-gallery-thumbnail-box\n\t\t\t\t\t\t\t\t\t\t\t\"\n\t\t\t>\n\t\t\t\t\t\t<div class=\"ngg-gallery-thumbnail\">\n\t\t\t<a href=\"https:\/\/grundschule-homberg.de\/wp\/wp-content\/gallery\/schulfasching-2016\/WP_20160209_048.jpg\"\n\t\t\t\ttitle=\"\"\n\t\t\t\tdata-src=\"https:\/\/grundschule-homberg.de\/wp\/wp-content\/gallery\/schulfasching-2016\/WP_20160209_048.jpg\"\n\t\t\t\tdata-thumbnail=\"https:\/\/grundschule-homberg.de\/wp\/wp-content\/gallery\/schulfasching-2016\/thumbs\/thumbs_WP_20160209_048.jpg\"\n\t\t\t\tdata-image-id=\"505\"\n\t\t\t\tdata-title=\"WP_20160209_048\"\n\t\t\t\tdata-description=\"\"\n\t\t\t\tdata-image-slug=\"wp_20160209_048\"\n\t\t\t\tclass=\"ngg-fancybox\" rel=\"69219459e2999c9a0f75a5e3983043d4\">\n\t\t\t\t<img\n\t\t\t\t\ttitle=\"WP_20160209_048\"\n\t\t\t\t\talt=\"WP_20160209_048\"\n\t\t\t\t\tsrc=\"https:\/\/grundschule-homberg.de\/wp\/wp-content\/gallery\/schulfasching-2016\/thumbs\/thumbs_WP_20160209_048.jpg\"\n\t\t\t\t\twidth=\"120\"\n\t\t\t\t\theight=\"90\"\n\t\t\t\t\tstyle=\"max-width:100%;\"\n\t\t\t\t\/>\n\t\t\t<\/a>\n\t\t<\/div>\n\t\t\t\t\t\t\t<\/div>\n\t\t\t\n\t\t\t\t<div id=\"ngg-image-11\" class=\"ngg-gallery-thumbnail-box\n\t\t\t\t\t\t\t\t\t\t\t\"\n\t\t\t>\n\t\t\t\t\t\t<div class=\"ngg-gallery-thumbnail\">\n\t\t\t<a href=\"https:\/\/grundschule-homberg.de\/wp\/wp-content\/gallery\/schulfasching-2016\/WP_20160209_052.jpg\"\n\t\t\t\ttitle=\"\"\n\t\t\t\tdata-src=\"https:\/\/grundschule-homberg.de\/wp\/wp-content\/gallery\/schulfasching-2016\/WP_20160209_052.jpg\"\n\t\t\t\tdata-thumbnail=\"https:\/\/grundschule-homberg.de\/wp\/wp-content\/gallery\/schulfasching-2016\/thumbs\/thumbs_WP_20160209_052.jpg\"\n\t\t\t\tdata-image-id=\"506\"\n\t\t\t\tdata-title=\"WP_20160209_052\"\n\t\t\t\tdata-description=\"\"\n\t\t\t\tdata-image-slug=\"wp_20160209_052\"\n\t\t\t\tclass=\"ngg-fancybox\" rel=\"69219459e2999c9a0f75a5e3983043d4\">\n\t\t\t\t<img\n\t\t\t\t\ttitle=\"WP_20160209_052\"\n\t\t\t\t\talt=\"WP_20160209_052\"\n\t\t\t\t\tsrc=\"https:\/\/grundschule-homberg.de\/wp\/wp-content\/gallery\/schulfasching-2016\/thumbs\/thumbs_WP_20160209_052.jpg\"\n\t\t\t\t\twidth=\"120\"\n\t\t\t\t\theight=\"90\"\n\t\t\t\t\tstyle=\"max-width:100%;\"\n\t\t\t\t\/>\n\t\t\t<\/a>\n\t\t<\/div>\n\t\t\t\t\t\t\t<\/div>\n\t\t\t\n\t\n\t<br style=\"clear: both\" \/>\n\n\t\t<div class=\"slideshowlink\">\n\t\t<a href='https:\/\/grundschule-homberg.de\/wp\/index.php\/nggallery\/slideshow?p=220274'>[Show slideshow]<\/a>\n\n\t<\/div>\n\t\n\t\t<!-- Pagination -->\n\t\t<div class='ngg-clear'><\/div>\t<\/div>\n<\/p>\n","protected":false},"excerpt":{"rendered":"<p>Am Dienstag, dem 9.2.2016, fand wieder die gro\u00dfe Schulfaschingsparty in der Turnhalle statt. Die Grundschulkinder hatten viel Spa\u00df bei Musik, Tanz und Vortr\u00e4gen. Zu sehen und zu h\u00f6ren gab es die Boomwhacker- AG, T\u00e4nze der HSC Minis und der Teenie-Garde, die Fl\u00f6tengruppe der Viertkl\u00e4ssler, den Chor, die Garde aus Maulbach und das Tanzmariechen Laura. Durch &hellip; <a href=\"https:\/\/grundschule-homberg.de\/wp\/?p=220274\" class=\"more-link\"><span class=\"screen-reader-text\">Schulfasching 2016<\/span> weiterlesen <span class=\"meta-nav\">&rarr;<\/span><\/a><\/p>\n","protected":false},"author":1,"featured_media":220305,"comment_status":"closed","ping_status":"closed","sticky":false,"template":"","format":"standard","meta":{"ngg_post_thumbnail":0,"_jetpack_memberships_contains_paid_content":false,"footnotes":""},"categories":[1,20],"tags":[],"class_list":["post-220274","post","type-post","status-publish","format-standard","has-post-thumbnail","hentry","category-allgemein","category-schulleben"],"jetpack_featured_media_url":"https:\/\/i0.wp.com\/grundschule-homberg.de\/wp\/wp-content\/uploads\/2016\/02\/k-WP_20160209_004.jpg?fit=1024%2C768&ssl=1","jetpack_shortlink":"https:\/\/wp.me\/p3XuEZ-ViO","jetpack-related-posts":[],"jetpack_sharing_enabled":true,"_links":{"self":[{"href":"https:\/\/grundschule-homberg.de\/wp\/index.php?rest_route=\/wp\/v2\/posts\/220274","targetHints":{"allow":["GET"]}}],"collection":[{"href":"https:\/\/grundschule-homberg.de\/wp\/index.php?rest_route=\/wp\/v2\/posts"}],"about":[{"href":"https:\/\/grundschule-homberg.de\/wp\/index.php?rest_route=\/wp\/v2\/types\/post"}],"author":[{"embeddable":true,"href":"https:\/\/grundschule-homberg.de\/wp\/index.php?rest_route=\/wp\/v2\/users\/1"}],"replies":[{"embeddable":true,"href":"https:\/\/grundschule-homberg.de\/wp\/index.php?rest_route=%2Fwp%2Fv2%2Fcomments&post=220274"}],"version-history":[{"count":3,"href":"https:\/\/grundschule-homberg.de\/wp\/index.php?rest_route=\/wp\/v2\/posts\/220274\/revisions"}],"predecessor-version":[{"id":220307,"href":"https:\/\/grundschule-homberg.de\/wp\/index.php?rest_route=\/wp\/v2\/posts\/220274\/revisions\/220307"}],"wp:featuredmedia":[{"embeddable":true,"href":"https:\/\/grundschule-homberg.de\/wp\/index.php?rest_route=\/wp\/v2\/media\/220305"}],"wp:attachment":[{"href":"https:\/\/grundschule-homberg.de\/wp\/index.php?rest_route=%2Fwp%2Fv2%2Fmedia&parent=220274"}],"wp:term":[{"taxonomy":"category","embeddable":true,"href":"https:\/\/grundschule-homberg.de\/wp\/index.php?rest_route=%2Fwp%2Fv2%2Fcategories&post=220274"},{"taxonomy":"post_tag","embeddable":true,"href":"https:\/\/grundschule-homberg.de\/wp\/index.php?rest_route=%2Fwp%2Fv2%2Ftags&post=220274"}],"curies":[{"name":"wp","href":"https:\/\/api.w.org\/{rel}","templated":true}]}}