{"id":220308,"date":"2016-02-17T23:10:05","date_gmt":"2016-02-17T22:10:05","guid":{"rendered":"http:\/\/grundschule-homberg.de\/wp\/?p=220308"},"modified":"2016-02-17T23:10:05","modified_gmt":"2016-02-17T22:10:05","slug":"einladung-zur-jahreshauptversammlung-des-foerdervereins-der-grundschule-homberg","status":"publish","type":"post","link":"https:\/\/grundschule-homberg.de\/wp\/?p=220308","title":{"rendered":"Einladung zur Jahreshauptversammlung des F\u00f6rdervereins der Grundschule Homberg"},"content":{"rendered":"<p>Der Vorstand des F\u00f6rdervereins der Grundschule Homberg l\u00e4dt hiermit alle Mitglieder und Interesierte zur Jahreshauptversammlung am 26.02.2016 um 20:00 Uhr in die Gastst\u00e4tte G\u00fcnthersteinerhof ein.<\/p>\n<p>Tagesordnung:<\/p>\n<p>1. Begr\u00fc\u00dfung<\/p>\n<p>2. Bericht \u00fcber Vereinsaktivit\u00e4ten des vergangenen Jahres<\/p>\n<p>3. Bericht Rechner<\/p>\n<p>4. Bericht Rechnungspr\u00fcfer<\/p>\n<p>5. Entlastung des Vorstandes<\/p>\n<p>6. Wahl Rechnungspr\u00fcfer<\/p>\n<p>7. Verschiedenes<\/p>\n<p>Der Vorstand<\/p>\n","protected":false},"excerpt":{"rendered":"<p>Der Vorstand des F\u00f6rdervereins der Grundschule Homberg l\u00e4dt hiermit alle Mitglieder und Interesierte zur Jahreshauptversammlung am 26.02.2016 um 20:00 Uhr in die Gastst\u00e4tte G\u00fcnthersteinerhof ein. Tagesordnung: 1. Begr\u00fc\u00dfung 2. Bericht \u00fcber Vereinsaktivit\u00e4ten des vergangenen Jahres 3. Bericht Rechner 4. Bericht Rechnungspr\u00fcfer 5. Entlastung des Vorstandes 6. Wahl Rechnungspr\u00fcfer 7. Verschiedenes Der Vorstand<\/p>\n","protected":false},"author":1,"featured_media":13550,"comment_status":"closed","ping_status":"closed","sticky":false,"template":"","format":"standard","meta":{"ngg_post_thumbnail":0,"_jetpack_memberships_contains_paid_content":false,"footnotes":""},"categories":[1,5],"tags":[],"class_list":["post-220308","post","type-post","status-publish","format-standard","has-post-thumbnail","hentry","category-allgemein","category-foerderverein"],"jetpack_featured_media_url":"https:\/\/i0.wp.com\/grundschule-homberg.de\/wp\/wp-content\/uploads\/logo-gestaltet-von-tina-gerdes.jpg?fit=359%2C360&ssl=1","jetpack_shortlink":"https:\/\/wp.me\/p3XuEZ-Vjm","jetpack-related-posts":[],"jetpack_sharing_enabled":true,"_links":{"self":[{"href":"https:\/\/grundschule-homberg.de\/wp\/index.php?rest_route=\/wp\/v2\/posts\/220308","targetHints":{"allow":["GET"]}}],"collection":[{"href":"https:\/\/grundschule-homberg.de\/wp\/index.php?rest_route=\/wp\/v2\/posts"}],"about":[{"href":"https:\/\/grundschule-homberg.de\/wp\/index.php?rest_route=\/wp\/v2\/types\/post"}],"author":[{"embeddable":true,"href":"https:\/\/grundschule-homberg.de\/wp\/index.php?rest_route=\/wp\/v2\/users\/1"}],"replies":[{"embeddable":true,"href":"https:\/\/grundschule-homberg.de\/wp\/index.php?rest_route=%2Fwp%2Fv2%2Fcomments&post=220308"}],"version-history":[{"count":1,"href":"https:\/\/grundschule-homberg.de\/wp\/index.php?rest_route=\/wp\/v2\/posts\/220308\/revisions"}],"predecessor-version":[{"id":220309,"href":"https:\/\/grundschule-homberg.de\/wp\/index.php?rest_route=\/wp\/v2\/posts\/220308\/revisions\/220309"}],"wp:featuredmedia":[{"embeddable":true,"href":"https:\/\/grundschule-homberg.de\/wp\/index.php?rest_route=\/wp\/v2\/media\/13550"}],"wp:attachment":[{"href":"https:\/\/grundschule-homberg.de\/wp\/index.php?rest_route=%2Fwp%2Fv2%2Fmedia&parent=220308"}],"wp:term":[{"taxonomy":"category","embeddable":true,"href":"https:\/\/grundschule-homberg.de\/wp\/index.php?rest_route=%2Fwp%2Fv2%2Fcategories&post=220308"},{"taxonomy":"post_tag","embeddable":true,"href":"https:\/\/grundschule-homberg.de\/wp\/index.php?rest_route=%2Fwp%2Fv2%2Ftags&post=220308"}],"curies":[{"name":"wp","href":"https:\/\/api.w.org\/{rel}","templated":true}]}}