{"id":220369,"date":"2016-03-18T21:04:59","date_gmt":"2016-03-18T20:04:59","guid":{"rendered":"http:\/\/grundschule-homberg.de\/wp\/?p=220369"},"modified":"2016-03-22T18:23:01","modified_gmt":"2016-03-22T17:23:01","slug":"220369","status":"publish","type":"post","link":"https:\/\/grundschule-homberg.de\/wp\/?p=220369","title":{"rendered":"Natur- AG"},"content":{"rendered":"<p>Im zweiten Schulhalbjahr haben sich die Kinder der Natur AG zuerst mit unserem Wald und seinen Tieren besch\u00e4ftigt.<\/p>\n<p>Am 11.03. waren wir dann im Wald an der Buchholzbr\u00fccke.<\/p>\n<p>Die F\u00f6rsterin Frau M\u00e4vers hat uns begleitet und uns junge B\u00e4ume gezeigt, die wir ausgraben durften.<\/p>\n<p>Eine Woche sp\u00e4ter pflanzten wir die B\u00e4ume auf dem Schulgel\u00e4nde ein.<\/p>\n<p>Die Fichten, eine Kirsche, eine Hainbuche, eine kleine Kastanie und eine Kiefer werden hoffentlich gut anwachsen und unsere Schule versch\u00f6nern.<\/p>\n<p>Vielen Dank an Frau M\u00e4vers und Herrn Lanz, die uns so tatkr\u00e4ftig unterst\u00fctzt haben.<\/p>\n<p>Brigitte Biedenkapp (AG- Leiterin)<\/p>\n<p><a href=\"https:\/\/i0.wp.com\/grundschule-homberg.de\/wp\/wp-content\/uploads\/2016\/03\/k-WP_20160318_002.jpg\" rel=\"attachment wp-att-220370\"><img data-recalc-dims=\"1\" loading=\"lazy\" decoding=\"async\" class=\"alignleft size-medium wp-image-220370\" src=\"https:\/\/i0.wp.com\/grundschule-homberg.de\/wp\/wp-content\/uploads\/2016\/03\/k-WP_20160318_002-225x300.jpg?resize=225%2C300\" alt=\"k-WP_20160318_002\" width=\"225\" height=\"300\" srcset=\"https:\/\/i0.wp.com\/grundschule-homberg.de\/wp\/wp-content\/uploads\/2016\/03\/k-WP_20160318_002.jpg?resize=225%2C300&amp;ssl=1 225w, https:\/\/i0.wp.com\/grundschule-homberg.de\/wp\/wp-content\/uploads\/2016\/03\/k-WP_20160318_002.jpg?resize=113%2C150&amp;ssl=1 113w, https:\/\/i0.wp.com\/grundschule-homberg.de\/wp\/wp-content\/uploads\/2016\/03\/k-WP_20160318_002.jpg?w=768&amp;ssl=1 768w\" sizes=\"auto, (max-width: 225px) 100vw, 225px\" \/><\/a> <a href=\"https:\/\/i0.wp.com\/grundschule-homberg.de\/wp\/wp-content\/uploads\/2016\/03\/k-WP_20160318_003.jpg\" rel=\"attachment wp-att-220371\"><img data-recalc-dims=\"1\" loading=\"lazy\" decoding=\"async\" class=\"alignleft size-medium wp-image-220371\" src=\"https:\/\/i0.wp.com\/grundschule-homberg.de\/wp\/wp-content\/uploads\/2016\/03\/k-WP_20160318_003-300x225.jpg?resize=300%2C225\" alt=\"k-WP_20160318_003\" width=\"300\" height=\"225\" srcset=\"https:\/\/i0.wp.com\/grundschule-homberg.de\/wp\/wp-content\/uploads\/2016\/03\/k-WP_20160318_003.jpg?resize=300%2C225&amp;ssl=1 300w, https:\/\/i0.wp.com\/grundschule-homberg.de\/wp\/wp-content\/uploads\/2016\/03\/k-WP_20160318_003.jpg?resize=150%2C113&amp;ssl=1 150w, https:\/\/i0.wp.com\/grundschule-homberg.de\/wp\/wp-content\/uploads\/2016\/03\/k-WP_20160318_003.jpg?resize=768%2C576&amp;ssl=1 768w, https:\/\/i0.wp.com\/grundschule-homberg.de\/wp\/wp-content\/uploads\/2016\/03\/k-WP_20160318_003.jpg?w=1024&amp;ssl=1 1024w\" sizes=\"auto, (max-width: 300px) 100vw, 300px\" \/><\/a><\/p>\n","protected":false},"excerpt":{"rendered":"<p>Im zweiten Schulhalbjahr haben sich die Kinder der Natur AG zuerst mit unserem Wald und seinen Tieren besch\u00e4ftigt. Am 11.03. waren wir dann im Wald an der Buchholzbr\u00fccke. Die F\u00f6rsterin Frau M\u00e4vers hat uns begleitet und uns junge B\u00e4ume gezeigt, die wir ausgraben durften. Eine Woche sp\u00e4ter pflanzten wir die B\u00e4ume auf dem Schulgel\u00e4nde ein. &hellip; <a href=\"https:\/\/grundschule-homberg.de\/wp\/?p=220369\" class=\"more-link\"><span class=\"screen-reader-text\">Natur- AG<\/span> weiterlesen <span class=\"meta-nav\">&rarr;<\/span><\/a><\/p>\n","protected":false},"author":1,"featured_media":220370,"comment_status":"closed","ping_status":"closed","sticky":false,"template":"","format":"standard","meta":{"ngg_post_thumbnail":0,"_jetpack_memberships_contains_paid_content":false,"footnotes":""},"categories":[25,1],"tags":[],"class_list":["post-220369","post","type-post","status-publish","format-standard","has-post-thumbnail","hentry","category-ags","category-allgemein"],"jetpack_featured_media_url":"https:\/\/i0.wp.com\/grundschule-homberg.de\/wp\/wp-content\/uploads\/2016\/03\/k-WP_20160318_002.jpg?fit=768%2C1024&ssl=1","jetpack_shortlink":"https:\/\/wp.me\/s3XuEZ-220369","jetpack-related-posts":[],"jetpack_sharing_enabled":true,"_links":{"self":[{"href":"https:\/\/grundschule-homberg.de\/wp\/index.php?rest_route=\/wp\/v2\/posts\/220369","targetHints":{"allow":["GET"]}}],"collection":[{"href":"https:\/\/grundschule-homberg.de\/wp\/index.php?rest_route=\/wp\/v2\/posts"}],"about":[{"href":"https:\/\/grundschule-homberg.de\/wp\/index.php?rest_route=\/wp\/v2\/types\/post"}],"author":[{"embeddable":true,"href":"https:\/\/grundschule-homberg.de\/wp\/index.php?rest_route=\/wp\/v2\/users\/1"}],"replies":[{"embeddable":true,"href":"https:\/\/grundschule-homberg.de\/wp\/index.php?rest_route=%2Fwp%2Fv2%2Fcomments&post=220369"}],"version-history":[{"count":2,"href":"https:\/\/grundschule-homberg.de\/wp\/index.php?rest_route=\/wp\/v2\/posts\/220369\/revisions"}],"predecessor-version":[{"id":220397,"href":"https:\/\/grundschule-homberg.de\/wp\/index.php?rest_route=\/wp\/v2\/posts\/220369\/revisions\/220397"}],"wp:featuredmedia":[{"embeddable":true,"href":"https:\/\/grundschule-homberg.de\/wp\/index.php?rest_route=\/wp\/v2\/media\/220370"}],"wp:attachment":[{"href":"https:\/\/grundschule-homberg.de\/wp\/index.php?rest_route=%2Fwp%2Fv2%2Fmedia&parent=220369"}],"wp:term":[{"taxonomy":"category","embeddable":true,"href":"https:\/\/grundschule-homberg.de\/wp\/index.php?rest_route=%2Fwp%2Fv2%2Fcategories&post=220369"},{"taxonomy":"post_tag","embeddable":true,"href":"https:\/\/grundschule-homberg.de\/wp\/index.php?rest_route=%2Fwp%2Fv2%2Ftags&post=220369"}],"curies":[{"name":"wp","href":"https:\/\/api.w.org\/{rel}","templated":true}]}}