{"id":220373,"date":"2016-03-22T18:14:19","date_gmt":"2016-03-22T17:14:19","guid":{"rendered":"http:\/\/grundschule-homberg.de\/wp\/?p=220373"},"modified":"2016-03-22T18:21:25","modified_gmt":"2016-03-22T17:21:25","slug":"ostern-steht-vor-der-tuer-kunstprojekt-mit-den-schlosspatrioten","status":"publish","type":"post","link":"https:\/\/grundschule-homberg.de\/wp\/?p=220373","title":{"rendered":"Ostern steht vor der T\u00fcr  &#8211; Kunstprojekt mit den Schlosspatrioten"},"content":{"rendered":"<p>Kinder der vierten Klassen haben f\u00fcr den Garten am Homberger Schloss bunte, phantasievolle H\u00fchner gestaltet.<\/p>\n<p>Das Material\u00a0 wurde von den Schlosspatrioten gestellt, die Kinder bemalten die H\u00fchner in der letzten Woche in der Schule nach ihren Entw\u00fcrfen.<\/p>\n<p>Am Montag wurde der gesamte \u201aH\u00fchnerstall\u2018 zum Schloss gebracht und von den Schlosspatrioten mit viel Spa\u00df in Empfang genommen.<\/p>\n<p>Die H\u00fchner bev\u00f6lkern in der n\u00e4chsten Zeit das Schlossgel\u00e4nde und werden hoffentlich viel besucht und bestaunt.<br \/>\n\n<div class=\"ngg-galleryoverview ngg-slideshow\"\n\tid=\"ngg-slideshow-af4fa1e8040c17234c4d13de14a697da-6224375870\"\n\tdata-gallery-id=\"af4fa1e8040c17234c4d13de14a697da\"\n\tstyle=\"max-width: 600px;\n\t\t\tmax-height: 400px;\n\t\t\tdisplay: none;\">\n\n\t\n\t\t<a href=\"https:\/\/grundschule-homberg.de\/wp\/wp-content\/gallery\/Kunstprojekt%20mit%20den%20Schlosspatrioten%202016\/IMG-20160321-WA0009.jpg\"\n\t\t\ttitle=\"\"\n\t\t\tdata-src=\"https:\/\/grundschule-homberg.de\/wp\/wp-content\/gallery\/Kunstprojekt%20mit%20den%20Schlosspatrioten%202016\/IMG-20160321-WA0009.jpg\"\n\t\t\tdata-thumbnail=\"https:\/\/grundschule-homberg.de\/wp\/wp-content\/gallery\/Kunstprojekt%20mit%20den%20Schlosspatrioten%202016\/thumbs\/thumbs_IMG-20160321-WA0009.jpg\"\n\t\t\tdata-image-id=\"527\"\n\t\t\tdata-title=\"IMG-20160321-WA0009\"\n\t\t\tdata-description=\"\"\n\t\t\tclass=\"ngg-fancybox\" rel=\"af4fa1e8040c17234c4d13de14a697da\">\n\n\t\t\t<img data-image-id='527'\n\t\t\t\ttitle=\"\"\n\t\t\t\talt=\"IMG-20160321-WA0009\"\n\t\t\t\tsrc=\"https:\/\/grundschule-homberg.de\/wp\/wp-content\/gallery\/Kunstprojekt%20mit%20den%20Schlosspatrioten%202016\/IMG-20160321-WA0009.jpg\"\n\t\t\t\tstyle=\"max-height: 380px;\"\/>\n\t\t<\/a>\n\n\t\t\n\t\t<a href=\"https:\/\/grundschule-homberg.de\/wp\/wp-content\/gallery\/Kunstprojekt%20mit%20den%20Schlosspatrioten%202016\/IMG-20160321-WA0006.jpg\"\n\t\t\ttitle=\"\"\n\t\t\tdata-src=\"https:\/\/grundschule-homberg.de\/wp\/wp-content\/gallery\/Kunstprojekt%20mit%20den%20Schlosspatrioten%202016\/IMG-20160321-WA0006.jpg\"\n\t\t\tdata-thumbnail=\"https:\/\/grundschule-homberg.de\/wp\/wp-content\/gallery\/Kunstprojekt%20mit%20den%20Schlosspatrioten%202016\/thumbs\/thumbs_IMG-20160321-WA0006.jpg\"\n\t\t\tdata-image-id=\"528\"\n\t\t\tdata-title=\"IMG-20160321-WA0006\"\n\t\t\tdata-description=\"\"\n\t\t\tclass=\"ngg-fancybox\" rel=\"af4fa1e8040c17234c4d13de14a697da\">\n\n\t\t\t<img data-image-id='528'\n\t\t\t\ttitle=\"\"\n\t\t\t\talt=\"IMG-20160321-WA0006\"\n\t\t\t\tsrc=\"https:\/\/grundschule-homberg.de\/wp\/wp-content\/gallery\/Kunstprojekt%20mit%20den%20Schlosspatrioten%202016\/IMG-20160321-WA0006.jpg\"\n\t\t\t\tstyle=\"max-height: 380px;\"\/>\n\t\t<\/a>\n\n\t\t\n\t\t<a href=\"https:\/\/grundschule-homberg.de\/wp\/wp-content\/gallery\/Kunstprojekt%20mit%20den%20Schlosspatrioten%202016\/IMG-20160321-WA0003.jpg\"\n\t\t\ttitle=\"\"\n\t\t\tdata-src=\"https:\/\/grundschule-homberg.de\/wp\/wp-content\/gallery\/Kunstprojekt%20mit%20den%20Schlosspatrioten%202016\/IMG-20160321-WA0003.jpg\"\n\t\t\tdata-thumbnail=\"https:\/\/grundschule-homberg.de\/wp\/wp-content\/gallery\/Kunstprojekt%20mit%20den%20Schlosspatrioten%202016\/thumbs\/thumbs_IMG-20160321-WA0003.jpg\"\n\t\t\tdata-image-id=\"529\"\n\t\t\tdata-title=\"IMG-20160321-WA0003\"\n\t\t\tdata-description=\"\"\n\t\t\tclass=\"ngg-fancybox\" rel=\"af4fa1e8040c17234c4d13de14a697da\">\n\n\t\t\t<img data-image-id='529'\n\t\t\t\ttitle=\"\"\n\t\t\t\talt=\"IMG-20160321-WA0003\"\n\t\t\t\tsrc=\"https:\/\/grundschule-homberg.de\/wp\/wp-content\/gallery\/Kunstprojekt%20mit%20den%20Schlosspatrioten%202016\/IMG-20160321-WA0003.jpg\"\n\t\t\t\tstyle=\"max-height: 380px;\"\/>\n\t\t<\/a>\n\n\t\t\n\t\t<a href=\"https:\/\/grundschule-homberg.de\/wp\/wp-content\/gallery\/Kunstprojekt%20mit%20den%20Schlosspatrioten%202016\/IMG-20160321-WA0008.jpg\"\n\t\t\ttitle=\"\"\n\t\t\tdata-src=\"https:\/\/grundschule-homberg.de\/wp\/wp-content\/gallery\/Kunstprojekt%20mit%20den%20Schlosspatrioten%202016\/IMG-20160321-WA0008.jpg\"\n\t\t\tdata-thumbnail=\"https:\/\/grundschule-homberg.de\/wp\/wp-content\/gallery\/Kunstprojekt%20mit%20den%20Schlosspatrioten%202016\/thumbs\/thumbs_IMG-20160321-WA0008.jpg\"\n\t\t\tdata-image-id=\"530\"\n\t\t\tdata-title=\"IMG-20160321-WA0008\"\n\t\t\tdata-description=\"\"\n\t\t\tclass=\"ngg-fancybox\" rel=\"af4fa1e8040c17234c4d13de14a697da\">\n\n\t\t\t<img data-image-id='530'\n\t\t\t\ttitle=\"\"\n\t\t\t\talt=\"IMG-20160321-WA0008\"\n\t\t\t\tsrc=\"https:\/\/grundschule-homberg.de\/wp\/wp-content\/gallery\/Kunstprojekt%20mit%20den%20Schlosspatrioten%202016\/IMG-20160321-WA0008.jpg\"\n\t\t\t\tstyle=\"max-height: 380px;\"\/>\n\t\t<\/a>\n\n\t\t\n\t\t<a href=\"https:\/\/grundschule-homberg.de\/wp\/wp-content\/gallery\/Kunstprojekt%20mit%20den%20Schlosspatrioten%202016\/IMG-20160321-WA0002.jpg\"\n\t\t\ttitle=\"\"\n\t\t\tdata-src=\"https:\/\/grundschule-homberg.de\/wp\/wp-content\/gallery\/Kunstprojekt%20mit%20den%20Schlosspatrioten%202016\/IMG-20160321-WA0002.jpg\"\n\t\t\tdata-thumbnail=\"https:\/\/grundschule-homberg.de\/wp\/wp-content\/gallery\/Kunstprojekt%20mit%20den%20Schlosspatrioten%202016\/thumbs\/thumbs_IMG-20160321-WA0002.jpg\"\n\t\t\tdata-image-id=\"531\"\n\t\t\tdata-title=\"IMG-20160321-WA0002\"\n\t\t\tdata-description=\"\"\n\t\t\tclass=\"ngg-fancybox\" rel=\"af4fa1e8040c17234c4d13de14a697da\">\n\n\t\t\t<img data-image-id='531'\n\t\t\t\ttitle=\"\"\n\t\t\t\talt=\"IMG-20160321-WA0002\"\n\t\t\t\tsrc=\"https:\/\/grundschule-homberg.de\/wp\/wp-content\/gallery\/Kunstprojekt%20mit%20den%20Schlosspatrioten%202016\/IMG-20160321-WA0002.jpg\"\n\t\t\t\tstyle=\"max-height: 380px;\"\/>\n\t\t<\/a>\n\n\t\t\n\t\t<a href=\"https:\/\/grundschule-homberg.de\/wp\/wp-content\/gallery\/Kunstprojekt%20mit%20den%20Schlosspatrioten%202016\/IMG-20160321-WA0007.jpg\"\n\t\t\ttitle=\"\"\n\t\t\tdata-src=\"https:\/\/grundschule-homberg.de\/wp\/wp-content\/gallery\/Kunstprojekt%20mit%20den%20Schlosspatrioten%202016\/IMG-20160321-WA0007.jpg\"\n\t\t\tdata-thumbnail=\"https:\/\/grundschule-homberg.de\/wp\/wp-content\/gallery\/Kunstprojekt%20mit%20den%20Schlosspatrioten%202016\/thumbs\/thumbs_IMG-20160321-WA0007.jpg\"\n\t\t\tdata-image-id=\"532\"\n\t\t\tdata-title=\"IMG-20160321-WA0007\"\n\t\t\tdata-description=\"\"\n\t\t\tclass=\"ngg-fancybox\" rel=\"af4fa1e8040c17234c4d13de14a697da\">\n\n\t\t\t<img data-image-id='532'\n\t\t\t\ttitle=\"\"\n\t\t\t\talt=\"IMG-20160321-WA0007\"\n\t\t\t\tsrc=\"https:\/\/grundschule-homberg.de\/wp\/wp-content\/gallery\/Kunstprojekt%20mit%20den%20Schlosspatrioten%202016\/IMG-20160321-WA0007.jpg\"\n\t\t\t\tstyle=\"max-height: 380px;\"\/>\n\t\t<\/a>\n\n\t\t\n\t\t<a href=\"https:\/\/grundschule-homberg.de\/wp\/wp-content\/gallery\/Kunstprojekt%20mit%20den%20Schlosspatrioten%202016\/IMG-20160321-WA0004.jpg\"\n\t\t\ttitle=\"\"\n\t\t\tdata-src=\"https:\/\/grundschule-homberg.de\/wp\/wp-content\/gallery\/Kunstprojekt%20mit%20den%20Schlosspatrioten%202016\/IMG-20160321-WA0004.jpg\"\n\t\t\tdata-thumbnail=\"https:\/\/grundschule-homberg.de\/wp\/wp-content\/gallery\/Kunstprojekt%20mit%20den%20Schlosspatrioten%202016\/thumbs\/thumbs_IMG-20160321-WA0004.jpg\"\n\t\t\tdata-image-id=\"533\"\n\t\t\tdata-title=\"IMG-20160321-WA0004\"\n\t\t\tdata-description=\"\"\n\t\t\tclass=\"ngg-fancybox\" rel=\"af4fa1e8040c17234c4d13de14a697da\">\n\n\t\t\t<img data-image-id='533'\n\t\t\t\ttitle=\"\"\n\t\t\t\talt=\"IMG-20160321-WA0004\"\n\t\t\t\tsrc=\"https:\/\/grundschule-homberg.de\/wp\/wp-content\/gallery\/Kunstprojekt%20mit%20den%20Schlosspatrioten%202016\/IMG-20160321-WA0004.jpg\"\n\t\t\t\tstyle=\"max-height: 380px;\"\/>\n\t\t<\/a>\n\n\t\t\n\t\t<a href=\"https:\/\/grundschule-homberg.de\/wp\/wp-content\/gallery\/Kunstprojekt%20mit%20den%20Schlosspatrioten%202016\/IMG-20160321-WA0001.jpg\"\n\t\t\ttitle=\"\"\n\t\t\tdata-src=\"https:\/\/grundschule-homberg.de\/wp\/wp-content\/gallery\/Kunstprojekt%20mit%20den%20Schlosspatrioten%202016\/IMG-20160321-WA0001.jpg\"\n\t\t\tdata-thumbnail=\"https:\/\/grundschule-homberg.de\/wp\/wp-content\/gallery\/Kunstprojekt%20mit%20den%20Schlosspatrioten%202016\/thumbs\/thumbs_IMG-20160321-WA0001.jpg\"\n\t\t\tdata-image-id=\"534\"\n\t\t\tdata-title=\"IMG-20160321-WA0001\"\n\t\t\tdata-description=\"\"\n\t\t\tclass=\"ngg-fancybox\" rel=\"af4fa1e8040c17234c4d13de14a697da\">\n\n\t\t\t<img data-image-id='534'\n\t\t\t\ttitle=\"\"\n\t\t\t\talt=\"IMG-20160321-WA0001\"\n\t\t\t\tsrc=\"https:\/\/grundschule-homberg.de\/wp\/wp-content\/gallery\/Kunstprojekt%20mit%20den%20Schlosspatrioten%202016\/IMG-20160321-WA0001.jpg\"\n\t\t\t\tstyle=\"max-height: 380px;\"\/>\n\t\t<\/a>\n\n\t\t<\/div>\n\n\t\t<!-- Thumbnails Link -->\n\t<div class=\"slideshowlink\" style=\"max-width: 600px;\">\n\t\t<a href='https:\/\/grundschule-homberg.de\/wp\/index.php\/nggallery\/thumbnails?p=220373'>[Show thumbnails]<\/a>\n\t<\/div>\n\n<\/p>\n","protected":false},"excerpt":{"rendered":"<p>Kinder der vierten Klassen haben f\u00fcr den Garten am Homberger Schloss bunte, phantasievolle H\u00fchner gestaltet. Das Material\u00a0 wurde von den Schlosspatrioten gestellt, die Kinder bemalten die H\u00fchner in der letzten Woche in der Schule nach ihren Entw\u00fcrfen. Am Montag wurde der gesamte \u201aH\u00fchnerstall\u2018 zum Schloss gebracht und von den Schlosspatrioten mit viel Spa\u00df in Empfang &hellip; <a href=\"https:\/\/grundschule-homberg.de\/wp\/?p=220373\" class=\"more-link\"><span class=\"screen-reader-text\">Ostern steht vor der T\u00fcr  &#8211; Kunstprojekt mit den Schlosspatrioten<\/span> weiterlesen <span class=\"meta-nav\">&rarr;<\/span><\/a><\/p>\n","protected":false},"author":1,"featured_media":220374,"comment_status":"closed","ping_status":"closed","sticky":false,"template":"","format":"standard","meta":{"ngg_post_thumbnail":0,"_jetpack_memberships_contains_paid_content":false,"footnotes":""},"categories":[1,20],"tags":[],"class_list":["post-220373","post","type-post","status-publish","format-standard","has-post-thumbnail","hentry","category-allgemein","category-schulleben"],"jetpack_featured_media_url":"https:\/\/i0.wp.com\/grundschule-homberg.de\/wp\/wp-content\/uploads\/2016\/03\/IMG-20160321-WA0009.jpg?fit=1344%2C760&ssl=1","jetpack_shortlink":"https:\/\/wp.me\/p3XuEZ-Vkp","jetpack-related-posts":[],"jetpack_sharing_enabled":true,"_links":{"self":[{"href":"https:\/\/grundschule-homberg.de\/wp\/index.php?rest_route=\/wp\/v2\/posts\/220373","targetHints":{"allow":["GET"]}}],"collection":[{"href":"https:\/\/grundschule-homberg.de\/wp\/index.php?rest_route=\/wp\/v2\/posts"}],"about":[{"href":"https:\/\/grundschule-homberg.de\/wp\/index.php?rest_route=\/wp\/v2\/types\/post"}],"author":[{"embeddable":true,"href":"https:\/\/grundschule-homberg.de\/wp\/index.php?rest_route=\/wp\/v2\/users\/1"}],"replies":[{"embeddable":true,"href":"https:\/\/grundschule-homberg.de\/wp\/index.php?rest_route=%2Fwp%2Fv2%2Fcomments&post=220373"}],"version-history":[{"count":2,"href":"https:\/\/grundschule-homberg.de\/wp\/index.php?rest_route=\/wp\/v2\/posts\/220373\/revisions"}],"predecessor-version":[{"id":220395,"href":"https:\/\/grundschule-homberg.de\/wp\/index.php?rest_route=\/wp\/v2\/posts\/220373\/revisions\/220395"}],"wp:featuredmedia":[{"embeddable":true,"href":"https:\/\/grundschule-homberg.de\/wp\/index.php?rest_route=\/wp\/v2\/media\/220374"}],"wp:attachment":[{"href":"https:\/\/grundschule-homberg.de\/wp\/index.php?rest_route=%2Fwp%2Fv2%2Fmedia&parent=220373"}],"wp:term":[{"taxonomy":"category","embeddable":true,"href":"https:\/\/grundschule-homberg.de\/wp\/index.php?rest_route=%2Fwp%2Fv2%2Fcategories&post=220373"},{"taxonomy":"post_tag","embeddable":true,"href":"https:\/\/grundschule-homberg.de\/wp\/index.php?rest_route=%2Fwp%2Fv2%2Ftags&post=220373"}],"curies":[{"name":"wp","href":"https:\/\/api.w.org\/{rel}","templated":true}]}}