{"id":220428,"date":"2016-04-29T19:08:40","date_gmt":"2016-04-29T17:08:40","guid":{"rendered":"http:\/\/grundschule-homberg.de\/wp\/?p=220428"},"modified":"2016-04-29T19:12:26","modified_gmt":"2016-04-29T17:12:26","slug":"barfusspfad-neu-bestueckt","status":"publish","type":"post","link":"https:\/\/grundschule-homberg.de\/wp\/?p=220428","title":{"rendered":"Barfu\u00dfpfad neu best\u00fcckt"},"content":{"rendered":"<p>Nach den Osterferien hat sich die <a href=\"http:\/\/grundschule-homberg.de\/wp\/?page_id=219971\" target=\"_blank\">Natur-AG <\/a>dankenswerter Weise darum gek\u00fcmmrt, den Barfu\u00dfpfad auf dem kleinen Schulhof wieder in Stand zu setzen.<\/p>\n<p>Zun\u00e4chst wurde das vorhandene Material aus den F\u00e4chern genommen und neu sortiert. Danach wurde der Weg und die Umgebung von M\u00fcll befreit und die einzelnen Felder wieder neu mit Naturmaterial bef\u00fcllt. Die Ideen der Kinder wurden dabei r\u00fccksichtigt. Ebenso stellten die Kinder der Natur-AG\u00a0Regeln zur Benutzung des Sinnespfades auf, damit die Benutzer gr\u00f6\u00dft m\u00f6glichen Spa\u00df beim Tasten und F\u00fchlen haben und der Parcour lange ordentlich und vollst\u00e4ndig bleibt.<\/p>\n<p><a href=\"https:\/\/i0.wp.com\/grundschule-homberg.de\/wp\/wp-content\/uploads\/2016\/04\/WP_20160429_003.jpg\" target=\"_blank\"><img data-recalc-dims=\"1\" loading=\"lazy\" decoding=\"async\" class=\"aligncenter wp-image-220429 size-medium\" src=\"https:\/\/i0.wp.com\/grundschule-homberg.de\/wp\/wp-content\/uploads\/2016\/04\/WP_20160429_003-225x300.jpg?resize=225%2C300\" alt=\"WP_20160429_003\" width=\"225\" height=\"300\" srcset=\"https:\/\/i0.wp.com\/grundschule-homberg.de\/wp\/wp-content\/uploads\/2016\/04\/WP_20160429_003.jpg?resize=225%2C300&amp;ssl=1 225w, https:\/\/i0.wp.com\/grundschule-homberg.de\/wp\/wp-content\/uploads\/2016\/04\/WP_20160429_003.jpg?resize=113%2C150&amp;ssl=1 113w, https:\/\/i0.wp.com\/grundschule-homberg.de\/wp\/wp-content\/uploads\/2016\/04\/WP_20160429_003.jpg?resize=768%2C1024&amp;ssl=1 768w, https:\/\/i0.wp.com\/grundschule-homberg.de\/wp\/wp-content\/uploads\/2016\/04\/WP_20160429_003.jpg?w=1224&amp;ssl=1 1224w\" sizes=\"auto, (max-width: 225px) 100vw, 225px\" \/><\/a> <a href=\"https:\/\/i0.wp.com\/grundschule-homberg.de\/wp\/wp-content\/uploads\/2016\/04\/WP_20160429_008.jpg\" target=\"_blank\"><img data-recalc-dims=\"1\" loading=\"lazy\" decoding=\"async\" class=\"aligncenter wp-image-220430 size-medium\" src=\"https:\/\/i0.wp.com\/grundschule-homberg.de\/wp\/wp-content\/uploads\/2016\/04\/WP_20160429_008-225x300.jpg?resize=225%2C300\" alt=\"WP_20160429_008\" width=\"225\" height=\"300\" srcset=\"https:\/\/i0.wp.com\/grundschule-homberg.de\/wp\/wp-content\/uploads\/2016\/04\/WP_20160429_008.jpg?resize=225%2C300&amp;ssl=1 225w, https:\/\/i0.wp.com\/grundschule-homberg.de\/wp\/wp-content\/uploads\/2016\/04\/WP_20160429_008.jpg?resize=113%2C150&amp;ssl=1 113w, https:\/\/i0.wp.com\/grundschule-homberg.de\/wp\/wp-content\/uploads\/2016\/04\/WP_20160429_008.jpg?resize=768%2C1024&amp;ssl=1 768w, https:\/\/i0.wp.com\/grundschule-homberg.de\/wp\/wp-content\/uploads\/2016\/04\/WP_20160429_008.jpg?w=1224&amp;ssl=1 1224w\" sizes=\"auto, (max-width: 225px) 100vw, 225px\" \/><\/a> <a href=\"https:\/\/i0.wp.com\/grundschule-homberg.de\/wp\/wp-content\/uploads\/2016\/04\/WP_20160429_011.jpg\" target=\"_blank\"><img data-recalc-dims=\"1\" loading=\"lazy\" decoding=\"async\" class=\"aligncenter wp-image-220431 size-medium\" src=\"https:\/\/i0.wp.com\/grundschule-homberg.de\/wp\/wp-content\/uploads\/2016\/04\/WP_20160429_011-225x300.jpg?resize=225%2C300\" alt=\"WP_20160429_011\" width=\"225\" height=\"300\" srcset=\"https:\/\/i0.wp.com\/grundschule-homberg.de\/wp\/wp-content\/uploads\/2016\/04\/WP_20160429_011.jpg?resize=225%2C300&amp;ssl=1 225w, https:\/\/i0.wp.com\/grundschule-homberg.de\/wp\/wp-content\/uploads\/2016\/04\/WP_20160429_011.jpg?resize=113%2C150&amp;ssl=1 113w, https:\/\/i0.wp.com\/grundschule-homberg.de\/wp\/wp-content\/uploads\/2016\/04\/WP_20160429_011.jpg?resize=768%2C1024&amp;ssl=1 768w, https:\/\/i0.wp.com\/grundschule-homberg.de\/wp\/wp-content\/uploads\/2016\/04\/WP_20160429_011.jpg?w=1224&amp;ssl=1 1224w\" sizes=\"auto, (max-width: 225px) 100vw, 225px\" \/><\/a> <a href=\"https:\/\/i0.wp.com\/grundschule-homberg.de\/wp\/wp-content\/uploads\/2016\/04\/WP_20160429_012.jpg\" target=\"_blank\"><img data-recalc-dims=\"1\" loading=\"lazy\" decoding=\"async\" class=\"aligncenter wp-image-220432 size-medium\" src=\"https:\/\/i0.wp.com\/grundschule-homberg.de\/wp\/wp-content\/uploads\/2016\/04\/WP_20160429_012-225x300.jpg?resize=225%2C300\" alt=\"WP_20160429_012\" width=\"225\" height=\"300\" srcset=\"https:\/\/i0.wp.com\/grundschule-homberg.de\/wp\/wp-content\/uploads\/2016\/04\/WP_20160429_012.jpg?resize=225%2C300&amp;ssl=1 225w, https:\/\/i0.wp.com\/grundschule-homberg.de\/wp\/wp-content\/uploads\/2016\/04\/WP_20160429_012.jpg?resize=113%2C150&amp;ssl=1 113w, https:\/\/i0.wp.com\/grundschule-homberg.de\/wp\/wp-content\/uploads\/2016\/04\/WP_20160429_012.jpg?resize=768%2C1024&amp;ssl=1 768w, https:\/\/i0.wp.com\/grundschule-homberg.de\/wp\/wp-content\/uploads\/2016\/04\/WP_20160429_012.jpg?w=1224&amp;ssl=1 1224w\" sizes=\"auto, (max-width: 225px) 100vw, 225px\" \/><\/a><\/p>\n","protected":false},"excerpt":{"rendered":"<p>Nach den Osterferien hat sich die Natur-AG dankenswerter Weise darum gek\u00fcmmrt, den Barfu\u00dfpfad auf dem kleinen Schulhof wieder in Stand zu setzen. Zun\u00e4chst wurde das vorhandene Material aus den F\u00e4chern genommen und neu sortiert. Danach wurde der Weg und die Umgebung von M\u00fcll befreit und die einzelnen Felder wieder neu mit Naturmaterial bef\u00fcllt. Die Ideen &hellip; <a href=\"https:\/\/grundschule-homberg.de\/wp\/?p=220428\" class=\"more-link\"><span class=\"screen-reader-text\">Barfu\u00dfpfad neu best\u00fcckt<\/span> weiterlesen <span class=\"meta-nav\">&rarr;<\/span><\/a><\/p>\n","protected":false},"author":1,"featured_media":220432,"comment_status":"closed","ping_status":"closed","sticky":false,"template":"","format":"standard","meta":{"ngg_post_thumbnail":0,"_jetpack_memberships_contains_paid_content":false,"footnotes":""},"categories":[1,20],"tags":[],"class_list":["post-220428","post","type-post","status-publish","format-standard","has-post-thumbnail","hentry","category-allgemein","category-schulleben"],"jetpack_featured_media_url":"https:\/\/i0.wp.com\/grundschule-homberg.de\/wp\/wp-content\/uploads\/2016\/04\/WP_20160429_012.jpg?fit=1224%2C1632&ssl=1","jetpack_shortlink":"https:\/\/wp.me\/p3XuEZ-Vli","jetpack-related-posts":[],"jetpack_sharing_enabled":true,"_links":{"self":[{"href":"https:\/\/grundschule-homberg.de\/wp\/index.php?rest_route=\/wp\/v2\/posts\/220428","targetHints":{"allow":["GET"]}}],"collection":[{"href":"https:\/\/grundschule-homberg.de\/wp\/index.php?rest_route=\/wp\/v2\/posts"}],"about":[{"href":"https:\/\/grundschule-homberg.de\/wp\/index.php?rest_route=\/wp\/v2\/types\/post"}],"author":[{"embeddable":true,"href":"https:\/\/grundschule-homberg.de\/wp\/index.php?rest_route=\/wp\/v2\/users\/1"}],"replies":[{"embeddable":true,"href":"https:\/\/grundschule-homberg.de\/wp\/index.php?rest_route=%2Fwp%2Fv2%2Fcomments&post=220428"}],"version-history":[{"count":5,"href":"https:\/\/grundschule-homberg.de\/wp\/index.php?rest_route=\/wp\/v2\/posts\/220428\/revisions"}],"predecessor-version":[{"id":220437,"href":"https:\/\/grundschule-homberg.de\/wp\/index.php?rest_route=\/wp\/v2\/posts\/220428\/revisions\/220437"}],"wp:featuredmedia":[{"embeddable":true,"href":"https:\/\/grundschule-homberg.de\/wp\/index.php?rest_route=\/wp\/v2\/media\/220432"}],"wp:attachment":[{"href":"https:\/\/grundschule-homberg.de\/wp\/index.php?rest_route=%2Fwp%2Fv2%2Fmedia&parent=220428"}],"wp:term":[{"taxonomy":"category","embeddable":true,"href":"https:\/\/grundschule-homberg.de\/wp\/index.php?rest_route=%2Fwp%2Fv2%2Fcategories&post=220428"},{"taxonomy":"post_tag","embeddable":true,"href":"https:\/\/grundschule-homberg.de\/wp\/index.php?rest_route=%2Fwp%2Fv2%2Ftags&post=220428"}],"curies":[{"name":"wp","href":"https:\/\/api.w.org\/{rel}","templated":true}]}}