{"id":220450,"date":"2016-05-12T21:08:47","date_gmt":"2016-05-12T19:08:47","guid":{"rendered":"http:\/\/grundschule-homberg.de\/wp\/?p=220450"},"modified":"2016-05-12T21:08:47","modified_gmt":"2016-05-12T19:08:47","slug":"turnhalle-ab-17-05-2016-wieder-geoeffnet","status":"publish","type":"post","link":"https:\/\/grundschule-homberg.de\/wp\/?p=220450","title":{"rendered":"Turnhalle ab 17.05.2016 wieder ge\u00f6ffnet"},"content":{"rendered":"<p>Die Gro\u00dfturnhalle ist\u00a0 ab Dienstag, dem 17.Mai 2016, wieder f\u00fcr den Schul- und Vereinssport ge\u00f6ffnet! Dadurch ergeben sich in einigen Klassen \u00c4nderungen im Stundenplan!<br \/>\nBitte achten Sie auf die Ranzenpost der Schulkinder!<\/p>\n","protected":false},"excerpt":{"rendered":"<p>Die Gro\u00dfturnhalle ist\u00a0 ab Dienstag, dem 17.Mai 2016, wieder f\u00fcr den Schul- und Vereinssport ge\u00f6ffnet! Dadurch ergeben sich in einigen Klassen \u00c4nderungen im Stundenplan! Bitte achten Sie auf die Ranzenpost der Schulkinder!<\/p>\n","protected":false},"author":1,"featured_media":220451,"comment_status":"closed","ping_status":"closed","sticky":false,"template":"","format":"standard","meta":{"ngg_post_thumbnail":0,"_jetpack_memberships_contains_paid_content":false,"footnotes":""},"categories":[1,20,26],"tags":[],"class_list":["post-220450","post","type-post","status-publish","format-standard","has-post-thumbnail","hentry","category-allgemein","category-schulleben","category-unterricht"],"jetpack_featured_media_url":"https:\/\/i0.wp.com\/grundschule-homberg.de\/wp\/wp-content\/uploads\/2016\/05\/sphalle.jpg?fit=800%2C400&ssl=1","jetpack_shortlink":"https:\/\/wp.me\/p3XuEZ-VlE","jetpack-related-posts":[],"jetpack_sharing_enabled":true,"_links":{"self":[{"href":"https:\/\/grundschule-homberg.de\/wp\/index.php?rest_route=\/wp\/v2\/posts\/220450","targetHints":{"allow":["GET"]}}],"collection":[{"href":"https:\/\/grundschule-homberg.de\/wp\/index.php?rest_route=\/wp\/v2\/posts"}],"about":[{"href":"https:\/\/grundschule-homberg.de\/wp\/index.php?rest_route=\/wp\/v2\/types\/post"}],"author":[{"embeddable":true,"href":"https:\/\/grundschule-homberg.de\/wp\/index.php?rest_route=\/wp\/v2\/users\/1"}],"replies":[{"embeddable":true,"href":"https:\/\/grundschule-homberg.de\/wp\/index.php?rest_route=%2Fwp%2Fv2%2Fcomments&post=220450"}],"version-history":[{"count":1,"href":"https:\/\/grundschule-homberg.de\/wp\/index.php?rest_route=\/wp\/v2\/posts\/220450\/revisions"}],"predecessor-version":[{"id":220452,"href":"https:\/\/grundschule-homberg.de\/wp\/index.php?rest_route=\/wp\/v2\/posts\/220450\/revisions\/220452"}],"wp:featuredmedia":[{"embeddable":true,"href":"https:\/\/grundschule-homberg.de\/wp\/index.php?rest_route=\/wp\/v2\/media\/220451"}],"wp:attachment":[{"href":"https:\/\/grundschule-homberg.de\/wp\/index.php?rest_route=%2Fwp%2Fv2%2Fmedia&parent=220450"}],"wp:term":[{"taxonomy":"category","embeddable":true,"href":"https:\/\/grundschule-homberg.de\/wp\/index.php?rest_route=%2Fwp%2Fv2%2Fcategories&post=220450"},{"taxonomy":"post_tag","embeddable":true,"href":"https:\/\/grundschule-homberg.de\/wp\/index.php?rest_route=%2Fwp%2Fv2%2Ftags&post=220450"}],"curies":[{"name":"wp","href":"https:\/\/api.w.org\/{rel}","templated":true}]}}