{"id":220509,"date":"2016-07-09T12:22:36","date_gmt":"2016-07-09T10:22:36","guid":{"rendered":"http:\/\/grundschule-homberg.de\/wp\/?p=220509"},"modified":"2016-07-09T12:23:39","modified_gmt":"2016-07-09T10:23:39","slug":"grundschule-homberg-gewinnt-1-platz-im-gestaltungswettbewerb-2016","status":"publish","type":"post","link":"https:\/\/grundschule-homberg.de\/wp\/?p=220509","title":{"rendered":"Grundschule Homberg gewinnt 1. Platz im Gestaltungswettbewerb 2016"},"content":{"rendered":"<p>Der Schriftzug an der Au\u00dfenmauer des Schulgel\u00e4ndes muss erneuert werden.<\/p>\n<p>Das hatten sich die Kinder der Gestaltungs-AG als Projekt f\u00fcr den diesj\u00e4hrigen Gestaltungswettbewerb des Vogelsbergkreises vorgenommen.<\/p>\n<p>In den AG-Stunden, die von Lehrerin Heike Frank-Arens geleitet wurden, \u00fcberlegten die Kinder mit welcher Technik die Wand gestaltet werden soll.<br \/>\nSchnell entschied man sich f\u00fcr ein Mosaik.<\/p>\n<p>Die Kinder brachten Fliesenreste und Spiegel mit und probierten verschiedene Farbstellungen aus.<\/p>\n<p>Nachdem die Fliesen zerschlagen waren, wurden die einzelnen Buchstaben zun\u00e4chst probegelegt und dann mit Fliesenkleber an der Au\u00dfenwand befestigt.<br \/>\nBeim Verfugen und Streichen der Wand hatten die Kinder Hilfe vom Hausmeister, Eltern und Gro\u00dfeltern.<\/p>\n<p>Stolz pr\u00e4sentierten die Sch\u00fclerinnen und Sch\u00fcler\u00a0am 06. Juli 2016 ihr Ergebnis der Bewertungskommission des Vogelsbergkreises.<\/p>\n<p>Gro\u00df war die Freude dann, als eine Woche sp\u00e4ter unser Landrat Manfred G\u00f6rig\u00a0die Siegerurkunde f\u00fcr den ersten Platz und einen Scheck \u00fcber 250,00 \u20ac der Grundschule \u00fcberreichte.<\/p>\n<p><a href=\"http:\/\/grundschule-homberg.de\/wp\/wp-content\/uploads\/2016\/07\/Gestaltungswettbewerb.jpg\"><br \/>\n<\/a><a href=\"https:\/\/i0.wp.com\/grundschule-homberg.de\/wp\/wp-content\/uploads\/2016\/07\/Gestaltungswettbewerb.jpg\" target=\"_blank\"><img data-recalc-dims=\"1\" loading=\"lazy\" decoding=\"async\" class=\"aligncenter wp-image-220491 size-medium\" src=\"https:\/\/i0.wp.com\/grundschule-homberg.de\/wp\/wp-content\/uploads\/2016\/07\/Gestaltungswettbewerb-300x225.jpg?resize=300%2C225\" alt=\"Gestaltungswettbewerb\" width=\"300\" height=\"225\" srcset=\"https:\/\/i0.wp.com\/grundschule-homberg.de\/wp\/wp-content\/uploads\/2016\/07\/Gestaltungswettbewerb.jpg?resize=300%2C225&amp;ssl=1 300w, https:\/\/i0.wp.com\/grundschule-homberg.de\/wp\/wp-content\/uploads\/2016\/07\/Gestaltungswettbewerb.jpg?resize=150%2C113&amp;ssl=1 150w, https:\/\/i0.wp.com\/grundschule-homberg.de\/wp\/wp-content\/uploads\/2016\/07\/Gestaltungswettbewerb.jpg?resize=768%2C576&amp;ssl=1 768w, https:\/\/i0.wp.com\/grundschule-homberg.de\/wp\/wp-content\/uploads\/2016\/07\/Gestaltungswettbewerb.jpg?resize=1024%2C768&amp;ssl=1 1024w, https:\/\/i0.wp.com\/grundschule-homberg.de\/wp\/wp-content\/uploads\/2016\/07\/Gestaltungswettbewerb.jpg?w=1632&amp;ssl=1 1632w, https:\/\/i0.wp.com\/grundschule-homberg.de\/wp\/wp-content\/uploads\/2016\/07\/Gestaltungswettbewerb.jpg?w=1208&amp;ssl=1 1208w\" sizes=\"auto, (max-width: 300px) 100vw, 300px\" \/><\/a><\/p>\n<p>&nbsp;<\/p>\n","protected":false},"excerpt":{"rendered":"<p>Der Schriftzug an der Au\u00dfenmauer des Schulgel\u00e4ndes muss erneuert werden. Das hatten sich die Kinder der Gestaltungs-AG als Projekt f\u00fcr den diesj\u00e4hrigen Gestaltungswettbewerb des Vogelsbergkreises vorgenommen. In den AG-Stunden, die von Lehrerin Heike Frank-Arens geleitet wurden, \u00fcberlegten die Kinder mit welcher Technik die Wand gestaltet werden soll. Schnell entschied man sich f\u00fcr ein Mosaik. Die &hellip; <a href=\"https:\/\/grundschule-homberg.de\/wp\/?p=220509\" class=\"more-link\"><span class=\"screen-reader-text\">Grundschule Homberg gewinnt 1. Platz im Gestaltungswettbewerb 2016<\/span> weiterlesen <span class=\"meta-nav\">&rarr;<\/span><\/a><\/p>\n","protected":false},"author":1,"featured_media":220491,"comment_status":"closed","ping_status":"closed","sticky":false,"template":"","format":"standard","meta":{"ngg_post_thumbnail":0,"_jetpack_memberships_contains_paid_content":false,"footnotes":""},"categories":[25,1,20],"tags":[],"class_list":["post-220509","post","type-post","status-publish","format-standard","has-post-thumbnail","hentry","category-ags","category-allgemein","category-schulleben"],"jetpack_featured_media_url":"https:\/\/i0.wp.com\/grundschule-homberg.de\/wp\/wp-content\/uploads\/2016\/07\/Gestaltungswettbewerb.jpg?fit=1632%2C1224&ssl=1","jetpack_shortlink":"https:\/\/wp.me\/p3XuEZ-VmB","jetpack-related-posts":[],"jetpack_sharing_enabled":true,"_links":{"self":[{"href":"https:\/\/grundschule-homberg.de\/wp\/index.php?rest_route=\/wp\/v2\/posts\/220509","targetHints":{"allow":["GET"]}}],"collection":[{"href":"https:\/\/grundschule-homberg.de\/wp\/index.php?rest_route=\/wp\/v2\/posts"}],"about":[{"href":"https:\/\/grundschule-homberg.de\/wp\/index.php?rest_route=\/wp\/v2\/types\/post"}],"author":[{"embeddable":true,"href":"https:\/\/grundschule-homberg.de\/wp\/index.php?rest_route=\/wp\/v2\/users\/1"}],"replies":[{"embeddable":true,"href":"https:\/\/grundschule-homberg.de\/wp\/index.php?rest_route=%2Fwp%2Fv2%2Fcomments&post=220509"}],"version-history":[{"count":2,"href":"https:\/\/grundschule-homberg.de\/wp\/index.php?rest_route=\/wp\/v2\/posts\/220509\/revisions"}],"predecessor-version":[{"id":220511,"href":"https:\/\/grundschule-homberg.de\/wp\/index.php?rest_route=\/wp\/v2\/posts\/220509\/revisions\/220511"}],"wp:featuredmedia":[{"embeddable":true,"href":"https:\/\/grundschule-homberg.de\/wp\/index.php?rest_route=\/wp\/v2\/media\/220491"}],"wp:attachment":[{"href":"https:\/\/grundschule-homberg.de\/wp\/index.php?rest_route=%2Fwp%2Fv2%2Fmedia&parent=220509"}],"wp:term":[{"taxonomy":"category","embeddable":true,"href":"https:\/\/grundschule-homberg.de\/wp\/index.php?rest_route=%2Fwp%2Fv2%2Fcategories&post=220509"},{"taxonomy":"post_tag","embeddable":true,"href":"https:\/\/grundschule-homberg.de\/wp\/index.php?rest_route=%2Fwp%2Fv2%2Ftags&post=220509"}],"curies":[{"name":"wp","href":"https:\/\/api.w.org\/{rel}","templated":true}]}}