{"id":220512,"date":"2016-07-09T12:29:12","date_gmt":"2016-07-09T10:29:12","guid":{"rendered":"http:\/\/grundschule-homberg.de\/wp\/?p=220512"},"modified":"2016-07-09T12:29:12","modified_gmt":"2016-07-09T10:29:12","slug":"schwimmfest-2016","status":"publish","type":"post","link":"https:\/\/grundschule-homberg.de\/wp\/?p=220512","title":{"rendered":"Schwimmfest 2016"},"content":{"rendered":"<p>Beim diesj\u00e4hrigen Schwimmfest im Aquariohm in Nieder-Ohmen hatten die Kinder der Grundschule Homberg gro\u00dfen Spa\u00df und zeigten gute Leistungen.<\/p>\n<p><strong>Wettschwimmen:<\/strong><br \/>\n1. Latisha Hansen<br \/>\n2. Luca Liehr<br \/>\n3. Nils Sch\u00e4fer<br \/>\n4. Kaya Yavuz<\/p>\n<p><strong>Tischtennisball-Wettpusten:<\/strong><br \/>\n1. Celina Lorch<br \/>\n2. Lena M\u00fcller<br \/>\n2. Lissy Hasenpflug<br \/>\n3. Damian Pafla<\/p>\n<p><strong>Streckentauchen:<\/strong><br \/>\n1. Kaya Yavuz<br \/>\n2. Luca Liehr<br \/>\n3. Lissy Luo<\/p>\n<p><a href=\"https:\/\/i0.wp.com\/grundschule-homberg.de\/wp\/wp-content\/uploads\/2016\/07\/Schwimmfest.jpg\" target=\"_blank\"><img data-recalc-dims=\"1\" loading=\"lazy\" decoding=\"async\" class=\"alignleft wp-image-220492 size-medium\" src=\"https:\/\/i0.wp.com\/grundschule-homberg.de\/wp\/wp-content\/uploads\/2016\/07\/Schwimmfest-300x169.jpg?resize=300%2C169\" alt=\"Schwimmfest\" width=\"300\" height=\"169\" srcset=\"https:\/\/i0.wp.com\/grundschule-homberg.de\/wp\/wp-content\/uploads\/2016\/07\/Schwimmfest.jpg?resize=300%2C169&amp;ssl=1 300w, https:\/\/i0.wp.com\/grundschule-homberg.de\/wp\/wp-content\/uploads\/2016\/07\/Schwimmfest.jpg?resize=150%2C84&amp;ssl=1 150w, https:\/\/i0.wp.com\/grundschule-homberg.de\/wp\/wp-content\/uploads\/2016\/07\/Schwimmfest.jpg?resize=768%2C432&amp;ssl=1 768w, https:\/\/i0.wp.com\/grundschule-homberg.de\/wp\/wp-content\/uploads\/2016\/07\/Schwimmfest.jpg?resize=1024%2C576&amp;ssl=1 1024w, https:\/\/i0.wp.com\/grundschule-homberg.de\/wp\/wp-content\/uploads\/2016\/07\/Schwimmfest.jpg?w=1599&amp;ssl=1 1599w, https:\/\/i0.wp.com\/grundschule-homberg.de\/wp\/wp-content\/uploads\/2016\/07\/Schwimmfest.jpg?w=1208&amp;ssl=1 1208w\" sizes=\"auto, (max-width: 300px) 100vw, 300px\" \/><\/a><\/p>\n","protected":false},"excerpt":{"rendered":"<p>Beim diesj\u00e4hrigen Schwimmfest im Aquariohm in Nieder-Ohmen hatten die Kinder der Grundschule Homberg gro\u00dfen Spa\u00df und zeigten gute Leistungen. Wettschwimmen: 1. Latisha Hansen 2. Luca Liehr 3. Nils Sch\u00e4fer 4. Kaya Yavuz Tischtennisball-Wettpusten: 1. Celina Lorch 2. Lena M\u00fcller 2. Lissy Hasenpflug 3. Damian Pafla Streckentauchen: 1. Kaya Yavuz 2. Luca Liehr 3. Lissy Luo<\/p>\n","protected":false},"author":1,"featured_media":220492,"comment_status":"closed","ping_status":"closed","sticky":false,"template":"","format":"standard","meta":{"ngg_post_thumbnail":0,"_jetpack_memberships_contains_paid_content":false,"footnotes":""},"categories":[1,20],"tags":[],"class_list":["post-220512","post","type-post","status-publish","format-standard","has-post-thumbnail","hentry","category-allgemein","category-schulleben"],"jetpack_featured_media_url":"https:\/\/i0.wp.com\/grundschule-homberg.de\/wp\/wp-content\/uploads\/2016\/07\/Schwimmfest.jpg?fit=1599%2C899&ssl=1","jetpack_shortlink":"https:\/\/wp.me\/p3XuEZ-VmE","jetpack-related-posts":[],"jetpack_sharing_enabled":true,"_links":{"self":[{"href":"https:\/\/grundschule-homberg.de\/wp\/index.php?rest_route=\/wp\/v2\/posts\/220512","targetHints":{"allow":["GET"]}}],"collection":[{"href":"https:\/\/grundschule-homberg.de\/wp\/index.php?rest_route=\/wp\/v2\/posts"}],"about":[{"href":"https:\/\/grundschule-homberg.de\/wp\/index.php?rest_route=\/wp\/v2\/types\/post"}],"author":[{"embeddable":true,"href":"https:\/\/grundschule-homberg.de\/wp\/index.php?rest_route=\/wp\/v2\/users\/1"}],"replies":[{"embeddable":true,"href":"https:\/\/grundschule-homberg.de\/wp\/index.php?rest_route=%2Fwp%2Fv2%2Fcomments&post=220512"}],"version-history":[{"count":1,"href":"https:\/\/grundschule-homberg.de\/wp\/index.php?rest_route=\/wp\/v2\/posts\/220512\/revisions"}],"predecessor-version":[{"id":220513,"href":"https:\/\/grundschule-homberg.de\/wp\/index.php?rest_route=\/wp\/v2\/posts\/220512\/revisions\/220513"}],"wp:featuredmedia":[{"embeddable":true,"href":"https:\/\/grundschule-homberg.de\/wp\/index.php?rest_route=\/wp\/v2\/media\/220492"}],"wp:attachment":[{"href":"https:\/\/grundschule-homberg.de\/wp\/index.php?rest_route=%2Fwp%2Fv2%2Fmedia&parent=220512"}],"wp:term":[{"taxonomy":"category","embeddable":true,"href":"https:\/\/grundschule-homberg.de\/wp\/index.php?rest_route=%2Fwp%2Fv2%2Fcategories&post=220512"},{"taxonomy":"post_tag","embeddable":true,"href":"https:\/\/grundschule-homberg.de\/wp\/index.php?rest_route=%2Fwp%2Fv2%2Ftags&post=220512"}],"curies":[{"name":"wp","href":"https:\/\/api.w.org\/{rel}","templated":true}]}}