{"id":220567,"date":"2016-07-22T22:45:36","date_gmt":"2016-07-22T20:45:36","guid":{"rendered":"http:\/\/grundschule-homberg.de\/wp\/?p=220567"},"modified":"2020-03-17T07:16:37","modified_gmt":"2020-03-17T06:16:37","slug":"schoene-sommerferien-2","status":"publish","type":"post","link":"https:\/\/grundschule-homberg.de\/wp\/?p=220567","title":{"rendered":"Sch\u00f6ne Sommerferien!"},"content":{"rendered":"<p>Die Grundschule Homberg w\u00fcnscht allen sch\u00f6ne Sommerferien!<\/p>\n<p style=\"text-align: left;\"><em><img data-recalc-dims=\"1\" loading=\"lazy\" decoding=\"async\" width=\"300\" height=\"169\" class=\"wp-image-220569 size-medium alignleft\" alt=\"IMG-20160714-WA0002\" src=\"https:\/\/i0.wp.com\/grundschule-homberg.de\/wp\/wp-content\/uploads\/2016\/07\/IMG-20160714-WA0002-300x169.jpg?resize=300%2C169\" srcset=\"https:\/\/i0.wp.com\/grundschule-homberg.de\/wp\/wp-content\/uploads\/2016\/07\/IMG-20160714-WA0002.jpg?resize=300%2C169&amp;ssl=1 300w, https:\/\/i0.wp.com\/grundschule-homberg.de\/wp\/wp-content\/uploads\/2016\/07\/IMG-20160714-WA0002.jpg?resize=150%2C84&amp;ssl=1 150w, https:\/\/i0.wp.com\/grundschule-homberg.de\/wp\/wp-content\/uploads\/2016\/07\/IMG-20160714-WA0002.jpg?resize=768%2C432&amp;ssl=1 768w, https:\/\/i0.wp.com\/grundschule-homberg.de\/wp\/wp-content\/uploads\/2016\/07\/IMG-20160714-WA0002.jpg?resize=1024%2C576&amp;ssl=1 1024w, https:\/\/i0.wp.com\/grundschule-homberg.de\/wp\/wp-content\/uploads\/2016\/07\/IMG-20160714-WA0002.jpg?w=1599&amp;ssl=1 1599w, https:\/\/i0.wp.com\/grundschule-homberg.de\/wp\/wp-content\/uploads\/2016\/07\/IMG-20160714-WA0002.jpg?w=1208&amp;ssl=1 1208w\" sizes=\"auto, (max-width: 300px) 100vw, 300px\" \/><\/em>Der Unterricht beginnt wieder am Montag, dem 29.08.2016 (2. \u2013 4. Stunde)<\/p>\n<p>Bitte beachten Sie die neuen Unterrichts und Pausenzeiten!<\/p>\n<p><strong>Unterrichts- und Pausenzeiten ab 2016\/17<\/strong><\/p>\n<table width=\"599\" style=\"height: 1234px;\">\n<tbody>\n<tr>\n<td width=\"140\">&nbsp;<\/p>\n<p><strong>Stunde<\/strong><\/td>\n<td width=\"270\">&nbsp;<\/p>\n<p><strong>Unterrichtszeit<\/strong><\/td>\n<td width=\"205\">&nbsp;<\/p>\n<p><strong>Pause<\/strong><\/td>\n<\/tr>\n<tr>\n<td width=\"140\">&nbsp;<\/p>\n<p>1<\/td>\n<td width=\"270\">&nbsp;<\/p>\n<p>7.55 Uhr&nbsp;&nbsp; &#8211;&nbsp;&nbsp; 8.40 Uhr<\/td>\n<td width=\"205\">&nbsp;<\/td>\n<\/tr>\n<tr>\n<td width=\"140\">&nbsp;<\/p>\n<p>2<\/td>\n<td width=\"270\">&nbsp;<\/p>\n<p>8.40 Uhr&nbsp;&nbsp; &#8211;&nbsp;&nbsp; 9.25Uhr<\/td>\n<td width=\"205\">&nbsp;<\/td>\n<\/tr>\n<tr>\n<td width=\"140\">&nbsp;<\/p>\n<p>&nbsp;<\/td>\n<td width=\"270\">&nbsp;<\/td>\n<td width=\"205\">9.25 Uhr&nbsp;&nbsp; &#8211;&nbsp;&nbsp; 9.40 Uhr<\/p>\n<p>+ 5 Min. Fr\u00fchst\u00fcckszeit<\/td>\n<\/tr>\n<tr>\n<td width=\"140\">&nbsp;<\/p>\n<p>3<\/td>\n<td width=\"270\">&nbsp;<\/p>\n<p>9.45 Uhr&nbsp;&nbsp; &#8211;&nbsp;&nbsp; 10.30 Uhr<\/td>\n<td width=\"205\">&nbsp;<\/td>\n<\/tr>\n<tr>\n<td width=\"140\">&nbsp;<\/p>\n<p>4<\/td>\n<td width=\"270\">&nbsp;<\/p>\n<p>10.30 Uhr&nbsp;&nbsp; &#8211;&nbsp;&nbsp; 11.15 Uhr<\/td>\n<td width=\"205\">&nbsp;<\/td>\n<\/tr>\n<tr>\n<td width=\"140\">&nbsp;<\/p>\n<p>&nbsp;<\/td>\n<td width=\"270\">&nbsp;<\/td>\n<td width=\"205\">&nbsp;<\/p>\n<p>11.15 Uhr&nbsp;&nbsp; &#8211;&nbsp;&nbsp; 11.30 Uhr<\/td>\n<\/tr>\n<tr>\n<td width=\"140\">&nbsp;<\/p>\n<p>5<\/td>\n<td width=\"270\">&nbsp;<\/p>\n<p>11.30 Uhr&nbsp;&nbsp; &#8211;&nbsp;&nbsp; 12.15 Uhr<\/td>\n<td width=\"205\">&nbsp;<\/td>\n<\/tr>\n<tr>\n<td width=\"140\">&nbsp;<\/p>\n<p>&nbsp;<\/td>\n<td width=\"270\">&nbsp;<\/td>\n<td width=\"205\">&nbsp;<\/p>\n<p>12.15 Uhr&nbsp;&nbsp; &#8211;&nbsp;&nbsp; 12.20 Uhr<\/td>\n<\/tr>\n<tr>\n<td width=\"140\">&nbsp;<\/p>\n<p>6<\/td>\n<td width=\"270\">&nbsp;<\/p>\n<p>12.20 Uhr&nbsp;&nbsp; &#8211;&nbsp;&nbsp; 13.05 Uhr<\/td>\n<td width=\"205\">&nbsp;<\/td>\n<\/tr>\n<tr>\n<td width=\"140\">7<\/td>\n<td width=\"270\">13.05 Uhr \u2013 13.45 Uhr<\/td>\n<td width=\"205\">&nbsp;<\/td>\n<\/tr>\n<tr>\n<td width=\"140\">8<\/td>\n<td width=\"270\">13.45 Uhr \u2013 14.25 Uhr<\/td>\n<td width=\"205\">&nbsp;<\/td>\n<\/tr>\n<tr>\n<td width=\"140\">&nbsp;<\/td>\n<td width=\"270\">&nbsp;<\/td>\n<td width=\"205\">&nbsp;<\/td>\n<\/tr>\n<\/tbody>\n<\/table>\n<p>&nbsp;<\/p>\n<p>Fr\u00fchaufsicht in den Pavillons: ab 7.30 Uhr, Betreuung ab 7.00 Uhr ge\u00f6ffnet<\/p>\n<p>Busabfahrtszeiten, geplant: 11.20 Uhr (4.), 12.25 (5.), 13.10 (6.) 14.30 (8.)<\/p>\n","protected":false},"excerpt":{"rendered":"<p>Die Grundschule Homberg w\u00fcnscht allen sch\u00f6ne Sommerferien! Der Unterricht beginnt wieder am Montag, dem 29.08.2016 (2. \u2013 4. Stunde) Bitte beachten Sie die neuen Unterrichts und Pausenzeiten! Unterrichts- und Pausenzeiten ab 2016\/17 &nbsp; Stunde &nbsp; Unterrichtszeit &nbsp; Pause &nbsp; 1 &nbsp; 7.55 Uhr&nbsp;&nbsp; &#8211;&nbsp;&nbsp; 8.40 Uhr &nbsp; &nbsp; 2 &nbsp; 8.40 Uhr&nbsp;&nbsp; &#8211;&nbsp;&nbsp; 9.25Uhr &nbsp; &hellip; <a href=\"https:\/\/grundschule-homberg.de\/wp\/?p=220567\" class=\"more-link\"><span class=\"screen-reader-text\">Sch\u00f6ne Sommerferien!<\/span> weiterlesen <span class=\"meta-nav\">&rarr;<\/span><\/a><\/p>\n","protected":false},"author":1,"featured_media":220569,"comment_status":"closed","ping_status":"closed","sticky":false,"template":"","format":"standard","meta":{"ngg_post_thumbnail":0,"_jetpack_memberships_contains_paid_content":false,"footnotes":""},"categories":[1],"tags":[],"class_list":["post-220567","post","type-post","status-publish","format-standard","has-post-thumbnail","hentry","category-allgemein"],"jetpack_featured_media_url":"https:\/\/i0.wp.com\/grundschule-homberg.de\/wp\/wp-content\/uploads\/2016\/07\/IMG-20160714-WA0002.jpg?fit=1599%2C899&ssl=1","jetpack_shortlink":"https:\/\/wp.me\/p3XuEZ-Vnx","jetpack-related-posts":[],"jetpack_sharing_enabled":true,"_links":{"self":[{"href":"https:\/\/grundschule-homberg.de\/wp\/index.php?rest_route=\/wp\/v2\/posts\/220567","targetHints":{"allow":["GET"]}}],"collection":[{"href":"https:\/\/grundschule-homberg.de\/wp\/index.php?rest_route=\/wp\/v2\/posts"}],"about":[{"href":"https:\/\/grundschule-homberg.de\/wp\/index.php?rest_route=\/wp\/v2\/types\/post"}],"author":[{"embeddable":true,"href":"https:\/\/grundschule-homberg.de\/wp\/index.php?rest_route=\/wp\/v2\/users\/1"}],"replies":[{"embeddable":true,"href":"https:\/\/grundschule-homberg.de\/wp\/index.php?rest_route=%2Fwp%2Fv2%2Fcomments&post=220567"}],"version-history":[{"count":8,"href":"https:\/\/grundschule-homberg.de\/wp\/index.php?rest_route=\/wp\/v2\/posts\/220567\/revisions"}],"predecessor-version":[{"id":222644,"href":"https:\/\/grundschule-homberg.de\/wp\/index.php?rest_route=\/wp\/v2\/posts\/220567\/revisions\/222644"}],"wp:featuredmedia":[{"embeddable":true,"href":"https:\/\/grundschule-homberg.de\/wp\/index.php?rest_route=\/wp\/v2\/media\/220569"}],"wp:attachment":[{"href":"https:\/\/grundschule-homberg.de\/wp\/index.php?rest_route=%2Fwp%2Fv2%2Fmedia&parent=220567"}],"wp:term":[{"taxonomy":"category","embeddable":true,"href":"https:\/\/grundschule-homberg.de\/wp\/index.php?rest_route=%2Fwp%2Fv2%2Fcategories&post=220567"},{"taxonomy":"post_tag","embeddable":true,"href":"https:\/\/grundschule-homberg.de\/wp\/index.php?rest_route=%2Fwp%2Fv2%2Ftags&post=220567"}],"curies":[{"name":"wp","href":"https:\/\/api.w.org\/{rel}","templated":true}]}}