{"id":220713,"date":"2016-09-10T13:59:30","date_gmt":"2016-09-10T11:59:30","guid":{"rendered":"http:\/\/grundschule-homberg.de\/wp\/?p=220713"},"modified":"2016-09-10T13:59:30","modified_gmt":"2016-09-10T11:59:30","slug":"einschulungsfeier-2016","status":"publish","type":"post","link":"https:\/\/grundschule-homberg.de\/wp\/?p=220713","title":{"rendered":"Einschulungsfeier 2016"},"content":{"rendered":"<p>Der aufregende Tag startete f\u00fcr unsere neuen Schulkinder um 9.30 Uhr mit einem \u00f6kumenischen Gottesdienst in der evangelischen Stadtkirche.<\/p>\n<p>Danach wurden die Erstkl\u00e4sslerinnen und Erstkl\u00e4ssler mit einer kleinen Feier auf dem festlich geschm\u00fcckten Schulhof in der Schule herzlich begr\u00fc\u00dft. Nach den Liedern des Schulchores \u201eIch will euch begr\u00fc\u00dfen\u201c und \u201eLasst uns miteinander\u201c und einer kurzen Ansprache der Schulleiterin trugen die Kinder des 2. Schuljahres ein Schul-ABC vor, bei dem sie den \u201eNeuen\u201c schon einmal verrieten, was in der Grundschule alles auf sie zukommt. Als n\u00e4chstes f\u00fchrten die Schulkinder ein \u201eSockenpuppentheater\u201c auf mit der bekannten Melodie \u201eMana-mana\u201c aus der Sesamstra\u00dfe.<\/p>\n<p>Nun ging es in die Klassen. Alle Kinder wurden aufgerufen und wurden durch ein Spalier, das die gro\u00dfen Schulkinder aus den 3. Klassen stellten, in ihre neuen Klassenr\u00e4ume geleitet.<\/p>\n<p>Die Eltern und G\u00e4ste konnten die Wartezeit bei Kaffee und Kuchen in der Aula \u00fcberbr\u00fccken.<\/p>\n<p>Es wurden 63 Kinder eingeschult:<\/p>\n<p>1a: 17 Kinder (Frau Ilka Bonacker)<\/p>\n<p>1b: 18 Kinder (Frau Cornelia Fr\u00f6mmel)<\/p>\n<p>1c: 18 Kinder (Frau Elisabeth Pfeffer)<\/p>\n<p>Vorklasse: 10 (Frau Elke Reichel)<br \/>\n<img data-recalc-dims=\"1\" loading=\"lazy\" decoding=\"async\" class=\"alignleft wp-image-220714 size-large\" src=\"https:\/\/i0.wp.com\/grundschule-homberg.de\/wp\/wp-content\/uploads\/2016\/09\/Sockenpuppentheater-1024x768.jpg?resize=604%2C453\" alt=\"sockenpuppentheater\" width=\"604\" height=\"453\" srcset=\"https:\/\/i0.wp.com\/grundschule-homberg.de\/wp\/wp-content\/uploads\/2016\/09\/Sockenpuppentheater.jpg?resize=1024%2C768&amp;ssl=1 1024w, https:\/\/i0.wp.com\/grundschule-homberg.de\/wp\/wp-content\/uploads\/2016\/09\/Sockenpuppentheater.jpg?resize=150%2C113&amp;ssl=1 150w, https:\/\/i0.wp.com\/grundschule-homberg.de\/wp\/wp-content\/uploads\/2016\/09\/Sockenpuppentheater.jpg?resize=300%2C225&amp;ssl=1 300w, https:\/\/i0.wp.com\/grundschule-homberg.de\/wp\/wp-content\/uploads\/2016\/09\/Sockenpuppentheater.jpg?resize=768%2C576&amp;ssl=1 768w, https:\/\/i0.wp.com\/grundschule-homberg.de\/wp\/wp-content\/uploads\/2016\/09\/Sockenpuppentheater.jpg?w=1632&amp;ssl=1 1632w, https:\/\/i0.wp.com\/grundschule-homberg.de\/wp\/wp-content\/uploads\/2016\/09\/Sockenpuppentheater.jpg?w=1208&amp;ssl=1 1208w\" sizes=\"auto, (max-width: 604px) 100vw, 604px\" \/><\/p>\n<p>&nbsp;<\/p>\n","protected":false},"excerpt":{"rendered":"<p>Der aufregende Tag startete f\u00fcr unsere neuen Schulkinder um 9.30 Uhr mit einem \u00f6kumenischen Gottesdienst in der evangelischen Stadtkirche. Danach wurden die Erstkl\u00e4sslerinnen und Erstkl\u00e4ssler mit einer kleinen Feier auf dem festlich geschm\u00fcckten Schulhof in der Schule herzlich begr\u00fc\u00dft. Nach den Liedern des Schulchores \u201eIch will euch begr\u00fc\u00dfen\u201c und \u201eLasst uns miteinander\u201c und einer kurzen &hellip; <a href=\"https:\/\/grundschule-homberg.de\/wp\/?p=220713\" class=\"more-link\"><span class=\"screen-reader-text\">Einschulungsfeier 2016<\/span> weiterlesen <span class=\"meta-nav\">&rarr;<\/span><\/a><\/p>\n","protected":false},"author":1,"featured_media":220714,"comment_status":"closed","ping_status":"closed","sticky":false,"template":"","format":"standard","meta":{"ngg_post_thumbnail":0,"_jetpack_memberships_contains_paid_content":false,"footnotes":""},"categories":[1,20],"tags":[],"class_list":["post-220713","post","type-post","status-publish","format-standard","has-post-thumbnail","hentry","category-allgemein","category-schulleben"],"jetpack_featured_media_url":"https:\/\/i0.wp.com\/grundschule-homberg.de\/wp\/wp-content\/uploads\/2016\/09\/Sockenpuppentheater.jpg?fit=1632%2C1224&ssl=1","jetpack_shortlink":"https:\/\/wp.me\/p3XuEZ-VpT","jetpack-related-posts":[],"jetpack_sharing_enabled":true,"_links":{"self":[{"href":"https:\/\/grundschule-homberg.de\/wp\/index.php?rest_route=\/wp\/v2\/posts\/220713","targetHints":{"allow":["GET"]}}],"collection":[{"href":"https:\/\/grundschule-homberg.de\/wp\/index.php?rest_route=\/wp\/v2\/posts"}],"about":[{"href":"https:\/\/grundschule-homberg.de\/wp\/index.php?rest_route=\/wp\/v2\/types\/post"}],"author":[{"embeddable":true,"href":"https:\/\/grundschule-homberg.de\/wp\/index.php?rest_route=\/wp\/v2\/users\/1"}],"replies":[{"embeddable":true,"href":"https:\/\/grundschule-homberg.de\/wp\/index.php?rest_route=%2Fwp%2Fv2%2Fcomments&post=220713"}],"version-history":[{"count":1,"href":"https:\/\/grundschule-homberg.de\/wp\/index.php?rest_route=\/wp\/v2\/posts\/220713\/revisions"}],"predecessor-version":[{"id":220715,"href":"https:\/\/grundschule-homberg.de\/wp\/index.php?rest_route=\/wp\/v2\/posts\/220713\/revisions\/220715"}],"wp:featuredmedia":[{"embeddable":true,"href":"https:\/\/grundschule-homberg.de\/wp\/index.php?rest_route=\/wp\/v2\/media\/220714"}],"wp:attachment":[{"href":"https:\/\/grundschule-homberg.de\/wp\/index.php?rest_route=%2Fwp%2Fv2%2Fmedia&parent=220713"}],"wp:term":[{"taxonomy":"category","embeddable":true,"href":"https:\/\/grundschule-homberg.de\/wp\/index.php?rest_route=%2Fwp%2Fv2%2Fcategories&post=220713"},{"taxonomy":"post_tag","embeddable":true,"href":"https:\/\/grundschule-homberg.de\/wp\/index.php?rest_route=%2Fwp%2Fv2%2Ftags&post=220713"}],"curies":[{"name":"wp","href":"https:\/\/api.w.org\/{rel}","templated":true}]}}