{"id":220730,"date":"2016-09-28T12:11:03","date_gmt":"2016-09-28T10:11:03","guid":{"rendered":"http:\/\/grundschule-homberg.de\/wp\/?p=220730"},"modified":"2016-09-28T12:11:03","modified_gmt":"2016-09-28T10:11:03","slug":"der-glasblaeser-kommt","status":"publish","type":"post","link":"https:\/\/grundschule-homberg.de\/wp\/?p=220730","title":{"rendered":"Der Glasbl\u00e4ser kommt"},"content":{"rendered":"<p>Am Dienstag, den 4.10.2016, besucht unsere Grundschule Glasbl\u00e4ser Sinne, der unseren Schulkindern eindrucksvoll sein Handwerk vorf\u00fchren wird.\u00a0 F\u00fcr den Eintritt zur Vorf\u00fchrung sammeln die Klassenlehrerinnen 1 \u20ac pro Kind ein.<\/p>\n<p>Zus\u00e4tzlich k\u00f6nnen <u>nach Schulschluss<\/u> am Verkaufsmobil des Glasbl\u00e4sers (Parkplatz vor der Grundschule) hochwertige, selbst hergestellte Artikel gekauft werden.<\/p>\n<p>Wenn daran Interesse besteht, d\u00fcrfen die Kinder Geld daf\u00fcr mitbringen. Eltern und Gro\u00dfeltern k\u00f6nnen selbstverst\u00e4ndlich auch pers\u00f6nlich vorbeischauen.<\/p>\n","protected":false},"excerpt":{"rendered":"<p>Am Dienstag, den 4.10.2016, besucht unsere Grundschule Glasbl\u00e4ser Sinne, der unseren Schulkindern eindrucksvoll sein Handwerk vorf\u00fchren wird.\u00a0 F\u00fcr den Eintritt zur Vorf\u00fchrung sammeln die Klassenlehrerinnen 1 \u20ac pro Kind ein. Zus\u00e4tzlich k\u00f6nnen nach Schulschluss am Verkaufsmobil des Glasbl\u00e4sers (Parkplatz vor der Grundschule) hochwertige, selbst hergestellte Artikel gekauft werden. Wenn daran Interesse besteht, d\u00fcrfen die Kinder &hellip; <a href=\"https:\/\/grundschule-homberg.de\/wp\/?p=220730\" class=\"more-link\"><span class=\"screen-reader-text\">Der Glasbl\u00e4ser kommt<\/span> weiterlesen <span class=\"meta-nav\">&rarr;<\/span><\/a><\/p>\n","protected":false},"author":1,"featured_media":4576,"comment_status":"closed","ping_status":"closed","sticky":false,"template":"","format":"standard","meta":{"ngg_post_thumbnail":0,"_jetpack_memberships_contains_paid_content":false,"footnotes":""},"categories":[1,20],"tags":[],"class_list":["post-220730","post","type-post","status-publish","format-standard","has-post-thumbnail","hentry","category-allgemein","category-schulleben"],"jetpack_featured_media_url":"https:\/\/i0.wp.com\/grundschule-homberg.de\/wp\/wp-content\/uploads\/gruschu-h1-e1498232700138.png?fit=185%2C163&ssl=1","jetpack_shortlink":"https:\/\/wp.me\/p3XuEZ-Vqa","jetpack-related-posts":[],"jetpack_sharing_enabled":true,"_links":{"self":[{"href":"https:\/\/grundschule-homberg.de\/wp\/index.php?rest_route=\/wp\/v2\/posts\/220730","targetHints":{"allow":["GET"]}}],"collection":[{"href":"https:\/\/grundschule-homberg.de\/wp\/index.php?rest_route=\/wp\/v2\/posts"}],"about":[{"href":"https:\/\/grundschule-homberg.de\/wp\/index.php?rest_route=\/wp\/v2\/types\/post"}],"author":[{"embeddable":true,"href":"https:\/\/grundschule-homberg.de\/wp\/index.php?rest_route=\/wp\/v2\/users\/1"}],"replies":[{"embeddable":true,"href":"https:\/\/grundschule-homberg.de\/wp\/index.php?rest_route=%2Fwp%2Fv2%2Fcomments&post=220730"}],"version-history":[{"count":1,"href":"https:\/\/grundschule-homberg.de\/wp\/index.php?rest_route=\/wp\/v2\/posts\/220730\/revisions"}],"predecessor-version":[{"id":220731,"href":"https:\/\/grundschule-homberg.de\/wp\/index.php?rest_route=\/wp\/v2\/posts\/220730\/revisions\/220731"}],"wp:featuredmedia":[{"embeddable":true,"href":"https:\/\/grundschule-homberg.de\/wp\/index.php?rest_route=\/wp\/v2\/media\/4576"}],"wp:attachment":[{"href":"https:\/\/grundschule-homberg.de\/wp\/index.php?rest_route=%2Fwp%2Fv2%2Fmedia&parent=220730"}],"wp:term":[{"taxonomy":"category","embeddable":true,"href":"https:\/\/grundschule-homberg.de\/wp\/index.php?rest_route=%2Fwp%2Fv2%2Fcategories&post=220730"},{"taxonomy":"post_tag","embeddable":true,"href":"https:\/\/grundschule-homberg.de\/wp\/index.php?rest_route=%2Fwp%2Fv2%2Ftags&post=220730"}],"curies":[{"name":"wp","href":"https:\/\/api.w.org\/{rel}","templated":true}]}}