{"id":220744,"date":"2016-10-05T18:06:18","date_gmt":"2016-10-05T16:06:18","guid":{"rendered":"http:\/\/grundschule-homberg.de\/wp\/?p=220744"},"modified":"2016-10-05T18:06:18","modified_gmt":"2016-10-05T16:06:18","slug":"ganz-schoen-helle-die-sicherheits-aktion-fuer-erstklaessler","status":"publish","type":"post","link":"https:\/\/grundschule-homberg.de\/wp\/?p=220744","title":{"rendered":"\u201eGanz sch\u00f6n helle\u201c \u2013 die Sicherheits-Aktion f\u00fcr Erstkl\u00e4ssler"},"content":{"rendered":"<div>\u00dcbergabe der ADAC-Sicherheitswesten an die Erstkl\u00e4ssler und Vorklasse der Homberger Grundschule<br \/>\nDer ADAC Ortsclub MSC OHMTAL e.V. Homberg (Ohm) unterst\u00fctzt die Sicherheitswesten-Aktion f\u00fcr Schulanf\u00e4nger und \u00fcberreicht am 30. September 2016<br \/>\n75 Sicherheitswesten an die Kinder \u2013 denn sie sind keine kleinen Erwachsenen aber unsere Zukunft.<\/p>\n<\/div>\n<div class=\"ead-preview\"><div class=\"ead-document\" style=\"position: relative;\"><div class=\"ead-iframe-wrapper\"><iframe src=\"\/\/docs.google.com\/viewer?url=http%3A%2F%2Fgrundschule-homberg.de%2Fwp%2Fwp-content%2Fuploads%2F2016%2F10%2FPressemitteilung-zur-%C3%9Cbergabe-von-Sicherheitswesten-an-Erstkl%C3%A4ssler.pdf&amp;embedded=true&amp;hl=en\" title=\"Eingebettetes Dokument\" class=\"ead-iframe\" style=\"width: 100%;height: 500px;border: none;visibility: hidden;\"><\/iframe><\/div>\t\t\t<div class=\"ead-document-loading\" style=\"width:100%;height:100%;position:absolute;left:0;top:0;z-index:10;\">\n\t\t\t\t<div class=\"ead-loading-wrap\">\n\t\t\t\t\t<div class=\"ead-loading-main\">\n\t\t\t\t\t\t<div class=\"ead-loading\">\n\t\t\t\t\t\t\t<img loading=\"lazy\" decoding=\"async\" src=\"https:\/\/grundschule-homberg.de\/wp\/wp-content\/plugins\/embed-any-document\/images\/loading.svg\" width=\"55\" height=\"55\" alt=\"Loader\">\n\t\t\t\t\t\t\t<span>Wird geladen\u00a0\u2026<\/span>\n\t\t\t\t\t\t<\/div>\n\t\t\t\t\t<\/div>\n\t\t\t\t\t<div class=\"ead-loading-foot\">\n\t\t\t\t\t\t<div class=\"ead-loading-foot-title\">\n\t\t\t\t\t\t\t<img loading=\"lazy\" decoding=\"async\" src=\"https:\/\/grundschule-homberg.de\/wp\/wp-content\/plugins\/embed-any-document\/images\/EAD-logo.svg\" alt=\"EAD-Logo\" width=\"36\" height=\"23\"\/>\n\t\t\t\t\t\t\t<span>Es dauert zu lange?<\/span>\n\t\t\t\t\t\t<\/div>\n\t\t\t\t\t\t<p>\n\t\t\t\t\t\t\t<div class=\"ead-document-btn ead-reload-btn\" role=\"button\">\n\t\t\t\t\t\t\t\t<img loading=\"lazy\" decoding=\"async\" src=\"https:\/\/grundschule-homberg.de\/wp\/wp-content\/plugins\/embed-any-document\/images\/reload.svg\" alt=\"Neu laden\" width=\"12\" height=\"12\"\/> Dokument neu laden\t\t\t\t\t\t\t<\/div>\n\t\t\t\t\t\t\t<span>|<\/span>\n\t\t\t\t\t\t\t<a href=\"http:\/\/grundschule-homberg.de\/wp\/wp-content\/uploads\/2016\/10\/Pressemitteilung-zur-\u00dcbergabe-von-Sicherheitswesten-an-Erstkl\u00e4ssler.pdf\" class=\"ead-document-btn\" target=\"_blank\">\n\t\t\t\t\t\t\t\t<img loading=\"lazy\" decoding=\"async\" src=\"https:\/\/grundschule-homberg.de\/wp\/wp-content\/plugins\/embed-any-document\/images\/open.svg\" alt=\"\u00d6ffnen\" width=\"12\" height=\"12\"\/> In neuem Tab \u00f6ffnen\t\t\t\t\t\t\t<\/a>\n\t\t\t\t\t<\/div>\n\t\t\t\t<\/div>\n\t\t\t<\/div>\n\t\t<\/div><p class=\"embed_download\"><a href=\"http:\/\/grundschule-homberg.de\/wp\/wp-content\/uploads\/2016\/10\/Pressemitteilung-zur-\u00dcbergabe-von-Sicherheitswesten-an-Erstkl\u00e4ssler.pdf\" download>Download [162.00 B] <\/a><\/p><\/div>\n<p>&nbsp;<\/p>\n","protected":false},"excerpt":{"rendered":"<p>\u00dcbergabe der ADAC-Sicherheitswesten an die Erstkl\u00e4ssler und Vorklasse der Homberger Grundschule Der ADAC Ortsclub MSC OHMTAL e.V. Homberg (Ohm) unterst\u00fctzt die Sicherheitswesten-Aktion f\u00fcr Schulanf\u00e4nger und \u00fcberreicht am 30. September 2016 75 Sicherheitswesten an die Kinder \u2013 denn sie sind keine kleinen Erwachsenen aber unsere Zukunft. &nbsp;<\/p>\n","protected":false},"author":1,"featured_media":220746,"comment_status":"closed","ping_status":"closed","sticky":false,"template":"","format":"standard","meta":{"ngg_post_thumbnail":0,"_jetpack_memberships_contains_paid_content":false,"footnotes":""},"categories":[1],"tags":[],"class_list":["post-220744","post","type-post","status-publish","format-standard","has-post-thumbnail","hentry","category-allgemein"],"jetpack_featured_media_url":"https:\/\/i0.wp.com\/grundschule-homberg.de\/wp\/wp-content\/uploads\/2016\/10\/k-img1.jpg?fit=1024%2C683&ssl=1","jetpack_shortlink":"https:\/\/wp.me\/p3XuEZ-Vqo","jetpack-related-posts":[],"jetpack_sharing_enabled":true,"_links":{"self":[{"href":"https:\/\/grundschule-homberg.de\/wp\/index.php?rest_route=\/wp\/v2\/posts\/220744","targetHints":{"allow":["GET"]}}],"collection":[{"href":"https:\/\/grundschule-homberg.de\/wp\/index.php?rest_route=\/wp\/v2\/posts"}],"about":[{"href":"https:\/\/grundschule-homberg.de\/wp\/index.php?rest_route=\/wp\/v2\/types\/post"}],"author":[{"embeddable":true,"href":"https:\/\/grundschule-homberg.de\/wp\/index.php?rest_route=\/wp\/v2\/users\/1"}],"replies":[{"embeddable":true,"href":"https:\/\/grundschule-homberg.de\/wp\/index.php?rest_route=%2Fwp%2Fv2%2Fcomments&post=220744"}],"version-history":[{"count":1,"href":"https:\/\/grundschule-homberg.de\/wp\/index.php?rest_route=\/wp\/v2\/posts\/220744\/revisions"}],"predecessor-version":[{"id":220747,"href":"https:\/\/grundschule-homberg.de\/wp\/index.php?rest_route=\/wp\/v2\/posts\/220744\/revisions\/220747"}],"wp:featuredmedia":[{"embeddable":true,"href":"https:\/\/grundschule-homberg.de\/wp\/index.php?rest_route=\/wp\/v2\/media\/220746"}],"wp:attachment":[{"href":"https:\/\/grundschule-homberg.de\/wp\/index.php?rest_route=%2Fwp%2Fv2%2Fmedia&parent=220744"}],"wp:term":[{"taxonomy":"category","embeddable":true,"href":"https:\/\/grundschule-homberg.de\/wp\/index.php?rest_route=%2Fwp%2Fv2%2Fcategories&post=220744"},{"taxonomy":"post_tag","embeddable":true,"href":"https:\/\/grundschule-homberg.de\/wp\/index.php?rest_route=%2Fwp%2Fv2%2Ftags&post=220744"}],"curies":[{"name":"wp","href":"https:\/\/api.w.org\/{rel}","templated":true}]}}