{"id":220764,"date":"2016-10-31T22:04:19","date_gmt":"2016-10-31T21:04:19","guid":{"rendered":"http:\/\/grundschule-homberg.de\/wp\/?p=220764"},"modified":"2016-10-31T22:04:19","modified_gmt":"2016-10-31T21:04:19","slug":"grundstufenklasse-der-foerderschule-an-der-grundschule-homberg","status":"publish","type":"post","link":"https:\/\/grundschule-homberg.de\/wp\/?p=220764","title":{"rendered":"Grundstufenklasse der F\u00f6rderschule an der Grundschule Homberg"},"content":{"rendered":"<p><span style=\"margin: 0px; font-family: 'Calibri',sans-serif; font-size: 11pt;\"><span style=\"color: #000000;\">Ab Montag, dem 31.10.16, ist der Umzug der Pestalozzi-F\u00f6rderschule an den Schulstandort Homberg vollzogen. Die Schulgemeinde der Grundschule hie\u00df die Kinder und die Lehr- und Betreuungskr\u00e4fte der F\u00f6rderschule herzlich willkommen wie eine Girlande und ein Plakat am Pavilloneingang verriet. Auf dem Schulhof sangen die Kinder der Klasse 1a mit Frau Bonacker ein Begr\u00fc\u00dfungslied in verschiedenen Sprachen.<br \/>\nSchulleiterin Sartorius w\u00fcnschte viel Freude und ein gutes Miteinander. Die anderen Klassen der F\u00f6rderschule sind in den R\u00e4umen der OTS untergebracht.<\/span><\/span><\/p>\n<p><a href=\"https:\/\/i0.wp.com\/grundschule-homberg.de\/wp\/wp-content\/uploads\/2016\/10\/k-IMG-20161031-WA0003.jpg\"><img data-recalc-dims=\"1\" loading=\"lazy\" decoding=\"async\" class=\"alignleft size-medium wp-image-220766\" src=\"https:\/\/i0.wp.com\/grundschule-homberg.de\/wp\/wp-content\/uploads\/2016\/10\/k-IMG-20161031-WA0003-300x225.jpg?resize=300%2C225\" alt=\"k-img-20161031-wa0003\" width=\"300\" height=\"225\" srcset=\"https:\/\/i0.wp.com\/grundschule-homberg.de\/wp\/wp-content\/uploads\/2016\/10\/k-IMG-20161031-WA0003.jpg?resize=300%2C225&amp;ssl=1 300w, https:\/\/i0.wp.com\/grundschule-homberg.de\/wp\/wp-content\/uploads\/2016\/10\/k-IMG-20161031-WA0003.jpg?resize=150%2C113&amp;ssl=1 150w, https:\/\/i0.wp.com\/grundschule-homberg.de\/wp\/wp-content\/uploads\/2016\/10\/k-IMG-20161031-WA0003.jpg?resize=768%2C576&amp;ssl=1 768w, https:\/\/i0.wp.com\/grundschule-homberg.de\/wp\/wp-content\/uploads\/2016\/10\/k-IMG-20161031-WA0003.jpg?w=1024&amp;ssl=1 1024w\" sizes=\"auto, (max-width: 300px) 100vw, 300px\" \/><\/a> <a href=\"https:\/\/i0.wp.com\/grundschule-homberg.de\/wp\/wp-content\/uploads\/2016\/10\/k-IMG-20161031-WA0011.jpg\"><img data-recalc-dims=\"1\" loading=\"lazy\" decoding=\"async\" class=\"alignleft size-medium wp-image-220767\" src=\"https:\/\/i0.wp.com\/grundschule-homberg.de\/wp\/wp-content\/uploads\/2016\/10\/k-IMG-20161031-WA0011-300x225.jpg?resize=300%2C225\" alt=\"k-img-20161031-wa0011\" width=\"300\" height=\"225\" srcset=\"https:\/\/i0.wp.com\/grundschule-homberg.de\/wp\/wp-content\/uploads\/2016\/10\/k-IMG-20161031-WA0011.jpg?resize=300%2C225&amp;ssl=1 300w, https:\/\/i0.wp.com\/grundschule-homberg.de\/wp\/wp-content\/uploads\/2016\/10\/k-IMG-20161031-WA0011.jpg?resize=150%2C113&amp;ssl=1 150w, https:\/\/i0.wp.com\/grundschule-homberg.de\/wp\/wp-content\/uploads\/2016\/10\/k-IMG-20161031-WA0011.jpg?resize=768%2C576&amp;ssl=1 768w, https:\/\/i0.wp.com\/grundschule-homberg.de\/wp\/wp-content\/uploads\/2016\/10\/k-IMG-20161031-WA0011.jpg?w=1024&amp;ssl=1 1024w\" sizes=\"auto, (max-width: 300px) 100vw, 300px\" \/><\/a> <a href=\"https:\/\/i0.wp.com\/grundschule-homberg.de\/wp\/wp-content\/uploads\/2016\/10\/k-IMG-20161031-WA0012.jpg\"><img data-recalc-dims=\"1\" loading=\"lazy\" decoding=\"async\" class=\"alignleft size-medium wp-image-220768\" src=\"https:\/\/i0.wp.com\/grundschule-homberg.de\/wp\/wp-content\/uploads\/2016\/10\/k-IMG-20161031-WA0012-300x225.jpg?resize=300%2C225\" alt=\"k-img-20161031-wa0012\" width=\"300\" height=\"225\" srcset=\"https:\/\/i0.wp.com\/grundschule-homberg.de\/wp\/wp-content\/uploads\/2016\/10\/k-IMG-20161031-WA0012.jpg?resize=300%2C225&amp;ssl=1 300w, https:\/\/i0.wp.com\/grundschule-homberg.de\/wp\/wp-content\/uploads\/2016\/10\/k-IMG-20161031-WA0012.jpg?resize=150%2C113&amp;ssl=1 150w, https:\/\/i0.wp.com\/grundschule-homberg.de\/wp\/wp-content\/uploads\/2016\/10\/k-IMG-20161031-WA0012.jpg?resize=768%2C576&amp;ssl=1 768w, https:\/\/i0.wp.com\/grundschule-homberg.de\/wp\/wp-content\/uploads\/2016\/10\/k-IMG-20161031-WA0012.jpg?w=1024&amp;ssl=1 1024w\" sizes=\"auto, (max-width: 300px) 100vw, 300px\" \/><\/a> <a href=\"https:\/\/i0.wp.com\/grundschule-homberg.de\/wp\/wp-content\/uploads\/2016\/10\/k-IMG-20161031-WA0015.jpg\"><img data-recalc-dims=\"1\" loading=\"lazy\" decoding=\"async\" class=\"alignleft size-medium wp-image-220769\" src=\"https:\/\/i0.wp.com\/grundschule-homberg.de\/wp\/wp-content\/uploads\/2016\/10\/k-IMG-20161031-WA0015-300x225.jpg?resize=300%2C225\" alt=\"k-img-20161031-wa0015\" width=\"300\" height=\"225\" srcset=\"https:\/\/i0.wp.com\/grundschule-homberg.de\/wp\/wp-content\/uploads\/2016\/10\/k-IMG-20161031-WA0015.jpg?resize=300%2C225&amp;ssl=1 300w, https:\/\/i0.wp.com\/grundschule-homberg.de\/wp\/wp-content\/uploads\/2016\/10\/k-IMG-20161031-WA0015.jpg?resize=150%2C113&amp;ssl=1 150w, https:\/\/i0.wp.com\/grundschule-homberg.de\/wp\/wp-content\/uploads\/2016\/10\/k-IMG-20161031-WA0015.jpg?resize=768%2C576&amp;ssl=1 768w, https:\/\/i0.wp.com\/grundschule-homberg.de\/wp\/wp-content\/uploads\/2016\/10\/k-IMG-20161031-WA0015.jpg?w=1024&amp;ssl=1 1024w\" sizes=\"auto, (max-width: 300px) 100vw, 300px\" \/><br \/>\n<\/a><\/p>\n","protected":false},"excerpt":{"rendered":"<p>Ab Montag, dem 31.10.16, ist der Umzug der Pestalozzi-F\u00f6rderschule an den Schulstandort Homberg vollzogen. Die Schulgemeinde der Grundschule hie\u00df die Kinder und die Lehr- und Betreuungskr\u00e4fte der F\u00f6rderschule herzlich willkommen wie eine Girlande und ein Plakat am Pavilloneingang verriet. Auf dem Schulhof sangen die Kinder der Klasse 1a mit Frau Bonacker ein Begr\u00fc\u00dfungslied in verschiedenen &hellip; <a href=\"https:\/\/grundschule-homberg.de\/wp\/?p=220764\" class=\"more-link\"><span class=\"screen-reader-text\">Grundstufenklasse der F\u00f6rderschule an der Grundschule Homberg<\/span> weiterlesen <span class=\"meta-nav\">&rarr;<\/span><\/a><\/p>\n","protected":false},"author":1,"featured_media":220767,"comment_status":"closed","ping_status":"closed","sticky":false,"template":"","format":"standard","meta":{"ngg_post_thumbnail":0,"_jetpack_memberships_contains_paid_content":false,"footnotes":""},"categories":[1,20],"tags":[],"class_list":["post-220764","post","type-post","status-publish","format-standard","has-post-thumbnail","hentry","category-allgemein","category-schulleben"],"jetpack_featured_media_url":"https:\/\/i0.wp.com\/grundschule-homberg.de\/wp\/wp-content\/uploads\/2016\/10\/k-IMG-20161031-WA0011.jpg?fit=1024%2C768&ssl=1","jetpack_shortlink":"https:\/\/wp.me\/p3XuEZ-VqI","jetpack-related-posts":[],"jetpack_sharing_enabled":true,"_links":{"self":[{"href":"https:\/\/grundschule-homberg.de\/wp\/index.php?rest_route=\/wp\/v2\/posts\/220764","targetHints":{"allow":["GET"]}}],"collection":[{"href":"https:\/\/grundschule-homberg.de\/wp\/index.php?rest_route=\/wp\/v2\/posts"}],"about":[{"href":"https:\/\/grundschule-homberg.de\/wp\/index.php?rest_route=\/wp\/v2\/types\/post"}],"author":[{"embeddable":true,"href":"https:\/\/grundschule-homberg.de\/wp\/index.php?rest_route=\/wp\/v2\/users\/1"}],"replies":[{"embeddable":true,"href":"https:\/\/grundschule-homberg.de\/wp\/index.php?rest_route=%2Fwp%2Fv2%2Fcomments&post=220764"}],"version-history":[{"count":1,"href":"https:\/\/grundschule-homberg.de\/wp\/index.php?rest_route=\/wp\/v2\/posts\/220764\/revisions"}],"predecessor-version":[{"id":220770,"href":"https:\/\/grundschule-homberg.de\/wp\/index.php?rest_route=\/wp\/v2\/posts\/220764\/revisions\/220770"}],"wp:featuredmedia":[{"embeddable":true,"href":"https:\/\/grundschule-homberg.de\/wp\/index.php?rest_route=\/wp\/v2\/media\/220767"}],"wp:attachment":[{"href":"https:\/\/grundschule-homberg.de\/wp\/index.php?rest_route=%2Fwp%2Fv2%2Fmedia&parent=220764"}],"wp:term":[{"taxonomy":"category","embeddable":true,"href":"https:\/\/grundschule-homberg.de\/wp\/index.php?rest_route=%2Fwp%2Fv2%2Fcategories&post=220764"},{"taxonomy":"post_tag","embeddable":true,"href":"https:\/\/grundschule-homberg.de\/wp\/index.php?rest_route=%2Fwp%2Fv2%2Ftags&post=220764"}],"curies":[{"name":"wp","href":"https:\/\/api.w.org\/{rel}","templated":true}]}}