{"id":220782,"date":"2016-11-18T21:12:49","date_gmt":"2016-11-18T20:12:49","guid":{"rendered":"http:\/\/grundschule-homberg.de\/wp\/?p=220782"},"modified":"2016-11-18T21:12:49","modified_gmt":"2016-11-18T20:12:49","slug":"lesepatenprojekt-der-grund-und-ohmtalschule-gestartet","status":"publish","type":"post","link":"https:\/\/grundschule-homberg.de\/wp\/?p=220782","title":{"rendered":"Lesepatenprojekt der Grund- und Ohmtalschule gestartet!"},"content":{"rendered":"<p><strong>\u201eLesen verbindet\u201c<\/strong><\/p>\n<p>Die Sch\u00fclerinnen und Sch\u00fcler der 8. Klassen der Ohmtalschule lesen den Erstkl\u00e4sslern der Grundschule vor. Einmal in der Woche holen die Gro\u00dfen die Kinder aus den drei ersten Klassen ab und st\u00f6bern gemeinsam in der Bibliothek. In gem\u00fctlicher Atmosph\u00e4re lesen die Lesepaten spannende und lustige Geschichten und Bilderb\u00fccher vor \u2013 so auch am bundesweiten Vorlesetag am 18.11.16. Stolz werden die Schulanf\u00e4nger sein, wenn sie im Laufe des Schuljahres&nbsp; den Gro\u00dfen vorlesen k\u00f6nnen.<\/p>\n<p><a href=\"https:\/\/i0.wp.com\/grundschule-homberg.de\/wp\/wp-content\/uploads\/2016\/11\/k-IMG-20161118-WA0002.jpg\"><img data-recalc-dims=\"1\" loading=\"lazy\" decoding=\"async\" width=\"300\" height=\"169\" class=\"alignleft size-medium wp-image-220783\" alt=\"k-img-20161118-wa0002\" src=\"https:\/\/i0.wp.com\/grundschule-homberg.de\/wp\/wp-content\/uploads\/2016\/11\/k-IMG-20161118-WA0002-300x169.jpg?resize=300%2C169\" srcset=\"https:\/\/i0.wp.com\/grundschule-homberg.de\/wp\/wp-content\/uploads\/2016\/11\/k-IMG-20161118-WA0002.jpg?resize=300%2C169&amp;ssl=1 300w, https:\/\/i0.wp.com\/grundschule-homberg.de\/wp\/wp-content\/uploads\/2016\/11\/k-IMG-20161118-WA0002.jpg?resize=150%2C84&amp;ssl=1 150w, https:\/\/i0.wp.com\/grundschule-homberg.de\/wp\/wp-content\/uploads\/2016\/11\/k-IMG-20161118-WA0002.jpg?resize=768%2C432&amp;ssl=1 768w, https:\/\/i0.wp.com\/grundschule-homberg.de\/wp\/wp-content\/uploads\/2016\/11\/k-IMG-20161118-WA0002.jpg?w=1024&amp;ssl=1 1024w\" sizes=\"auto, (max-width: 300px) 100vw, 300px\" \/><\/a> <a href=\"https:\/\/i0.wp.com\/grundschule-homberg.de\/wp\/wp-content\/uploads\/2016\/11\/k-IMG-20161118-WA0003.jpg\"><img data-recalc-dims=\"1\" loading=\"lazy\" decoding=\"async\" width=\"300\" height=\"169\" class=\"alignleft size-medium wp-image-220784\" alt=\"k-img-20161118-wa0003\" src=\"https:\/\/i0.wp.com\/grundschule-homberg.de\/wp\/wp-content\/uploads\/2016\/11\/k-IMG-20161118-WA0003-300x169.jpg?resize=300%2C169\" srcset=\"https:\/\/i0.wp.com\/grundschule-homberg.de\/wp\/wp-content\/uploads\/2016\/11\/k-IMG-20161118-WA0003.jpg?resize=300%2C169&amp;ssl=1 300w, https:\/\/i0.wp.com\/grundschule-homberg.de\/wp\/wp-content\/uploads\/2016\/11\/k-IMG-20161118-WA0003.jpg?resize=150%2C84&amp;ssl=1 150w, https:\/\/i0.wp.com\/grundschule-homberg.de\/wp\/wp-content\/uploads\/2016\/11\/k-IMG-20161118-WA0003.jpg?resize=768%2C432&amp;ssl=1 768w, https:\/\/i0.wp.com\/grundschule-homberg.de\/wp\/wp-content\/uploads\/2016\/11\/k-IMG-20161118-WA0003.jpg?w=1024&amp;ssl=1 1024w\" sizes=\"auto, (max-width: 300px) 100vw, 300px\" \/><\/a> <a href=\"https:\/\/i0.wp.com\/grundschule-homberg.de\/wp\/wp-content\/uploads\/2016\/11\/k-IMG-20161118-WA0004.jpg\"><img data-recalc-dims=\"1\" loading=\"lazy\" decoding=\"async\" width=\"300\" height=\"169\" class=\"alignleft size-medium wp-image-220785\" alt=\"k-img-20161118-wa0004\" src=\"https:\/\/i0.wp.com\/grundschule-homberg.de\/wp\/wp-content\/uploads\/2016\/11\/k-IMG-20161118-WA0004-300x169.jpg?resize=300%2C169\" srcset=\"https:\/\/i0.wp.com\/grundschule-homberg.de\/wp\/wp-content\/uploads\/2016\/11\/k-IMG-20161118-WA0004.jpg?resize=300%2C169&amp;ssl=1 300w, https:\/\/i0.wp.com\/grundschule-homberg.de\/wp\/wp-content\/uploads\/2016\/11\/k-IMG-20161118-WA0004.jpg?resize=150%2C84&amp;ssl=1 150w, https:\/\/i0.wp.com\/grundschule-homberg.de\/wp\/wp-content\/uploads\/2016\/11\/k-IMG-20161118-WA0004.jpg?resize=768%2C432&amp;ssl=1 768w, https:\/\/i0.wp.com\/grundschule-homberg.de\/wp\/wp-content\/uploads\/2016\/11\/k-IMG-20161118-WA0004.jpg?w=1024&amp;ssl=1 1024w\" sizes=\"auto, (max-width: 300px) 100vw, 300px\" \/><\/a> <a href=\"https:\/\/i0.wp.com\/grundschule-homberg.de\/wp\/wp-content\/uploads\/2016\/11\/k-IMG-20161118-WA0005.jpg\"><img data-recalc-dims=\"1\" loading=\"lazy\" decoding=\"async\" width=\"300\" height=\"169\" class=\"alignleft size-medium wp-image-220786\" alt=\"k-img-20161118-wa0005\" src=\"https:\/\/i0.wp.com\/grundschule-homberg.de\/wp\/wp-content\/uploads\/2016\/11\/k-IMG-20161118-WA0005-300x169.jpg?resize=300%2C169\" srcset=\"https:\/\/i0.wp.com\/grundschule-homberg.de\/wp\/wp-content\/uploads\/2016\/11\/k-IMG-20161118-WA0005.jpg?resize=300%2C169&amp;ssl=1 300w, https:\/\/i0.wp.com\/grundschule-homberg.de\/wp\/wp-content\/uploads\/2016\/11\/k-IMG-20161118-WA0005.jpg?resize=150%2C84&amp;ssl=1 150w, https:\/\/i0.wp.com\/grundschule-homberg.de\/wp\/wp-content\/uploads\/2016\/11\/k-IMG-20161118-WA0005.jpg?resize=768%2C432&amp;ssl=1 768w, https:\/\/i0.wp.com\/grundschule-homberg.de\/wp\/wp-content\/uploads\/2016\/11\/k-IMG-20161118-WA0005.jpg?w=1024&amp;ssl=1 1024w\" sizes=\"auto, (max-width: 300px) 100vw, 300px\" \/><\/a> <a href=\"https:\/\/i0.wp.com\/grundschule-homberg.de\/wp\/wp-content\/uploads\/2016\/11\/k-IMG-20161118-WA0006.jpg\"><img data-recalc-dims=\"1\" loading=\"lazy\" decoding=\"async\" width=\"300\" height=\"169\" class=\"alignleft size-medium wp-image-220787\" alt=\"k-img-20161118-wa0006\" src=\"https:\/\/i0.wp.com\/grundschule-homberg.de\/wp\/wp-content\/uploads\/2016\/11\/k-IMG-20161118-WA0006-300x169.jpg?resize=300%2C169\" srcset=\"https:\/\/i0.wp.com\/grundschule-homberg.de\/wp\/wp-content\/uploads\/2016\/11\/k-IMG-20161118-WA0006.jpg?resize=300%2C169&amp;ssl=1 300w, https:\/\/i0.wp.com\/grundschule-homberg.de\/wp\/wp-content\/uploads\/2016\/11\/k-IMG-20161118-WA0006.jpg?resize=150%2C84&amp;ssl=1 150w, https:\/\/i0.wp.com\/grundschule-homberg.de\/wp\/wp-content\/uploads\/2016\/11\/k-IMG-20161118-WA0006.jpg?resize=768%2C432&amp;ssl=1 768w, https:\/\/i0.wp.com\/grundschule-homberg.de\/wp\/wp-content\/uploads\/2016\/11\/k-IMG-20161118-WA0006.jpg?w=1024&amp;ssl=1 1024w\" sizes=\"auto, (max-width: 300px) 100vw, 300px\" \/><br \/>\n<\/a><\/p>\n","protected":false},"excerpt":{"rendered":"<p>\u201eLesen verbindet\u201c Die Sch\u00fclerinnen und Sch\u00fcler der 8. Klassen der Ohmtalschule lesen den Erstkl\u00e4sslern der Grundschule vor. Einmal in der Woche holen die Gro\u00dfen die Kinder aus den drei ersten Klassen ab und st\u00f6bern gemeinsam in der Bibliothek. In gem\u00fctlicher Atmosph\u00e4re lesen die Lesepaten spannende und lustige Geschichten und Bilderb\u00fccher vor \u2013 so auch am &hellip; <a href=\"https:\/\/grundschule-homberg.de\/wp\/?p=220782\" class=\"more-link\"><span class=\"screen-reader-text\">Lesepatenprojekt der Grund- und Ohmtalschule gestartet!<\/span> weiterlesen <span class=\"meta-nav\">&rarr;<\/span><\/a><\/p>\n","protected":false},"author":1,"featured_media":220783,"comment_status":"closed","ping_status":"closed","sticky":false,"template":"","format":"standard","meta":{"ngg_post_thumbnail":0,"_jetpack_memberships_contains_paid_content":false,"footnotes":""},"categories":[1,24],"tags":[],"class_list":["post-220782","post","type-post","status-publish","format-standard","has-post-thumbnail","hentry","category-allgemein","category-projekte"],"jetpack_featured_media_url":"https:\/\/i0.wp.com\/grundschule-homberg.de\/wp\/wp-content\/uploads\/2016\/11\/k-IMG-20161118-WA0002.jpg?fit=1024%2C576&ssl=1","jetpack_shortlink":"https:\/\/wp.me\/p3XuEZ-Vr0","jetpack-related-posts":[],"jetpack_sharing_enabled":true,"_links":{"self":[{"href":"https:\/\/grundschule-homberg.de\/wp\/index.php?rest_route=\/wp\/v2\/posts\/220782","targetHints":{"allow":["GET"]}}],"collection":[{"href":"https:\/\/grundschule-homberg.de\/wp\/index.php?rest_route=\/wp\/v2\/posts"}],"about":[{"href":"https:\/\/grundschule-homberg.de\/wp\/index.php?rest_route=\/wp\/v2\/types\/post"}],"author":[{"embeddable":true,"href":"https:\/\/grundschule-homberg.de\/wp\/index.php?rest_route=\/wp\/v2\/users\/1"}],"replies":[{"embeddable":true,"href":"https:\/\/grundschule-homberg.de\/wp\/index.php?rest_route=%2Fwp%2Fv2%2Fcomments&post=220782"}],"version-history":[{"count":1,"href":"https:\/\/grundschule-homberg.de\/wp\/index.php?rest_route=\/wp\/v2\/posts\/220782\/revisions"}],"predecessor-version":[{"id":220788,"href":"https:\/\/grundschule-homberg.de\/wp\/index.php?rest_route=\/wp\/v2\/posts\/220782\/revisions\/220788"}],"wp:featuredmedia":[{"embeddable":true,"href":"https:\/\/grundschule-homberg.de\/wp\/index.php?rest_route=\/wp\/v2\/media\/220783"}],"wp:attachment":[{"href":"https:\/\/grundschule-homberg.de\/wp\/index.php?rest_route=%2Fwp%2Fv2%2Fmedia&parent=220782"}],"wp:term":[{"taxonomy":"category","embeddable":true,"href":"https:\/\/grundschule-homberg.de\/wp\/index.php?rest_route=%2Fwp%2Fv2%2Fcategories&post=220782"},{"taxonomy":"post_tag","embeddable":true,"href":"https:\/\/grundschule-homberg.de\/wp\/index.php?rest_route=%2Fwp%2Fv2%2Ftags&post=220782"}],"curies":[{"name":"wp","href":"https:\/\/api.w.org\/{rel}","templated":true}]}}