{"id":220994,"date":"2017-03-21T21:23:58","date_gmt":"2017-03-21T20:23:58","guid":{"rendered":"http:\/\/grundschule-homberg.de\/wp\/?p=220994"},"modified":"2020-03-17T12:09:35","modified_gmt":"2020-03-17T11:09:35","slug":"natur-ag-sammelt-muell","status":"publish","type":"post","link":"https:\/\/grundschule-homberg.de\/wp\/?p=220994","title":{"rendered":"Natur- AG sammelt M\u00fcll"},"content":{"rendered":"<p>An den ersten sonnigen Fr\u00fchlingstagen gehen besonders viele Menschen nach drau\u00dfen und erfreuen sich an der erwachenden Natur. Aber durch das noch kurze Gras f\u00e4llt auch der viele M\u00fcll besonders auf, der \u00fcberall herumliegt. Wie kommt der blo\u00df dahin?<\/p>\n<p>Das fragten sich auch die Kinder der Natur-AG, als sie beim Erkunden unseres schuleigenen Gel\u00e4ndes jede Menge Plastik und M\u00fcll fanden. Kurzerhand wurde der Plan gefasst und aufger\u00e4umt.<\/p>\n<p>Diese Menge fanden die Kinder allein in dem kleinen Geb\u00fcschstreifen hinter unserer Turnhalle. Wer hat da blo\u00df seinen PVC- Bodenbelag entsorgt?<\/p>\n<p>Brigitte Biedenkapp (AG- Leiterin)<\/p>\n<p><a href=\"https:\/\/i0.wp.com\/grundschule-homberg.de\/wp\/wp-content\/uploads\/2017\/03\/k-PICT2330.jpg\" target=\"_blank\" rel=\"noopener noreferrer\"><img data-recalc-dims=\"1\" loading=\"lazy\" decoding=\"async\" width=\"604\" height=\"341\" class=\"alignleft wp-image-220997 size-large\" alt=\"\" src=\"https:\/\/i0.wp.com\/grundschule-homberg.de\/wp\/wp-content\/uploads\/2017\/03\/k-PICT2330-1024x578.jpg?resize=604%2C341\" srcset=\"https:\/\/i0.wp.com\/grundschule-homberg.de\/wp\/wp-content\/uploads\/2017\/03\/k-PICT2330.jpg?w=1024&amp;ssl=1 1024w, https:\/\/i0.wp.com\/grundschule-homberg.de\/wp\/wp-content\/uploads\/2017\/03\/k-PICT2330.jpg?resize=150%2C85&amp;ssl=1 150w, https:\/\/i0.wp.com\/grundschule-homberg.de\/wp\/wp-content\/uploads\/2017\/03\/k-PICT2330.jpg?resize=300%2C169&amp;ssl=1 300w, https:\/\/i0.wp.com\/grundschule-homberg.de\/wp\/wp-content\/uploads\/2017\/03\/k-PICT2330.jpg?resize=768%2C434&amp;ssl=1 768w\" sizes=\"auto, (max-width: 604px) 100vw, 604px\" \/><\/a><\/p>\n","protected":false},"excerpt":{"rendered":"<p>An den ersten sonnigen Fr\u00fchlingstagen gehen besonders viele Menschen nach drau\u00dfen und erfreuen sich an der erwachenden Natur. Aber durch das noch kurze Gras f\u00e4llt auch der viele M\u00fcll besonders auf, der \u00fcberall herumliegt. Wie kommt der blo\u00df dahin? Das fragten sich auch die Kinder der Natur-AG, als sie beim Erkunden unseres schuleigenen Gel\u00e4ndes jede &hellip; <a href=\"https:\/\/grundschule-homberg.de\/wp\/?p=220994\" class=\"more-link\"><span class=\"screen-reader-text\">Natur- AG sammelt M\u00fcll<\/span> weiterlesen <span class=\"meta-nav\">&rarr;<\/span><\/a><\/p>\n","protected":false},"author":1,"featured_media":220997,"comment_status":"closed","ping_status":"closed","sticky":false,"template":"","format":"standard","meta":{"ngg_post_thumbnail":0,"_jetpack_memberships_contains_paid_content":false,"footnotes":""},"categories":[25],"tags":[],"class_list":["post-220994","post","type-post","status-publish","format-standard","has-post-thumbnail","hentry","category-ags"],"jetpack_featured_media_url":"https:\/\/i0.wp.com\/grundschule-homberg.de\/wp\/wp-content\/uploads\/2017\/03\/k-PICT2330.jpg?fit=1024%2C578&ssl=1","jetpack_shortlink":"https:\/\/wp.me\/p3XuEZ-Vuq","jetpack-related-posts":[],"jetpack_sharing_enabled":true,"_links":{"self":[{"href":"https:\/\/grundschule-homberg.de\/wp\/index.php?rest_route=\/wp\/v2\/posts\/220994","targetHints":{"allow":["GET"]}}],"collection":[{"href":"https:\/\/grundschule-homberg.de\/wp\/index.php?rest_route=\/wp\/v2\/posts"}],"about":[{"href":"https:\/\/grundschule-homberg.de\/wp\/index.php?rest_route=\/wp\/v2\/types\/post"}],"author":[{"embeddable":true,"href":"https:\/\/grundschule-homberg.de\/wp\/index.php?rest_route=\/wp\/v2\/users\/1"}],"replies":[{"embeddable":true,"href":"https:\/\/grundschule-homberg.de\/wp\/index.php?rest_route=%2Fwp%2Fv2%2Fcomments&post=220994"}],"version-history":[{"count":3,"href":"https:\/\/grundschule-homberg.de\/wp\/index.php?rest_route=\/wp\/v2\/posts\/220994\/revisions"}],"predecessor-version":[{"id":222651,"href":"https:\/\/grundschule-homberg.de\/wp\/index.php?rest_route=\/wp\/v2\/posts\/220994\/revisions\/222651"}],"wp:featuredmedia":[{"embeddable":true,"href":"https:\/\/grundschule-homberg.de\/wp\/index.php?rest_route=\/wp\/v2\/media\/220997"}],"wp:attachment":[{"href":"https:\/\/grundschule-homberg.de\/wp\/index.php?rest_route=%2Fwp%2Fv2%2Fmedia&parent=220994"}],"wp:term":[{"taxonomy":"category","embeddable":true,"href":"https:\/\/grundschule-homberg.de\/wp\/index.php?rest_route=%2Fwp%2Fv2%2Fcategories&post=220994"},{"taxonomy":"post_tag","embeddable":true,"href":"https:\/\/grundschule-homberg.de\/wp\/index.php?rest_route=%2Fwp%2Fv2%2Ftags&post=220994"}],"curies":[{"name":"wp","href":"https:\/\/api.w.org\/{rel}","templated":true}]}}